{"id":51870,"date":"2021-10-24T01:26:25","date_gmt":"2021-10-23T21:26:25","guid":{"rendered":"https:\/\/fedai.az\/?p=51870"},"modified":"2021-10-24T01:26:28","modified_gmt":"2021-10-23T21:26:28","slug":"turkiy%c9%99-qarabaga-1000-ton-yuk-gond%c9%99rdi","status":"publish","type":"post","link":"https:\/\/fedai.az\/?p=51870","title":{"rendered":"T\u00fcrkiy\u0259 Qaraba\u011fa 1000 ton y\u00fck g\u00f6nd\u0259rdi"},"content":{"rendered":"\n<p><strong>T\u00fcrkiy\u0259nin \u015fimal-q\u0259rbind\u0259 yerl\u0259\u015f\u0259n Tekirda\u011f vilay\u0259tind\u0259 f\u0259aliyy\u0259t g\u00f6st\u0259r\u0259n &#171;Ekmen Tar\u0131m\u201d \u015firk\u0259ti Az\u0259rbaycan\u0131n erm\u0259ni i\u015f\u011fal\u0131ndan azad edilmi\u015f \u0259razil\u0259rind\u0259 s\u0259pm\u0259k \u00fc\u00e7\u00fcn \u00f6lk\u0259miz\u0259 min ton se\u00e7ilmi\u015f toxum g\u00f6nd\u0259rib. \u00a0Bu bar\u0259d\u0259 m\u0259lumat\u0131 &#171;Anadolu\u201d agentliyi yay\u0131b.<\/strong><\/p>\n\n\n\n<p>Ekmen Tar\u0131m agentliy\u0259 bildirib ki, Az\u0259rbaycan\u0131n g\u00fcn \u0259rzind\u0259 ehtiyac\u0131 olan toxumlar\u0131n bir hiss\u0259sini \u015firk\u0259t \u00f6z\u00fc istehsal edib, bir hiss\u0259sini is\u0259 Tekirda\u011f, \u018fdirn\u0259 v\u0259 K\u0131rklareli vilay\u0259tl\u0259rind\u0259ki fermerl\u0259rd\u0259n al\u0131b. \u00a0D\u0259mir yolu il\u0259 Az\u0259rbaycana 600 ton bu\u011fda toxumu, 300 ton arpa toxumu, 50 ton yulaf toxumu v\u0259 50 ton yemlik noxud toxumu g\u00f6nd\u0259rilib. \u00a0\u015eirk\u0259tin r\u0259hb\u0259ri \u0130rfan Ekmen, &#171;Ekmen Tar\u0131m\u201d\u0131n 11 ildir toxum istehsal etdiyini s\u00f6yl\u0259yib. \u00a0Onun s\u00f6zl\u0259rin\u0259 g\u00f6r\u0259, Az\u0259rbaycana g\u00f6nd\u0259ril\u0259n toxum sortlar\u0131 Erm\u0259nistan Silahl\u0131 Q\u00fcvv\u0259l\u0259rinin i\u015f\u011fal\u0131ndan azad edil\u0259n b\u00fct\u00fcn \u0259razil\u0259rin torpaq v\u0259 iqlim meyarlar\u0131na cavab verir.<\/p>\n\n\n\n<p> \u00a0&#171;Son 4-5 ild\u0259 Az\u0259rbaycanda d\u0259f\u0259l\u0259rl\u0259 olmu\u015fam, qarda\u015f \u00f6lk\u0259nin bir \u00e7ox b\u00f6lg\u0259l\u0259rini tan\u0131y\u0131ram. Az\u0259rbaycana ixrac edil\u0259n toxumlar\u0131n b\u00fct\u00fcn sortlar\u0131 i\u015f\u011faldan azad edilmi\u015f torpaqlar\u0131n t\u0259l\u0259bl\u0259rin\u0259 cavab verir. Az\u0259rbaycan\u0131n Qaraba\u011f v\u0259 \u015e\u0259rqi Z\u0259ng\u0259zur iqtisadi rayonlar\u0131n\u0131n aqrar i\u015f\u00e7il\u0259ri m\u00fcasir \u00fcsul v\u0259 texnologiyalar \u0259sas\u0131nda i\u015fl\u0259rini davam etdirirl\u0259r\u201d, &#8212; dey\u0259 Ekmen bildirib. <\/p>\n\n\n\n<p>\u00a0O, h\u0259m\u00e7inin \u0259lav\u0259 edib ki, toxumlar\u0131n ixrac\u0131 Az\u0259rbaycan hakimiyy\u0259tinin i\u015f\u011faldan azad edilmi\u015f \u0259razil\u0259rd\u0259 h\u0259yata ke\u00e7irdiyi &#171;a\u011f\u0131ll\u0131 k\u0259nd\u201d layih\u0259si \u00e7\u0259r\u00e7iv\u0259sind\u0259 h\u0259yata ke\u00e7irilib. <\/p>\n\n\n\n<p>\u00a0&#171;M\u0259n f\u0259xr edir\u0259m ki, Az\u0259rbaycan\u0131n i\u015f\u011faldan azad edilmi\u015f minl\u0259rl\u0259 hektar torpaqlar\u0131nda ilk tingl\u0259r t\u00fcrk aqrarlar\u0131n\u0131n g\u00f6nd\u0259rdiyi toxumlar\u0131 ver\u0259c\u0259k&#187;, -dey\u0259 Ekmen vur\u011fulay\u0131b.<\/p>\n","protected":false},"excerpt":{"rendered":"<p>T\u00fcrkiy\u0259nin \u015fimal-q\u0259rbind\u0259 yerl\u0259\u015f\u0259n Tekirda\u011f vilay\u0259tind\u0259 f\u0259aliyy\u0259t g\u00f6st\u0259r\u0259n &#171;Ekmen Tar\u0131m\u201d \u015firk\u0259ti Az\u0259rbaycan\u0131n erm\u0259ni i\u015f\u011fal\u0131ndan azad edilmi\u015f \u0259razil\u0259rind\u0259 s\u0259pm\u0259k \u00fc\u00e7\u00fcn \u00f6lk\u0259miz\u0259 min ton se\u00e7ilmi\u015f toxum g\u00f6nd\u0259rib.<\/p>\n","protected":false},"author":2,"featured_media":51871,"comment_status":"closed","ping_status":"closed","sticky":false,"template":"","format":"standard","meta":{"footnotes":""},"categories":[3],"tags":[],"class_list":["post-51870","post","type-post","status-publish","format-standard","has-post-thumbnail","hentry","category-gundm"],"aioseo_notices":[],"_links":{"self":[{"href":"https:\/\/fedai.az\/index.php?rest_route=\/wp\/v2\/posts\/51870","targetHints":{"allow":["GET"]}}],"collection":[{"href":"https:\/\/fedai.az\/index.php?rest_route=\/wp\/v2\/posts"}],"about":[{"href":"https:\/\/fedai.az\/index.php?rest_route=\/wp\/v2\/types\/post"}],"author":[{"embeddable":true,"href":"https:\/\/fedai.az\/index.php?rest_route=\/wp\/v2\/users\/2"}],"replies":[{"embeddable":true,"href":"https:\/\/fedai.az\/index.php?rest_route=%2Fwp%2Fv2%2Fcomments&post=51870"}],"version-history":[{"count":1,"href":"https:\/\/fedai.az\/index.php?rest_route=\/wp\/v2\/posts\/51870\/revisions"}],"predecessor-version":[{"id":51872,"href":"https:\/\/fedai.az\/index.php?rest_route=\/wp\/v2\/posts\/51870\/revisions\/51872"}],"wp:featuredmedia":[{"embeddable":true,"href":"https:\/\/fedai.az\/index.php?rest_route=\/wp\/v2\/media\/51871"}],"wp:attachment":[{"href":"https:\/\/fedai.az\/index.php?rest_route=%2Fwp%2Fv2%2Fmedia&parent=51870"}],"wp:term":[{"taxonomy":"category","embeddable":true,"href":"https:\/\/fedai.az\/index.php?rest_route=%2Fwp%2Fv2%2Fcategories&post=51870"},{"taxonomy":"post_tag","embeddable":true,"href":"https:\/\/fedai.az\/index.php?rest_route=%2Fwp%2Fv2%2Ftags&post=51870"}],"curies":[{"name":"wp","href":"https:\/\/api.w.org\/{rel}","templated":true}]}}