{"id":51880,"date":"2021-10-24T01:43:20","date_gmt":"2021-10-23T21:43:20","guid":{"rendered":"https:\/\/fedai.az\/?p=51880"},"modified":"2021-10-24T01:43:23","modified_gmt":"2021-10-23T21:43:23","slug":"az%c9%99rbaycan-bir-h%c9%99ml%c9%99-il%c9%99-suniki-gotur%c9%99-bil%c9%99r-mikayelyan","status":"publish","type":"post","link":"https:\/\/fedai.az\/?p=51880","title":{"rendered":"\u201cAz\u0259rbaycan bir h\u0259ml\u0259 il\u0259 S\u00fcniki g\u00f6t\u00fcr\u0259 bil\u0259r\u201d  \u2013 Mikayelyan"},"content":{"rendered":"\n<p><strong>R\u0259smi \u0130r\u0259van\u0131n Az\u0259rbaycan v\u0259 T\u00fcrkiy\u0259 il\u0259 m\u00fcnasib\u0259tl\u0259rin qurulmas\u0131na m\u00fclayim yana\u015fmas\u0131 Erm\u0259nistanda qalmaqala s\u0259b\u0259b olub.\u00a0<\/strong><\/p>\n\n\n\n<p>Qaynarinfo x\u0259b\u0259r verir ki, davaml\u0131 olaraq konfranslar v\u0259 m\u00fczakir\u0259l\u0259r ke\u00e7ir\u0259n erm\u0259ni m\u00fcxalif\u0259ti yeni aksiyalarla yana\u015f\u0131, g\u0259l\u0259c\u0259kd\u0259 Az\u0259rbaycanla g\u00f6zl\u0259nil\u0259n s\u00fclh sazi\u015finin qar\u015f\u0131s\u0131n\u0131 almaq \u00fc\u00e7\u00fcn bir s\u0131ra add\u0131mlar at\u0131rlar.Qafqaz \u0130nstitutunun elmi i\u015f\u00e7isi Hrant Mikayelyan deyib ki, T\u00fcrkiy\u0259 v\u0259 Az\u0259rbaycan\u0131n bu g\u00fcn atd\u0131\u011f\u0131 add\u0131mlar sabaha hesablan\u0131b v\u0259 onlar \u00f6z m\u0259qs\u0259dl\u0259rin\u0259 hesablanm\u0131\u015f konkret t\u0259l\u0259bl\u0259r ir\u0259li s\u00fcr\u00fcrl\u0259r: \u201cOlduqca m\u00fch\u00fcm bir prosesin \u0259sas\u0131n\u0131 qoyur v\u0259 onun \u00fc\u00e7\u00fcn \u00e7al\u0131\u015f\u0131rlar. Bu \u00f6lk\u0259l\u0259rin siyas\u0259tin\u0259 yax\u0131ndan b\u0259l\u0259d olsaq g\u00f6r\u0259rik ki, Az\u0259rbaycan\u0131n h\u0259d\u0259fi bir z\u0259rb\u0259 il\u0259 S\u00fcnik, Vayots Dzor v\u0259 Qaraba\u011f\u0131 g\u00f6t\u00fcrm\u0259kdir. O halda Erm\u0259nistan x\u0259rit\u0259d\u0259 ancaq ad olaraq qalacaq\u201d.<\/p>\n\n\n\n<p>Mikayelyan bildirib ki, haz\u0131rda hakimiyy\u0259t Erm\u0259nistan\u0131n maraqlar\u0131n\u0131 qorumaqdan imtina edir. Onun s\u00f6zl\u0259rin\u0259 g\u00f6r\u0259, \u0130r\u0259van h\u00f6kum\u0259ti faktiki olaraq bir \u00e7ox b\u0259yanatlar verm\u0259kl\u0259 kifay\u0259tl\u0259nir: \u201cOnlar deyir ki, ruslar burada dursun, Fransa tan\u0131s\u0131n, Amerika bunu etsin, o biri bunu etsin v\u0259 s. Y\u0259ni, konkret h\u0259r\u0259k\u0259t etm\u0259kd\u0259n boyun qa\u00e7\u0131r\u0131r. Bununla da T\u00fcrkiy\u0259 v\u0259 Az\u0259rbaycan\u0131n h\u0259r\u0259k\u0259t\u0259 ke\u00e7m\u0259sin\u0259 \u015f\u0259rait yarad\u0131rlar. \u018fg\u0259r Erm\u0259nistan\u0131n subyektivliyi yoxdursa, o zaman Erm\u0259nistanla h\u0259r \u015feyi etm\u0259k olar, o c\u00fcml\u0259d\u0259n T\u00fcrkiy\u0259 v\u0259 Az\u0259rbaycan\u0131n varl\u0131\u011f\u0131 o d\u0259r\u0259c\u0259d\u0259 t\u0259min edil\u0259c\u0259k ki, sonradan onun k\u00f6k\u00fcn\u00fc k\u0259sm\u0259k m\u00fcmk\u00fcn olmayacaq\u201d.<\/p>\n\n\n\n<p>Erm\u0259ni politoloq Hrant Melik-\u015eahnazaryan is\u0259 deyib ki, haz\u0131rda siyasi q\u00fcvv\u0259l\u0259r v\u0259 ekspertl\u0259r, m\u00fct\u0259x\u0259ssisl\u0259r h\u0259qiq\u0259ti ictimaiyy\u0259t\u0259 \u00e7atd\u0131rmaqdan, m\u00fcnaqi\u015f\u0259nin h\u0259ll olunmad\u0131\u011f\u0131n\u0131, Az\u0259rbaycan\u0131n uzaq h\u0259d\u0259fl\u0259ri oldu\u011funu dil\u0259 g\u0259tirm\u0259kd\u0259n \u00e7\u0259kinm\u0259m\u0259lidirl\u0259r. Onun s\u00f6zl\u0259rin\u0259 g\u00f6r\u0259, c\u0259miyy\u0259tin m\u00fcnasib\u0259tini d\u0259yi\u015fm\u0259k, onu h\u0259m S\u00fcnikl\u0259, h\u0259m Qaraba\u011fla, h\u0259m d\u0259 b\u00fct\u00fcn Erm\u0259nistanla ba\u011fl\u0131 m\u0259s\u0259l\u0259l\u0259rd\u0259 \u015f\u00fcurunu k\u00f6kl\u0259m\u0259k laz\u0131md\u0131r: \u201c\u0130nsanlar ba\u015fa d\u00fc\u015fm\u0259lidirl\u0259r ki, Az\u0259rbaycan uzunm\u00fcdd\u0259tli proqramlar\u0131n\u0131 h\u0259yata ke\u00e7ir\u0259rk\u0259n konkret add\u0131mlar at\u0131r, S\u00fcnik m\u0259s\u0259l\u0259sin\u0259 ayr\u0131ca baxmaq d\u00fczg\u00fcn deyil. Onlar Geqarkunikd\u0259 el\u0259 m\u00f6vqe tutublar ki, oradan bir ne\u00e7\u0259 saata S\u0259lim da\u011f ke\u00e7idini v\u0259 S\u00fcnikin b\u00fct\u00fcn Erm\u0259nistala \u0259laq\u0259sini k\u0259sm\u0259k olar\u201d.<\/p>\n\n\n\n<p>\u201cHayastan\u201d fraksiyas\u0131n\u0131n deputat\u0131 Armen Rustamyan is\u0259 deyir ki, Erm\u0259nistan bu \u00e7\u0259tin geosiyasi v\u0259ziyy\u0259td\u0259 yenid\u0259n qurulmaqda olan bir d\u00f6vl\u0259t kimi, S\u00fcnik-Qaraba\u011f rolunu d\u0259rk etm\u0259li, T\u00fcrkiy\u0259 t\u0259hl\u00fck\u0259sini neytralla\u015fd\u0131rmal\u0131, n\u0259sill\u0259rin maraqlar\u0131na xidm\u0259t etm\u0259li, T\u00fcrkiy\u0259nin r\u0259\u011fb\u0259tini g\u00f6zl\u0259m\u0259m\u0259li v\u0259 t\u0259hl\u00fck\u0259 il\u0259 dolu T\u00fcrkiy\u0259nin s\u00fclh bax\u0131\u015f\u0131n\u0131 r\u0259hb\u0259r tutmal\u0131d\u0131r. Onun s\u00f6zl\u0259rin\u0259 g\u00f6r\u0259, buna \u0259m\u0259l olunmasa, Erm\u0259nistan m\u00fcst\u0259qil d\u00f6vl\u0259t olaraq s\u00fcqut ed\u0259c\u0259k: \u201cRegional sabitliy\u0259 v\u0259 s\u00fclh\u0259 y\u00f6n\u0259lmi\u015f m\u00fcasir prosesd\u0259 Erm\u0259nistan h\u0259lledici dilemma il\u0259 \u00fczl\u0259\u015fib. Dilemma ondan ibar\u0259tdir ki, bu proses Erm\u0259nistan\u0131n g\u00fccl\u0259nm\u0259si hesab\u0131na ba\u015f verm\u0259lidir, yoxsa Erm\u0259nistan\u0131n t\u00fcrkl\u0259\u015fm\u0259si hesab\u0131na s\u00fclh \u0259ld\u0259 olunmal\u0131d\u0131r?\u201d<\/p>\n\n\n\n<p>R\u00fcst\u0259myan hesab edir ki, haz\u0131rda Qafqazda mara\u011f\u0131 olan d\u00f6vl\u0259tl\u0259r regionu yenid\u0259n b\u00f6l\u00fc\u015fd\u00fcrm\u0259y\u0259 ba\u015flay\u0131blar. Onun s\u00f6zl\u0259rin\u0259 g\u00f6r\u0259, Erm\u0259nistan\u0131n yeni geosiyasi x\u0259rit\u0259d\u0259ki yeri T\u00fcrkiy\u0259nin neo-Osmanl\u0131 proqram\u0131n\u0131 h\u0259yata ke\u00e7irm\u0259kd\u0259 n\u0259 q\u0259d\u0259r ir\u0259lil\u0259y\u0259c\u0259yind\u0259n as\u0131l\u0131 olacaq:\u201cLakin problem t\u0259kc\u0259 Erm\u0259nistanla m\u0259hdudla\u015fm\u0131r. T\u00fcrkiy\u0259 t\u00fcrkdilli xalqlar\u0131n ya\u015fad\u0131\u011f\u0131 70-\u0259 yax\u0131n \u00f6lk\u0259ni \u00f6z\u00fcn\u00fcn strateji maraqlar\u0131na daxil edib. Neo-Osmanl\u0131 proqramlar\u0131na t\u0259hdidl\u0259rin g\u0259l\u0259 bil\u0259c\u0259yi \u00f6lk\u0259l\u0259r is\u0259 pant\u00fcrkizm\u0259 mane\u0259l\u0259r kimi h\u0259d\u0259f\u0259 al\u0131n\u0131r. M\u0259hz bu strateji s\u0259viyy\u0259d\u0259 Erm\u0259nistanla az-\u00e7ox geosiyasi maraqlar\u0131 v\u0259 t\u0259hdidl\u0259ri neytralla\u015fd\u0131ra bil\u0259c\u0259k ortaq d\u00f6vl\u0259tl\u0259r var\u201d.<\/p>\n\n\n\n<p>Erm\u0259ni deputat qeyd edir ki, faktiki ba\u015f ver\u0259n prosesd\u0259 t\u0259kc\u0259 Ruysiya v\u0259 \u0130ran i\u015ftirak etmir: \u201cH\u0259m d\u0259 \u00c7in v\u0259 Hindistan regional rol oynay\u0131rlar. M\u00f6vcud geosiyasi meydanda ged\u0259n oyunlarda h\u0259lledici m\u0259qamlar var. <\/p>\n\n\n\n<p>Unutmayaq ki, Erm\u0259nistan\u0131 h\u0259min meydana \u00e7\u0131xaran yol v\u0259 geosiyasi x\u0259td\u0259 saxlayan el\u0259 S\u00fcnikdir\u201d.<\/p>\n","protected":false},"excerpt":{"rendered":"<p>R\u0259smi \u0130r\u0259van\u0131n Az\u0259rbaycan v\u0259 T\u00fcrkiy\u0259 il\u0259 m\u00fcnasib\u0259tl\u0259rin qurulmas\u0131na m\u00fclayim yana\u015fmas\u0131 Erm\u0259nistanda qalmaqala s\u0259b\u0259b olub.\u00a0 Qaynarinfo x\u0259b\u0259r verir ki, davaml\u0131 olaraq konfranslar v\u0259 m\u00fczakir\u0259l\u0259r ke\u00e7ir\u0259n<\/p>\n","protected":false},"author":2,"featured_media":51881,"comment_status":"closed","ping_status":"closed","sticky":false,"template":"","format":"standard","meta":{"footnotes":""},"categories":[1],"tags":[],"class_list":["post-51880","post","type-post","status-publish","format-standard","has-post-thumbnail","hentry","category-siyast"],"aioseo_notices":[],"_links":{"self":[{"href":"https:\/\/fedai.az\/index.php?rest_route=\/wp\/v2\/posts\/51880","targetHints":{"allow":["GET"]}}],"collection":[{"href":"https:\/\/fedai.az\/index.php?rest_route=\/wp\/v2\/posts"}],"about":[{"href":"https:\/\/fedai.az\/index.php?rest_route=\/wp\/v2\/types\/post"}],"author":[{"embeddable":true,"href":"https:\/\/fedai.az\/index.php?rest_route=\/wp\/v2\/users\/2"}],"replies":[{"embeddable":true,"href":"https:\/\/fedai.az\/index.php?rest_route=%2Fwp%2Fv2%2Fcomments&post=51880"}],"version-history":[{"count":1,"href":"https:\/\/fedai.az\/index.php?rest_route=\/wp\/v2\/posts\/51880\/revisions"}],"predecessor-version":[{"id":51882,"href":"https:\/\/fedai.az\/index.php?rest_route=\/wp\/v2\/posts\/51880\/revisions\/51882"}],"wp:featuredmedia":[{"embeddable":true,"href":"https:\/\/fedai.az\/index.php?rest_route=\/wp\/v2\/media\/51881"}],"wp:attachment":[{"href":"https:\/\/fedai.az\/index.php?rest_route=%2Fwp%2Fv2%2Fmedia&parent=51880"}],"wp:term":[{"taxonomy":"category","embeddable":true,"href":"https:\/\/fedai.az\/index.php?rest_route=%2Fwp%2Fv2%2Fcategories&post=51880"},{"taxonomy":"post_tag","embeddable":true,"href":"https:\/\/fedai.az\/index.php?rest_route=%2Fwp%2Fv2%2Ftags&post=51880"}],"curies":[{"name":"wp","href":"https:\/\/api.w.org\/{rel}","templated":true}]}}