{"id":51883,"date":"2021-10-24T02:05:15","date_gmt":"2021-10-23T22:05:15","guid":{"rendered":"https:\/\/fedai.az\/?p=51883"},"modified":"2021-10-24T02:05:19","modified_gmt":"2021-10-23T22:05:19","slug":"t%c9%99brizin-valisi-farsca-cixisa-basladi-d%c9%99rhal-doyuldu-video","status":"publish","type":"post","link":"https:\/\/fedai.az\/?p=51883","title":{"rendered":"T\u0259brizin valisi farsca \u00e7\u0131x\u0131\u015fa ba\u015flad\u0131, d\u0259rhal d\u00f6y\u00fcld\u00fc &#8212; V\u0130DEO"},"content":{"rendered":"\n<p><strong>\u0130ran\u0131n \u015e\u0259rqi\u00a0Az\u0259rbaycan\u00a0\u0259yal\u0259tinin yeni valisi Abedin X\u00fcrr\u0259m \u00e7\u0131x\u0131\u015f\u0131 zaman\u0131 nam\u0259lum \u015f\u0259xsin h\u00fccumuna m\u0259ruz qal\u0131b.<\/strong><\/p>\n\n\n\n<p>Metbuat.az\u00a0x\u0259b\u0259r verir ki, X\u00fcrr\u0259min yeni vali kimi t\u0259qdimat\u0131ndan sonra o, tribunaya qalxaraq nitqin\u0259 ba\u015flay\u0131b. Lakin el\u0259 bu zaman nam\u0259lum \u015f\u0259xs s\u0259hn\u0259y\u0259 \u00e7\u0131xaraq siyas\u0259t\u00e7iy\u0259 \u015fill\u0259 vurub. Daha sonra t\u0259hl\u00fck\u0259sizlik i\u015f\u00e7il\u0259ri h\u0259min \u015f\u0259xsi zaldan \u00e7\u0131xar\u0131b.<\/p>\n\n\n\n<p>Qeyd ed\u0259k ki, m\u0259rasimd\u0259 daxili i\u015fl\u0259r naziri \u018fhm\u0259d Vahidi d\u0259 i\u015ftirak edib. \u0130nsidentd\u0259n sonra tribunaya qay\u0131dan X\u00fcrr\u0259m \u201cM\u0259n bu adam\u0131 tan\u0131m\u0131ram\u201d deyib. Vali onu vuran adam\u0131 ba\u011f\u0131\u015flad\u0131\u011f\u0131n\u0131 da s\u00f6zl\u0259rin\u0259 \u0259lav\u0259 edib.<\/p>\n\n\n\n<p>Xat\u0131rladaq ki, X\u00fcrr\u0259m son d\u00f6rd il \u0259rzind\u0259 \u015e\u0259rqi Az\u0259rbaycan \u0259yal\u0259tind\u0259 \u0130slam \u0130nqilab\u0131 Ke\u015fik\u00e7il\u0259ri Korpusunun komandiri v\u0259zif\u0259sind\u0259 \u00e7al\u0131\u015f\u0131b.<\/p>\n\n\n\n<figure class=\"wp-block-embed is-type-video is-provider-youtube wp-block-embed-youtube wp-embed-aspect-16-9 wp-has-aspect-ratio\"><div class=\"wp-block-embed__wrapper\">\n<iframe loading=\"lazy\" title=\"\u0633\u06cc\u0644\u06cc \u062e\u0648\u0631\u062f\u0646 \u0633\u0631\u062f\u0627\u0631 &quot;\u0639\u0627\u0628\u062f\u06cc\u0646 \u062e\u0631\u0645&quot; \u0647\u0645\u0633\u0631 &quot;\u0646\u0627\u0647\u06cc\u062f \u062d\u0633\u06cc\u0646 \u067e\u0648\u0631 \u0647\u06cc\u06a9\u0644 \u0622\u0628\u0627\u062f&quot; \u0627\u0633\u062a\u0627\u0646\u062f\u0627\u0631 \u062c\u062f\u06cc\u062f \u0622\u0630\u0631\u0628\u0627\u06cc\u062c\u0627\u0646 \u0634\u0631\u0642\u06cc\" width=\"715\" height=\"402\" src=\"https:\/\/www.youtube.com\/embed\/oIARUN4GgNA?feature=oembed\" frameborder=\"0\" allow=\"accelerometer; autoplay; clipboard-write; encrypted-media; gyroscope; picture-in-picture\" allowfullscreen><\/iframe>\n<\/div><\/figure>\n","protected":false},"excerpt":{"rendered":"<p>\u0130ran\u0131n \u015e\u0259rqi\u00a0Az\u0259rbaycan\u00a0\u0259yal\u0259tinin yeni valisi Abedin X\u00fcrr\u0259m \u00e7\u0131x\u0131\u015f\u0131 zaman\u0131 nam\u0259lum \u015f\u0259xsin h\u00fccumuna m\u0259ruz qal\u0131b. Metbuat.az\u00a0x\u0259b\u0259r verir ki, X\u00fcrr\u0259min yeni vali kimi t\u0259qdimat\u0131ndan sonra o, tribunaya<\/p>\n","protected":false},"author":2,"featured_media":51884,"comment_status":"closed","ping_status":"closed","sticky":false,"template":"","format":"standard","meta":{"footnotes":""},"categories":[13],"tags":[],"class_list":["post-51883","post","type-post","status-publish","format-standard","has-post-thumbnail","hentry","category-xarici"],"aioseo_notices":[],"_links":{"self":[{"href":"https:\/\/fedai.az\/index.php?rest_route=\/wp\/v2\/posts\/51883","targetHints":{"allow":["GET"]}}],"collection":[{"href":"https:\/\/fedai.az\/index.php?rest_route=\/wp\/v2\/posts"}],"about":[{"href":"https:\/\/fedai.az\/index.php?rest_route=\/wp\/v2\/types\/post"}],"author":[{"embeddable":true,"href":"https:\/\/fedai.az\/index.php?rest_route=\/wp\/v2\/users\/2"}],"replies":[{"embeddable":true,"href":"https:\/\/fedai.az\/index.php?rest_route=%2Fwp%2Fv2%2Fcomments&post=51883"}],"version-history":[{"count":1,"href":"https:\/\/fedai.az\/index.php?rest_route=\/wp\/v2\/posts\/51883\/revisions"}],"predecessor-version":[{"id":51885,"href":"https:\/\/fedai.az\/index.php?rest_route=\/wp\/v2\/posts\/51883\/revisions\/51885"}],"wp:featuredmedia":[{"embeddable":true,"href":"https:\/\/fedai.az\/index.php?rest_route=\/wp\/v2\/media\/51884"}],"wp:attachment":[{"href":"https:\/\/fedai.az\/index.php?rest_route=%2Fwp%2Fv2%2Fmedia&parent=51883"}],"wp:term":[{"taxonomy":"category","embeddable":true,"href":"https:\/\/fedai.az\/index.php?rest_route=%2Fwp%2Fv2%2Fcategories&post=51883"},{"taxonomy":"post_tag","embeddable":true,"href":"https:\/\/fedai.az\/index.php?rest_route=%2Fwp%2Fv2%2Ftags&post=51883"}],"curies":[{"name":"wp","href":"https:\/\/api.w.org\/{rel}","templated":true}]}}