{"id":51886,"date":"2021-10-24T02:26:57","date_gmt":"2021-10-23T22:26:57","guid":{"rendered":"https:\/\/fedai.az\/?p=51886"},"modified":"2021-10-24T02:27:00","modified_gmt":"2021-10-23T22:27:00","slug":"%c9%99rdogan-10-avropa-olk%c9%99sinin-v%c9%99-abs-s%c9%99firinin-turkiy%c9%99d%c9%99n-cixarilmasi-%c9%99mrini-verib","status":"publish","type":"post","link":"https:\/\/fedai.az\/?p=51886","title":{"rendered":"\u018frdo\u011fan 10 Avropa \u00f6lk\u0259sinin v\u0259 AB\u015e s\u0259firinin T\u00fcrkiy\u0259d\u0259n \u00e7\u0131xar\u0131lmas\u0131 \u0259mrini verib"},"content":{"rendered":"\n<p><strong>T\u00fcrkiy\u0259&nbsp;prezidenti R\u0259c\u0259b Tayyib \u018frdo\u011fan 10 Avropa \u00f6lk\u0259sinin v\u0259 AB\u015e s\u0259firinin T\u00fcrkiy\u0259d\u0259n \u00e7\u0131xar\u0131lmas\u0131 \u0259mrini verib.<\/strong><\/p>\n\n\n\n<p> \u018frdo\u011fan T\u00fcrkiy\u0259 Xarici \u0130\u015fl\u0259r Nazirliyin\u0259 insan haqlar\u0131 m\u00fcdafi\u0259\u00e7isi Osman Kavalan\u0131 azad etm\u0259y\u0259 \u00e7a\u011f\u0131ran 10 \u00f6lk\u0259nin, o c\u00fcml\u0259d\u0259n AB\u015e-\u0131n s\u0259firl\u0259rini persona non-qrata elan etm\u0259yi tap\u015f\u0131r\u0131b.<\/p>\n\n\n\n<p><br>H\u0259min s\u0259firl\u0259r bunlard\u0131r: AB\u015e,\u00a0Fransa,\u00a0Almaniya, Kanada,\u00a0Finlandiya,\u00a0Danimarka, Hollandiya,\u00a0Yeni Zelandiya,\u00a0Norve\u00e7\u00a0v\u0259 \u0130sve\u00e7 s\u0259firl\u0259ri.<\/p>\n\n\n\n<p><strong>Xat\u0131rladaq ki, T\u00fcrkiy\u0259d\u0259 2013-c\u00fc ild\u0259 ba\u015f ver\u0259n G\u0259zi Park\u0131 hadis\u0259l\u0259rin\u0259 g\u00f6r\u0259 v\u0259 2016-c\u0131 ilin 15 iyulunda d\u00f6vl\u0259t \u00e7evrili\u015fin\u0259 c\u0259hdd\u0259 ittiham edil\u0259r\u0259k h\u0259bs olunan i\u015f adam\u0131 Osman Kavaladan gedir. Fetullah\u00e7\u0131 Terror t\u0259\u015fkilat\u0131n\u0131n 15 sentyabr qiyama c\u0259hdl\u0259 ba\u011fl\u0131 Osman Kavala, Hanry Jak Berkey, Metin Topuz, Aykan Erdemirin d\u0259 i\u015ftirak etdiyi m\u0259hk\u0259m\u0259d\u0259, AB\u015e M\u0259rk\u0259zi K\u0259\u015ffiyyat \u0130dar\u0259si CIA-n\u0131n sabiq \u0259m\u0259kda\u015f\u0131 Qraham E. Fuller haqq\u0131nda yaxalama q\u0259rar\u0131 \u00e7\u0131xar\u0131ld\u0131.<\/strong><\/p>\n","protected":false},"excerpt":{"rendered":"<p>T\u00fcrkiy\u0259&nbsp;prezidenti R\u0259c\u0259b Tayyib \u018frdo\u011fan 10 Avropa \u00f6lk\u0259sinin v\u0259 AB\u015e s\u0259firinin T\u00fcrkiy\u0259d\u0259n \u00e7\u0131xar\u0131lmas\u0131 \u0259mrini verib. \u018frdo\u011fan T\u00fcrkiy\u0259 Xarici \u0130\u015fl\u0259r Nazirliyin\u0259 insan haqlar\u0131 m\u00fcdafi\u0259\u00e7isi Osman Kavalan\u0131<\/p>\n","protected":false},"author":2,"featured_media":51887,"comment_status":"closed","ping_status":"closed","sticky":false,"template":"","format":"standard","meta":{"footnotes":""},"categories":[3],"tags":[],"class_list":["post-51886","post","type-post","status-publish","format-standard","has-post-thumbnail","hentry","category-gundm"],"aioseo_notices":[],"_links":{"self":[{"href":"https:\/\/fedai.az\/index.php?rest_route=\/wp\/v2\/posts\/51886","targetHints":{"allow":["GET"]}}],"collection":[{"href":"https:\/\/fedai.az\/index.php?rest_route=\/wp\/v2\/posts"}],"about":[{"href":"https:\/\/fedai.az\/index.php?rest_route=\/wp\/v2\/types\/post"}],"author":[{"embeddable":true,"href":"https:\/\/fedai.az\/index.php?rest_route=\/wp\/v2\/users\/2"}],"replies":[{"embeddable":true,"href":"https:\/\/fedai.az\/index.php?rest_route=%2Fwp%2Fv2%2Fcomments&post=51886"}],"version-history":[{"count":1,"href":"https:\/\/fedai.az\/index.php?rest_route=\/wp\/v2\/posts\/51886\/revisions"}],"predecessor-version":[{"id":51888,"href":"https:\/\/fedai.az\/index.php?rest_route=\/wp\/v2\/posts\/51886\/revisions\/51888"}],"wp:featuredmedia":[{"embeddable":true,"href":"https:\/\/fedai.az\/index.php?rest_route=\/wp\/v2\/media\/51887"}],"wp:attachment":[{"href":"https:\/\/fedai.az\/index.php?rest_route=%2Fwp%2Fv2%2Fmedia&parent=51886"}],"wp:term":[{"taxonomy":"category","embeddable":true,"href":"https:\/\/fedai.az\/index.php?rest_route=%2Fwp%2Fv2%2Fcategories&post=51886"},{"taxonomy":"post_tag","embeddable":true,"href":"https:\/\/fedai.az\/index.php?rest_route=%2Fwp%2Fv2%2Ftags&post=51886"}],"curies":[{"name":"wp","href":"https:\/\/api.w.org\/{rel}","templated":true}]}}