{"id":51911,"date":"2021-10-24T12:23:28","date_gmt":"2021-10-24T08:23:28","guid":{"rendered":"https:\/\/fedai.az\/?p=51911"},"modified":"2021-10-24T12:23:32","modified_gmt":"2021-10-24T08:23:32","slug":"avropa-surasi-turkiy%c9%99y%c9%99-x%c9%99b%c9%99rdarliq-etdi","status":"publish","type":"post","link":"https:\/\/fedai.az\/?p=51911","title":{"rendered":"Avropa \u015euras\u0131 T\u00fcrkiy\u0259y\u0259 x\u0259b\u0259rdarl\u0131q etdi"},"content":{"rendered":"\n<p><strong>2005-ci ild\u0259n Almaniyan\u0131 idar\u0259 ed\u0259n Angela Merkell\u0259 vidala\u015fan Avropa \u015euras\u0131 iki g\u00fcnl\u00fck sammitd\u0259n sonra bir q\u0259tnam\u0259 m\u0259tni haz\u0131rlay\u0131b. <\/strong><\/p>\n\n\n\n<p>\u00a0 Avropa \u015euras\u0131 q\u0259tnam\u0259 m\u0259tnind\u0259 T\u00fcrkiy\u0259ni x\u0259b\u0259rdar edib. <\/p>\n\n\n\n<p>\u00a0 M\u0259tnin 17 v\u0259 18-ci madd\u0259l\u0259rind\u0259 T\u00fcrkiy\u0259 il\u0259 ba\u011fl\u0131 a\u00e7\u0131qlamalar oldu\u011fu halda, Ankaran\u0131n 2016-c\u0131 ild\u0259 Avropa \u0130ttifaq\u0131 (A\u0130) il\u0259 imzalanan qa\u00e7q\u0131n sazi\u015fin\u0259 \u0259m\u0259l etm\u0259li oldu\u011fu da xat\u0131rlad\u0131l\u0131b. \u00a0 T\u00fcrkiy\u0259, \u0130ordaniya v\u0259 Livan kimi \u00f6lk\u0259l\u0259r\u0259 suriyal\u0131 qa\u00e7q\u0131nlara maliyy\u0259 d\u0259st\u0259yi ver\u0259c\u0259yi 17-ci madd\u0259d\u0259 bildirildiyi halda, 18-ci madd\u0259d\u0259 &#171;Avropa \u015euras\u0131 T\u00fcrkiy\u0259ni 2016-c\u0131 ild\u0259 A\u0130 v\u0259 T\u00fcrkiy\u0259 aras\u0131nda imzalanan m\u00fcqavil\u0259ni Kiprin yunan hiss\u0259si d\u0259 daxil olmaqla tamamil\u0259 v\u0259 ayr\u0131-se\u00e7kilik olmadan h\u0259yata ke\u00e7irm\u0259y\u0259 \u00e7a\u011f\u0131r\u0131r&#187;, &#8212; dey\u0259 bildirilib. \u00a0 Q\u0259tnam\u0259 m\u0259tnind\u0259 T\u00fcrkiy\u0259nin ad\u0131 \u00e7\u0259kilm\u0259d\u0259n daha bir x\u0259b\u0259rdarl\u0131q edilib. \u00a0 <\/p>\n\n\n\n<p>M\u0259tnd\u0259 deyilir: &#171;Avropa \u015euras\u0131 \u00fc\u00e7\u00fcnc\u00fc \u00f6lk\u0259l\u0259rin siyasi s\u0259b\u0259bl\u0259rd\u0259n qa\u00e7q\u0131nlardan silah kimi istifad\u0259ni q\u0259bul etm\u0259y\u0259c\u0259k. Biz A\u0130 s\u0259rh\u0259dl\u0259rin\u0259 edil\u0259n b\u00fct\u00fcn hibrid h\u00fccumlar\u0131 pisl\u0259yirik v\u0259 buna uy\u011fun cavab ver\u0259c\u0259yik&#187;. <\/p>\n\n\n\n<p>\u00a0 Avropa \u0130ttifaq\u0131 bu ifad\u0259l\u0259rl\u0259 son zamanlar g\u0259rginliyin artd\u0131\u011f\u0131 Belarusiyaya i\u015far\u0259 ets\u0259 d\u0259, Yunan\u0131standa \u0259n \u00e7ox oxunanlardan &#171;Kathimerini&#187; q\u0259zeti &#171;Bu T\u00fcrkiy\u0259y\u0259 dolay\u0131 bir mesajd\u0131r, T\u00fcrkiy\u0259 d\u0259 eyni taktikan\u0131 2020-ci ilin \u0259vv\u0259lind\u0259 t\u0259tbiq etmi\u015fdi&#187;, &#8212; dey\u0259 \u015f\u0259rh verib. <\/p>\n\n\n\n<p>M\u0259nb\u0259: S\u00f6zc\u00fc <\/p>\n","protected":false},"excerpt":{"rendered":"<p>2005-ci ild\u0259n Almaniyan\u0131 idar\u0259 ed\u0259n Angela Merkell\u0259 vidala\u015fan Avropa \u015euras\u0131 iki g\u00fcnl\u00fck sammitd\u0259n sonra bir q\u0259tnam\u0259 m\u0259tni haz\u0131rlay\u0131b. \u00a0 Avropa \u015euras\u0131 q\u0259tnam\u0259 m\u0259tnind\u0259 T\u00fcrkiy\u0259ni<\/p>\n","protected":false},"author":2,"featured_media":51912,"comment_status":"closed","ping_status":"closed","sticky":false,"template":"","format":"standard","meta":{"footnotes":""},"categories":[1],"tags":[],"class_list":["post-51911","post","type-post","status-publish","format-standard","has-post-thumbnail","hentry","category-siyast"],"aioseo_notices":[],"_links":{"self":[{"href":"https:\/\/fedai.az\/index.php?rest_route=\/wp\/v2\/posts\/51911","targetHints":{"allow":["GET"]}}],"collection":[{"href":"https:\/\/fedai.az\/index.php?rest_route=\/wp\/v2\/posts"}],"about":[{"href":"https:\/\/fedai.az\/index.php?rest_route=\/wp\/v2\/types\/post"}],"author":[{"embeddable":true,"href":"https:\/\/fedai.az\/index.php?rest_route=\/wp\/v2\/users\/2"}],"replies":[{"embeddable":true,"href":"https:\/\/fedai.az\/index.php?rest_route=%2Fwp%2Fv2%2Fcomments&post=51911"}],"version-history":[{"count":1,"href":"https:\/\/fedai.az\/index.php?rest_route=\/wp\/v2\/posts\/51911\/revisions"}],"predecessor-version":[{"id":51913,"href":"https:\/\/fedai.az\/index.php?rest_route=\/wp\/v2\/posts\/51911\/revisions\/51913"}],"wp:featuredmedia":[{"embeddable":true,"href":"https:\/\/fedai.az\/index.php?rest_route=\/wp\/v2\/media\/51912"}],"wp:attachment":[{"href":"https:\/\/fedai.az\/index.php?rest_route=%2Fwp%2Fv2%2Fmedia&parent=51911"}],"wp:term":[{"taxonomy":"category","embeddable":true,"href":"https:\/\/fedai.az\/index.php?rest_route=%2Fwp%2Fv2%2Fcategories&post=51911"},{"taxonomy":"post_tag","embeddable":true,"href":"https:\/\/fedai.az\/index.php?rest_route=%2Fwp%2Fv2%2Ftags&post=51911"}],"curies":[{"name":"wp","href":"https:\/\/api.w.org\/{rel}","templated":true}]}}