{"id":51914,"date":"2021-10-24T12:55:00","date_gmt":"2021-10-24T08:55:00","guid":{"rendered":"https:\/\/fedai.az\/?p=51914"},"modified":"2021-10-24T12:55:03","modified_gmt":"2021-10-24T08:55:03","slug":"sulhm%c9%99ramlilarin-c%c9%99tiri-altinda-talanciliq-yaxud-ruslarin-erm%c9%99nil%c9%99ri-qorxudan-qorxusu","status":"publish","type":"post","link":"https:\/\/fedai.az\/?p=51914","title":{"rendered":"S\u00fclhm\u0259raml\u0131lar\u0131n \u00e7\u0259tiri alt\u0131nda talan\u00e7\u0131l\u0131q, yaxud ruslar\u0131n erm\u0259nil\u0259ri qorxudan qorxusu"},"content":{"rendered":"\n<p><strong>Bu yax\u0131nda b\u00fct\u00fcn erm\u0259ni n\u0259\u015frl\u0259rind\u0259 bel\u0259 bir informasiya yay\u0131ld\u0131 ki, guya Az\u0259rbaycan \u0259razisind\u0259 m\u00fcv\u0259qq\u0259ti yerl\u0259\u015fdirilmi\u015f Rusiya s\u00fclhm\u0259raml\u0131 q\u00fcvv\u0259l\u0259ri \u201cerm\u0259nil\u0259rin Qaraba\u011fdan s\u00fcr\u0259tl\u0259 emiqrasiya etm\u0259sind\u0259n\u201d son d\u0259r\u0259c\u0259 narahatd\u0131rlar. Bununla ba\u011fl\u0131 \u201cHraparak\u201d (&#171;Meydan&#187;) yazm\u0131\u015fd\u0131 ki, guya, Moskvada v\u0259 yerl\u0259rd\u0259 \u201chesab edirl\u0259r ki, emiqrasiya n\u0259tic\u0259sind\u0259 Qaraba\u011f\u0131n demoqrafik m\u0259nz\u0259r\u0259si d\u0259yi\u015f\u0259c\u0259k, insanlar\u0131n ya\u015famad\u0131\u011f\u0131 torpaqlar\u0131n da m\u00fcdafi\u0259y\u0259 ehtiyac\u0131 qalmayacaq&#8230;\u201d<\/strong>&#171;Onlara (Rusiya h\u00f6k\u00fcm\u0259tin\u0259 v\u0259 s\u00fclhm\u0259raml\u0131 q\u00fcvv\u0259l\u0259rin\u0259) yax\u015f\u0131 m\u0259lumdur ki, az\u0259rbaycanl\u0131lar \u00e7\u0259yirtk\u0259 kimi \u00e7oxal\u0131r v\u0259 b\u00fct\u00fcn d\u0259lm\u0259-de\u015fikl\u0259r\u0259 d\u00fcrt\u00fcl\u00fcrl\u0259r. S\u00fclhm\u0259raml\u0131lar\u0131n be\u015f illik dislokasiya m\u00fcdd\u0259ti ba\u015fa \u00e7atd\u0131qda onlar\u0131n qalmas\u0131 m\u0259s\u0259l\u0259si d\u0259 havadan as\u0131l\u0131 ola bil\u0259r&#8230;\u201d &#8212; &#171;Hraparak&#187;dak\u0131 m\u0259qal\u0259d\u0259 deyilirdi.<\/p>\n\n\n\n<p>Erm\u0259nil\u0259rin narahatl\u0131\u011f\u0131 \u0259sass\u0131z deyil. Rusiya s\u00fclhm\u0259raml\u0131 kontingentinin r\u0259hb\u0259rliyi media relizl\u0259rind\u0259 \u00fc\u00e7t\u0259r\u0259fli s\u00fclh raz\u0131la\u015fmas\u0131n\u0131n imzalanmas\u0131ndan sonra erm\u0259ni \u0259halinin&nbsp;<strong>k\u00fctl\u0259vi \u015f\u0259kild\u0259 Xank\u0259ndiy\u0259, A\u011fd\u0259r\u0259y\u0259, Xocal\u0131ya, yaxud \u018fsg\u0259rana qay\u0131td\u0131\u011f\u0131n\u0131 n\u0259 q\u0259d\u0259r g\u00f6st\u0259r\u0259m\u0259y\u0259 \u00e7al\u0131\u015fsalar da, reall\u0131q bunun tam \u0259ksini g\u00f6st\u0259rir.&nbsp;<\/strong>Qaraba\u011fdan ged\u0259n v\u0259 ora qay\u0131dan erm\u0259ni \u0259halisinin \u00fcmumi say\u0131 il\u0259 ba\u011fl\u0131 BMT-nin qa\u00e7q\u0131nlar \u00fczr\u0259 agentliyinin \u00f6t\u0259n q\u0131\u015f yayd\u0131\u011f\u0131 ilkin informasiya Rusiya s\u00fclhm\u0259raml\u0131 q\u00fcvv\u0259l\u0259rinin m\u0259lumatlar\u0131na \u0259saslanan statistikan\u0131 t\u0259kzib edir. Beyn\u0259lxalq t\u0259\u015fkilat\u0131n verdiyi m\u0259lumata g\u00f6r\u0259,&nbsp;<strong>2021-ci il yanvar\u0131n 26-da \u0130r\u0259vandan Xank\u0259ndiy\u0259 avtobuslarla 24.993 \u201cqa\u00e7q\u0131n\u201d g\u0259tirilib. Amma Rusiya t\u0259r\u0259fi israrla iddia edir ki, geri qay\u0131dan erm\u0259nil\u0259rin say\u0131 50 mindir.<\/strong><\/p>\n\n\n\n<p>Az\u0259rbaycan\u0131n La\u00e7\u0131n d\u0259hlizind\u0259 apard\u0131\u011f\u0131 daimi monitorinq s\u00fcbut edir ki, sonrak\u0131 d\u00f6vrd\u0259 Qaraba\u011f\u0131 t\u0259rk ed\u0259n erm\u0259nil\u0259rin say\u0131 ora g\u0259l\u0259nl\u0259rd\u0259n \u00e7oxdur: erm\u0259nil\u0259r avadanl\u0131qlar\u0131n\u0131 t\u0259l\u0259m-t\u0259l\u0259sik apar\u0131r, \u0259sas etibaril\u0259 vaxtil\u0259 qovulmu\u015f v\u0259 ya m\u0259hv edilmi\u015f az\u0259rbaycanl\u0131lardan q\u0259sb etdikl\u0259ri da\u015f\u0131nmaz \u0259mlaklar\u0131 satma\u011fa \u00e7al\u0131\u015f\u0131rlar. Qaraba\u011f erm\u0259nil\u0259ri \u00e7ox g\u00f6z\u0259l ba\u015fa d\u00fc\u015f\u00fcrl\u0259r ki, i\u015f\u011faldan azad olunmu\u015f Az\u0259rbaycan torpaqlar\u0131nda yurisdiksiya tam b\u0259rpa olunduqdan sonra onlar q\u0259sb v\u0259 z\u0259bt etdikl\u0259rind\u0259n avtomatik m\u0259hrum olacaqlar. Odur ki,&nbsp;<strong>Rusiya s\u00fclhm\u0259raml\u0131 kontingentinin \u0259razid\u0259 oldu\u011fu d\u00f6vrd\u0259n istifad\u0259 ed\u0259r\u0259k, \u00f6zl\u0259ril\u0259 apara bil\u0259c\u0259kl\u0259ri h\u0259r \u015feyi s\u0259rf\u0259li qiym\u0259t\u0259 satmaq yolunu tutublar.<\/strong>&nbsp;\u0130stisna yaln\u0131z separat\u00e7\u0131 h\u0259r\u0259kat ba\u015flayana q\u0259d\u0259r da\u015f\u0131nmaz \u0259mlaka malik olanlard\u0131r ki, onlar da arxiv materiallar\u0131 \u0259sas\u0131nda Az\u0259rbaycan Respublikas\u0131n\u0131n d\u00f6vl\u0259t reyestrin\u0259 daxil edil\u0259c\u0259kl\u0259r.<\/p>\n\n\n\n<p>Bir fakt\u0131 da unutmaq olmaz: Az\u0259rbaycan\u0131n h\u0259min \u0259razisind\u0259 bir d\u0259n\u0259 d\u0259 erm\u0259ni ail\u0259si yoxdur ki, onun \u00fczvl\u0259ri Az\u0259rbaycan \u0259halisin\u0259 qar\u015f\u0131 etnik t\u0259mizl\u0259m\u0259 i\u015find\u0259 f\u0259al i\u015ftirak etm\u0259sin v\u0259 separat\u00e7\u0131 quldur d\u0259st\u0259sin\u0259 daxil olmas\u0131n. Bu is\u0259 o dem\u0259kdir ki, b\u00fct\u00fcn h\u0259rbi canil\u0259r v\u0259 cinay\u0259tkar elementl\u0259r gec-tez Az\u0259rbaycan qanunlar\u0131 il\u0259 m\u0259suliyy\u0259t\u0259 c\u0259lb olunacaqlar. T\u0259bii ki, \u0259g\u0259r o vaxtacan Az\u0259rbaycan \u0259razisini h\u0259mi\u015f\u0259lik t\u0259rk ed\u0259 bilm\u0259s\u0259l\u0259r. Erm\u0259ni t\u0259r\u0259fi \u00e7ox g\u00f6z\u0259l anlay\u0131r ki, Rusiya s\u00fclhm\u0259raml\u0131 q\u00fcvv\u0259l\u0259ri missiyalar\u0131n\u0131n qalan d\u00f6vr\u00fcnd\u0259 m\u0259hz bu c\u00fcr elementl\u0259rin \u201ctoxunulmazl\u0131\u011f\u0131n\u0131n qarant\u0131\u201d olacaq v\u0259 primitiv informasiya tullant\u0131lar\u0131 vasit\u0259sil\u0259 \u00f6z real narahatl\u0131qlar\u0131n\u0131 a\u00e7\u0131q \u015f\u0259kild\u0259 b\u00f6l\u00fc\u015f\u0259c\u0259kl\u0259r&#8230;<\/p>\n\n\n\n<p><strong>Hans Kloss<br>Nadir Quliyev<\/strong><br><strong>AzVision.az<\/strong><\/p>\n","protected":false},"excerpt":{"rendered":"<p>Bu yax\u0131nda b\u00fct\u00fcn erm\u0259ni n\u0259\u015frl\u0259rind\u0259 bel\u0259 bir informasiya yay\u0131ld\u0131 ki, guya Az\u0259rbaycan \u0259razisind\u0259 m\u00fcv\u0259qq\u0259ti yerl\u0259\u015fdirilmi\u015f Rusiya s\u00fclhm\u0259raml\u0131 q\u00fcvv\u0259l\u0259ri \u201cerm\u0259nil\u0259rin Qaraba\u011fdan s\u00fcr\u0259tl\u0259 emiqrasiya etm\u0259sind\u0259n\u201d son<\/p>\n","protected":false},"author":2,"featured_media":51915,"comment_status":"closed","ping_status":"closed","sticky":false,"template":"","format":"standard","meta":{"footnotes":""},"categories":[4],"tags":[],"class_list":["post-51914","post","type-post","status-publish","format-standard","has-post-thumbnail","hentry","category-qarabag"],"aioseo_notices":[],"_links":{"self":[{"href":"https:\/\/fedai.az\/index.php?rest_route=\/wp\/v2\/posts\/51914","targetHints":{"allow":["GET"]}}],"collection":[{"href":"https:\/\/fedai.az\/index.php?rest_route=\/wp\/v2\/posts"}],"about":[{"href":"https:\/\/fedai.az\/index.php?rest_route=\/wp\/v2\/types\/post"}],"author":[{"embeddable":true,"href":"https:\/\/fedai.az\/index.php?rest_route=\/wp\/v2\/users\/2"}],"replies":[{"embeddable":true,"href":"https:\/\/fedai.az\/index.php?rest_route=%2Fwp%2Fv2%2Fcomments&post=51914"}],"version-history":[{"count":1,"href":"https:\/\/fedai.az\/index.php?rest_route=\/wp\/v2\/posts\/51914\/revisions"}],"predecessor-version":[{"id":51916,"href":"https:\/\/fedai.az\/index.php?rest_route=\/wp\/v2\/posts\/51914\/revisions\/51916"}],"wp:featuredmedia":[{"embeddable":true,"href":"https:\/\/fedai.az\/index.php?rest_route=\/wp\/v2\/media\/51915"}],"wp:attachment":[{"href":"https:\/\/fedai.az\/index.php?rest_route=%2Fwp%2Fv2%2Fmedia&parent=51914"}],"wp:term":[{"taxonomy":"category","embeddable":true,"href":"https:\/\/fedai.az\/index.php?rest_route=%2Fwp%2Fv2%2Fcategories&post=51914"},{"taxonomy":"post_tag","embeddable":true,"href":"https:\/\/fedai.az\/index.php?rest_route=%2Fwp%2Fv2%2Ftags&post=51914"}],"curies":[{"name":"wp","href":"https:\/\/api.w.org\/{rel}","templated":true}]}}