{"id":51917,"date":"2021-10-24T13:37:04","date_gmt":"2021-10-24T09:37:04","guid":{"rendered":"https:\/\/fedai.az\/?p=51917"},"modified":"2021-10-24T13:37:07","modified_gmt":"2021-10-24T09:37:07","slug":"kreml-az%c9%99rbaycanla-erm%c9%99nistan-arasinda-iki-s%c9%99n%c9%99d-imzalanacagi-bar%c9%99d%c9%99-m%c9%99lumatlara-munasib%c9%99t-bildirib","status":"publish","type":"post","link":"https:\/\/fedai.az\/?p=51917","title":{"rendered":"Kreml Az\u0259rbaycanla Erm\u0259nistan aras\u0131nda iki s\u0259n\u0259d imzalanaca\u011f\u0131 bar\u0259d\u0259 m\u0259lumatlara m\u00fcnasib\u0259t bildirib"},"content":{"rendered":"\n<p>\u00a0<strong>Rusiya Federasiyas\u0131, Erm\u0259nistan v\u0259 Az\u0259rbaycan aras\u0131nda sammitin ke\u00e7irilm\u0259si il\u0259 ba\u011fl\u0131 raz\u0131l\u0131q \u0259ld\u0259 olunsa, Kreml bu bar\u0259d\u0259 d\u0259rhal m\u0259lumat ver\u0259c\u0259yi a\u00e7\u0131qlan\u0131b. \u00a0<\/strong><\/p>\n\n\n\n<p> Bunu Kremlin m\u0259tbuat katibi Dmitri Peskov bildirib.<\/p>\n\n\n\n<p> \u00a0 Qeyd ed\u0259k ki, m\u0259tbuatda noyabr\u0131n birinci on g\u00fcnl\u00fcy\u00fcnd\u0259 Moskvada Rusiya, Az\u0259rbaycan v\u0259 Erm\u0259nistan liderl\u0259rinin g\u00f6r\u00fc\u015f\u00fcn\u00fcn ke\u00e7iril\u0259c\u0259yi v\u0259 \u00fc\u00e7t\u0259r\u0259fli b\u0259yanat\u0131n imzalanaca\u011f\u0131 il\u0259 ba\u011fl\u0131 m\u0259lumat yay\u0131l\u0131b. \u00a0<\/p>\n\n\n\n<p> M\u0259lumata \u0259sas\u0259n, noyabr\u0131n 9-da Moskvada Rusiya Federasiyas\u0131n\u0131n Prezidenti Vladimir Putinin i\u015ftirak\u0131 il\u0259 Az\u0259rbaycan Prezidenti \u0130lham \u018fliyev v\u0259 Erm\u0259nistan\u0131n Ba\u015f naziri Nikol Pa\u015finyan aras\u0131nda iki s\u0259n\u0259d imzalanacaq.<\/p>\n\n\n\n<p> \u00a0 Birinci s\u0259n\u0259d Az\u0259rbaycan v\u0259 Erm\u0259nistan\u0131n d\u00f6vl\u0259t s\u0259rh\u0259dl\u0259rinin delimitasiya v\u0259 demarkasiyas\u0131n\u0131, ikinci s\u0259n\u0259d is\u0259 regionda kommunikasiya \u0259laq\u0259l\u0259rinin a\u00e7\u0131lmas\u0131n\u0131, x\u00fcsus\u0259n d\u0259hliz yolunun, el\u0259c\u0259 d\u0259 Az\u0259rbaycan v\u0259 Nax\u00e7\u0131van aras\u0131nda yolun a\u00e7\u0131lmas\u0131n\u0131 \u0259hat\u0259 ed\u0259c\u0259k. <\/p>\n\n\n\n<p>M\u0259nb\u0259: apa.az<\/p>\n","protected":false},"excerpt":{"rendered":"<p>\u00a0Rusiya Federasiyas\u0131, Erm\u0259nistan v\u0259 Az\u0259rbaycan aras\u0131nda sammitin ke\u00e7irilm\u0259si il\u0259 ba\u011fl\u0131 raz\u0131l\u0131q \u0259ld\u0259 olunsa, Kreml bu bar\u0259d\u0259 d\u0259rhal m\u0259lumat ver\u0259c\u0259yi a\u00e7\u0131qlan\u0131b. \u00a0 Bunu Kremlin m\u0259tbuat<\/p>\n","protected":false},"author":2,"featured_media":51918,"comment_status":"closed","ping_status":"closed","sticky":false,"template":"","format":"standard","meta":{"footnotes":""},"categories":[1],"tags":[],"class_list":["post-51917","post","type-post","status-publish","format-standard","has-post-thumbnail","hentry","category-siyast"],"aioseo_notices":[],"_links":{"self":[{"href":"https:\/\/fedai.az\/index.php?rest_route=\/wp\/v2\/posts\/51917","targetHints":{"allow":["GET"]}}],"collection":[{"href":"https:\/\/fedai.az\/index.php?rest_route=\/wp\/v2\/posts"}],"about":[{"href":"https:\/\/fedai.az\/index.php?rest_route=\/wp\/v2\/types\/post"}],"author":[{"embeddable":true,"href":"https:\/\/fedai.az\/index.php?rest_route=\/wp\/v2\/users\/2"}],"replies":[{"embeddable":true,"href":"https:\/\/fedai.az\/index.php?rest_route=%2Fwp%2Fv2%2Fcomments&post=51917"}],"version-history":[{"count":1,"href":"https:\/\/fedai.az\/index.php?rest_route=\/wp\/v2\/posts\/51917\/revisions"}],"predecessor-version":[{"id":51919,"href":"https:\/\/fedai.az\/index.php?rest_route=\/wp\/v2\/posts\/51917\/revisions\/51919"}],"wp:featuredmedia":[{"embeddable":true,"href":"https:\/\/fedai.az\/index.php?rest_route=\/wp\/v2\/media\/51918"}],"wp:attachment":[{"href":"https:\/\/fedai.az\/index.php?rest_route=%2Fwp%2Fv2%2Fmedia&parent=51917"}],"wp:term":[{"taxonomy":"category","embeddable":true,"href":"https:\/\/fedai.az\/index.php?rest_route=%2Fwp%2Fv2%2Fcategories&post=51917"},{"taxonomy":"post_tag","embeddable":true,"href":"https:\/\/fedai.az\/index.php?rest_route=%2Fwp%2Fv2%2Ftags&post=51917"}],"curies":[{"name":"wp","href":"https:\/\/api.w.org\/{rel}","templated":true}]}}