{"id":52181,"date":"2021-10-27T02:35:06","date_gmt":"2021-10-26T22:35:06","guid":{"rendered":"https:\/\/fedai.az\/?p=52181"},"modified":"2021-10-27T02:35:27","modified_gmt":"2021-10-26T22:35:27","slug":"muharib%c9%99-zamani-dogru-informasiyani-r%c9%99qib-verirdi-erm%c9%99ni-ictimai-xadim","status":"publish","type":"post","link":"https:\/\/fedai.az\/?p=52181","title":{"rendered":"M\u00fcharib\u0259 zaman\u0131 do\u011fru informasiyan\u0131 r\u0259qib verirdi &#8212; Erm\u0259ni ictimai xadim"},"content":{"rendered":"\n<p class=\"wp-block-paragraph\"><strong>\u201cT\u0259\u0259ss\u00fcf ki, m\u00fcharib\u0259 zaman\u0131 do\u011fru informasiyan\u0131 r\u0259qib verirdi, artsrunlar is\u0259 xalq\u0131 aldad\u0131rd\u0131lar ki, qalib g\u0259lirik\u201d.<\/strong><\/p>\n\n\n\n<p class=\"wp-block-paragraph\">EDNews.net\u00a0x\u0259b\u0259r verir ki, bunu \u201cFacebook\u201d s\u0259hif\u0259sind\u0259 erm\u0259ni ictimai xadim \u0130rina Danielyan yaz\u0131b.<br><br>\u201cKreslolara uy\u011funla\u015fm\u0131\u015f m\u00fcxalifl\u0259r, indi n\u0259 dey\u0259c\u0259ksiniz, h\u0259l\u0259 g\u00f6zl\u0259yirsiniz ki, Nikol n\u0259 varsa, imzalas\u0131n, sonra dey\u0259siniz ki, camaat, gecikdik? Kapitulyant s\u00fctunlar\u201d, &#8212; dey\u0259 o qeyd edib.<\/p>\n","protected":false},"excerpt":{"rendered":"<p>\u201cT\u0259\u0259ss\u00fcf ki, m\u00fcharib\u0259 zaman\u0131 do\u011fru informasiyan\u0131 r\u0259qib verirdi, artsrunlar is\u0259 xalq\u0131 aldad\u0131rd\u0131lar ki, qalib g\u0259lirik\u201d. EDNews.net\u00a0x\u0259b\u0259r verir ki, bunu \u201cFacebook\u201d s\u0259hif\u0259sind\u0259 erm\u0259ni ictimai xadim<\/p>\n","protected":false},"author":2,"featured_media":52182,"comment_status":"closed","ping_status":"closed","sticky":false,"template":"","format":"standard","meta":{"footnotes":""},"categories":[4],"tags":[],"class_list":["post-52181","post","type-post","status-publish","format-standard","has-post-thumbnail","hentry","category-qarabag"],"aioseo_notices":[],"aioseo_head":"\n\t\t<!-- All in One SEO 5.0.0.1 - aioseo.com -->\n\t<meta name=\"description\" content=\"\u201cT\u0259\u0259ss\u00fcf ki, m\u00fcharib\u0259 zaman\u0131 do\u011fru informasiyan\u0131 r\u0259qib verirdi, artsrunlar is\u0259 xalq\u0131 aldad\u0131rd\u0131lar ki, qalib g\u0259lirik\u201d. EDNews.net x\u0259b\u0259r verir ki, bunu \u201cFacebook\u201d s\u0259hif\u0259sind\u0259 erm\u0259ni ictimai xadim \u0130rina Danielyan yaz\u0131b.\u201cKreslolara uy\u011funla\u015fm\u0131\u015f m\u00fcxalifl\u0259r, indi n\u0259 dey\u0259c\u0259ksiniz, h\u0259l\u0259 g\u00f6zl\u0259yirsiniz ki, Nikol n\u0259 varsa, imzalas\u0131n, sonra dey\u0259siniz ki, camaat, gecikdik? Kapitulyant s\u00fctunlar\u201d, - dey\u0259 o qeyd edib.\" \/>\n\t<meta name=\"robots\" content=\"max-image-preview:large\" \/>\n\t<meta name=\"author\" content=\"www.Fedai.az\"\/>\n\t<link rel=\"canonical\" href=\"https:\/\/fedai.az\/?p=52181\" \/>\n\t<meta name=\"generator\" content=\"All in One SEO (AIOSEO) 5.0.0.1\" \/>\n\t\t<meta property=\"og:locale\" content=\"ru_RU\" \/>\n\t\t<meta property=\"og:site_name\" content=\"&quot;F\u0259dai&quot; q\u0259zeti\" \/>\n\t\t<meta property=\"og:type\" content=\"article\" \/>\n\t\t<meta property=\"og:title\" content=\"M\u00fcharib\u0259 zaman\u0131 do\u011fru informasiyan\u0131 r\u0259qib verirdi \u2014 Erm\u0259ni ictimai xadim | &quot;F\u0259dai&quot; q\u0259zeti\" \/>\n\t\t<meta property=\"og:description\" content=\"\u201cT\u0259\u0259ss\u00fcf ki, m\u00fcharib\u0259 zaman\u0131 do\u011fru informasiyan\u0131 r\u0259qib verirdi, artsrunlar is\u0259 xalq\u0131 aldad\u0131rd\u0131lar ki, qalib g\u0259lirik\u201d. EDNews.net x\u0259b\u0259r verir ki, bunu \u201cFacebook\u201d s\u0259hif\u0259sind\u0259 erm\u0259ni ictimai xadim \u0130rina Danielyan yaz\u0131b.\u201cKreslolara uy\u011funla\u015fm\u0131\u015f m\u00fcxalifl\u0259r, indi n\u0259 dey\u0259c\u0259ksiniz, h\u0259l\u0259 g\u00f6zl\u0259yirsiniz ki, Nikol n\u0259 varsa, imzalas\u0131n, sonra dey\u0259siniz ki, camaat, gecikdik? Kapitulyant s\u00fctunlar\u201d, - dey\u0259 o qeyd edib.\" \/>\n\t\t<meta property=\"og:url\" content=\"https:\/\/fedai.az\/?p=52181\" \/>\n\t\t<meta property=\"fb:app_id\" content=\"696809432257740\" \/>\n\t\t<meta property=\"og:image\" content=\"https:\/\/fedai.az\/wp-content\/uploads\/2021\/10\/photo_485232.jpg\" \/>\n\t\t<meta property=\"og:image:secure_url\" content=\"https:\/\/fedai.az\/wp-content\/uploads\/2021\/10\/photo_485232.jpg\" \/>\n\t\t<meta property=\"og:image:width\" content=\"620\" \/>\n\t\t<meta property=\"og:image:height\" content=\"350\" \/>\n\t\t<meta property=\"article:published_time\" content=\"2021-10-26T22:35:06+00:00\" \/>\n\t\t<meta property=\"article:modified_time\" content=\"2021-10-26T22:35:27+00:00\" \/>\n\t\t<meta property=\"article:publisher\" content=\"https:\/\/facebook.com\/fedai.az\" \/>\n\t\t<meta name=\"twitter:card\" content=\"summary\" \/>\n\t\t<meta name=\"twitter:site\" content=\"@fedai.az\" \/>\n\t\t<meta name=\"twitter:title\" content=\"M\u00fcharib\u0259 zaman\u0131 do\u011fru informasiyan\u0131 r\u0259qib verirdi \u2014 Erm\u0259ni ictimai xadim | &quot;F\u0259dai&quot; q\u0259zeti\" \/>\n\t\t<meta name=\"twitter:description\" content=\"\u201cT\u0259\u0259ss\u00fcf ki, m\u00fcharib\u0259 zaman\u0131 do\u011fru informasiyan\u0131 r\u0259qib verirdi, artsrunlar is\u0259 xalq\u0131 aldad\u0131rd\u0131lar ki, qalib g\u0259lirik\u201d. EDNews.net x\u0259b\u0259r verir ki, bunu \u201cFacebook\u201d s\u0259hif\u0259sind\u0259 erm\u0259ni ictimai xadim \u0130rina Danielyan yaz\u0131b.\u201cKreslolara uy\u011funla\u015fm\u0131\u015f m\u00fcxalifl\u0259r, indi n\u0259 dey\u0259c\u0259ksiniz, h\u0259l\u0259 g\u00f6zl\u0259yirsiniz ki, Nikol n\u0259 varsa, imzalas\u0131n, sonra dey\u0259siniz ki, camaat, gecikdik? Kapitulyant s\u00fctunlar\u201d, - dey\u0259 o qeyd edib.\" \/>\n\t\t<meta name=\"twitter:image\" content=\"https:\/\/fedai.az\/wp-content\/uploads\/2021\/10\/photo_485232.jpg\" \/>\n\t\t<script type=\"application\/ld+json\" class=\"aioseo-schema\">\n\t\t\t{\"@context\":\"https:\\\/\\\/schema.org\",\"@graph\":[{\"@type\":\"Article\",\"@id\":\"https:\\\/\\\/fedai.az\\\/?p=52181#article\",\"name\":\"M\\u00fcharib\\u0259 zaman\\u0131 do\\u011fru informasiyan\\u0131 r\\u0259qib verirdi \\u2014 Erm\\u0259ni ictimai xadim | \\\"F\\u0259dai\\\" q\\u0259zeti\",\"headline\":\"M\\u00fcharib\\u0259 zaman\\u0131 do\\u011fru informasiyan\\u0131 r\\u0259qib verirdi &#8212; Erm\\u0259ni ictimai xadim\",\"author\":{\"@id\":\"https:\\\/\\\/fedai.az\\\/?author=2#author\"},\"publisher\":{\"@id\":\"https:\\\/\\\/fedai.az\\\/#organization\"},\"image\":{\"@type\":\"ImageObject\",\"url\":\"https:\\\/\\\/fedai.az\\\/wp-content\\\/uploads\\\/2021\\\/10\\\/photo_485232.jpg\",\"width\":620,\"height\":350},\"datePublished\":\"2021-10-27T02:35:06+04:00\",\"dateModified\":\"2021-10-27T02:35:27+04:00\",\"inLanguage\":\"ru-RU\",\"mainEntityOfPage\":{\"@id\":\"https:\\\/\\\/fedai.az\\\/?p=52181#webpage\"},\"isPartOf\":{\"@id\":\"https:\\\/\\\/fedai.az\\\/?p=52181#webpage\"},\"articleSection\":\"Qaraba\\u011f\"},{\"@type\":\"BreadcrumbList\",\"@id\":\"https:\\\/\\\/fedai.az\\\/?p=52181#breadcrumblist\",\"itemListElement\":[{\"@type\":\"ListItem\",\"@id\":\"https:\\\/\\\/fedai.az#listItem\",\"position\":1,\"name\":\"Home\",\"item\":\"https:\\\/\\\/fedai.az\",\"nextItem\":{\"@type\":\"ListItem\",\"@id\":\"https:\\\/\\\/fedai.az\\\/?cat=4#listItem\",\"name\":\"Qaraba\\u011f\"}},{\"@type\":\"ListItem\",\"@id\":\"https:\\\/\\\/fedai.az\\\/?cat=4#listItem\",\"position\":2,\"name\":\"Qaraba\\u011f\",\"item\":\"https:\\\/\\\/fedai.az\\\/?cat=4\",\"nextItem\":{\"@type\":\"ListItem\",\"@id\":\"https:\\\/\\\/fedai.az\\\/?p=52181#listItem\",\"name\":\"M\\u00fcharib\\u0259 zaman\\u0131 do\\u011fru informasiyan\\u0131 r\\u0259qib verirdi &#8212; Erm\\u0259ni ictimai xadim\"},\"previousItem\":{\"@type\":\"ListItem\",\"@id\":\"https:\\\/\\\/fedai.az#listItem\",\"name\":\"Home\"}},{\"@type\":\"ListItem\",\"@id\":\"https:\\\/\\\/fedai.az\\\/?p=52181#listItem\",\"position\":3,\"name\":\"M\\u00fcharib\\u0259 zaman\\u0131 do\\u011fru informasiyan\\u0131 r\\u0259qib verirdi &#8212; Erm\\u0259ni ictimai xadim\",\"previousItem\":{\"@type\":\"ListItem\",\"@id\":\"https:\\\/\\\/fedai.az\\\/?cat=4#listItem\",\"name\":\"Qaraba\\u011f\"}}]},{\"@type\":\"Organization\",\"@id\":\"https:\\\/\\\/fedai.az\\\/#organization\",\"name\":\"\\\"F\\u0259dai\\\" q\\u0259zeti\",\"description\":\"Az\\u0259rbaycan V\\u0259t\\u0259n M\\u00fcharib\\u0259si Veteranlar\\u0131 \\u0130ctimai Birliyi\",\"url\":\"https:\\\/\\\/fedai.az\\\/\",\"logo\":{\"@type\":\"ImageObject\",\"url\":\"https:\\\/\\\/fedai.az\\\/wp-content\\\/uploads\\\/2022\\\/09\\\/logo3.png\",\"@id\":\"https:\\\/\\\/fedai.az\\\/?p=52181\\\/#organizationLogo\",\"width\":500,\"height\":100},\"image\":{\"@id\":\"https:\\\/\\\/fedai.az\\\/?p=52181\\\/#organizationLogo\"},\"sameAs\":[\"https:\\\/\\\/instagram.com\\\/fedai.az\",\"https:\\\/\\\/pinterest.com\\\/fedai.az\",\"https:\\\/\\\/youtube.com\\\/fedai.az\",\"https:\\\/\\\/linkedin.com\\\/in\\\/fedai.az\"]},{\"@type\":\"Person\",\"@id\":\"https:\\\/\\\/fedai.az\\\/?author=2#author\",\"url\":\"https:\\\/\\\/fedai.az\\\/?author=2\",\"name\":\"www.Fedai.az\",\"image\":{\"@type\":\"ImageObject\",\"@id\":\"https:\\\/\\\/fedai.az\\\/?p=52181#authorImage\",\"url\":\"https:\\\/\\\/secure.gravatar.com\\\/avatar\\\/d861e138a4bd3ce6812a7aa95e796aa05e165f28ecde9a972c6789a09fcd1daa?s=96&d=mm&r=g\",\"width\":96,\"height\":96,\"caption\":\"www.Fedai.az\"}},{\"@type\":\"WebPage\",\"@id\":\"https:\\\/\\\/fedai.az\\\/?p=52181#webpage\",\"url\":\"https:\\\/\\\/fedai.az\\\/?p=52181\",\"name\":\"M\\u00fcharib\\u0259 zaman\\u0131 do\\u011fru informasiyan\\u0131 r\\u0259qib verirdi \\u2014 Erm\\u0259ni ictimai xadim | \\\"F\\u0259dai\\\" q\\u0259zeti\",\"description\":\"\\u201cT\\u0259\\u0259ss\\u00fcf ki, m\\u00fcharib\\u0259 zaman\\u0131 do\\u011fru informasiyan\\u0131 r\\u0259qib verirdi, artsrunlar is\\u0259 xalq\\u0131 aldad\\u0131rd\\u0131lar ki, qalib g\\u0259lirik\\u201d. EDNews.net x\\u0259b\\u0259r verir ki, bunu \\u201cFacebook\\u201d s\\u0259hif\\u0259sind\\u0259 erm\\u0259ni ictimai xadim \\u0130rina Danielyan yaz\\u0131b.\\u201cKreslolara uy\\u011funla\\u015fm\\u0131\\u015f m\\u00fcxalifl\\u0259r, indi n\\u0259 dey\\u0259c\\u0259ksiniz, h\\u0259l\\u0259 g\\u00f6zl\\u0259yirsiniz ki, Nikol n\\u0259 varsa, imzalas\\u0131n, sonra dey\\u0259siniz ki, camaat, gecikdik? Kapitulyant s\\u00fctunlar\\u201d, - dey\\u0259 o qeyd edib.\",\"inLanguage\":\"ru-RU\",\"isPartOf\":{\"@id\":\"https:\\\/\\\/fedai.az\\\/#website\"},\"breadcrumb\":{\"@id\":\"https:\\\/\\\/fedai.az\\\/?p=52181#breadcrumblist\"},\"author\":{\"@id\":\"https:\\\/\\\/fedai.az\\\/?author=2#author\"},\"creator\":{\"@id\":\"https:\\\/\\\/fedai.az\\\/?author=2#author\"},\"image\":{\"@type\":\"ImageObject\",\"url\":\"https:\\\/\\\/fedai.az\\\/wp-content\\\/uploads\\\/2021\\\/10\\\/photo_485232.jpg\",\"@id\":\"https:\\\/\\\/fedai.az\\\/?p=52181\\\/#mainImage\",\"width\":620,\"height\":350},\"primaryImageOfPage\":{\"@id\":\"https:\\\/\\\/fedai.az\\\/?p=52181#mainImage\"},\"datePublished\":\"2021-10-27T02:35:06+04:00\",\"dateModified\":\"2021-10-27T02:35:27+04:00\"},{\"@type\":\"WebSite\",\"@id\":\"https:\\\/\\\/fedai.az\\\/#website\",\"url\":\"https:\\\/\\\/fedai.az\\\/\",\"name\":\"\\\"F\\u0259dai\\\" q\\u0259zeti\",\"description\":\"Az\\u0259rbaycan V\\u0259t\\u0259n M\\u00fcharib\\u0259si Veteranlar\\u0131 \\u0130ctimai Birliyi\",\"inLanguage\":\"ru-RU\",\"publisher\":{\"@id\":\"https:\\\/\\\/fedai.az\\\/#organization\"}}]}\n\t\t<\/script>\n\t\t<!-- All in One SEO -->\n\n","aioseo_head_json":{"title":"M\u00fcharib\u0259 zaman\u0131 do\u011fru informasiyan\u0131 r\u0259qib verirdi \u2014 Erm\u0259ni ictimai xadim | \"F\u0259dai\" q\u0259zeti","description":"\u201cT\u0259\u0259ss\u00fcf ki, m\u00fcharib\u0259 zaman\u0131 do\u011fru informasiyan\u0131 r\u0259qib verirdi, artsrunlar is\u0259 xalq\u0131 aldad\u0131rd\u0131lar ki, qalib g\u0259lirik\u201d. EDNews.net x\u0259b\u0259r verir ki, bunu \u201cFacebook\u201d s\u0259hif\u0259sind\u0259 erm\u0259ni ictimai xadim \u0130rina Danielyan yaz\u0131b.\u201cKreslolara uy\u011funla\u015fm\u0131\u015f m\u00fcxalifl\u0259r, indi n\u0259 dey\u0259c\u0259ksiniz, h\u0259l\u0259 g\u00f6zl\u0259yirsiniz ki, Nikol n\u0259 varsa, imzalas\u0131n, sonra dey\u0259siniz ki, camaat, gecikdik? Kapitulyant s\u00fctunlar\u201d, - dey\u0259 o qeyd edib.","canonical_url":"https:\/\/fedai.az\/?p=52181","robots":"max-image-preview:large","keywords":"","webmasterTools":{"miscellaneous":""},"schema":{"@context":"https:\/\/schema.org","@graph":[{"@type":"Article","@id":"https:\/\/fedai.az\/?p=52181#article","name":"M\u00fcharib\u0259 zaman\u0131 do\u011fru informasiyan\u0131 r\u0259qib verirdi \u2014 Erm\u0259ni ictimai xadim | \"F\u0259dai\" q\u0259zeti","headline":"M\u00fcharib\u0259 zaman\u0131 do\u011fru informasiyan\u0131 r\u0259qib verirdi &#8212; Erm\u0259ni ictimai xadim","author":{"@id":"https:\/\/fedai.az\/?author=2#author"},"publisher":{"@id":"https:\/\/fedai.az\/#organization"},"image":{"@type":"ImageObject","url":"https:\/\/fedai.az\/wp-content\/uploads\/2021\/10\/photo_485232.jpg","width":620,"height":350},"datePublished":"2021-10-27T02:35:06+04:00","dateModified":"2021-10-27T02:35:27+04:00","inLanguage":"ru-RU","mainEntityOfPage":{"@id":"https:\/\/fedai.az\/?p=52181#webpage"},"isPartOf":{"@id":"https:\/\/fedai.az\/?p=52181#webpage"},"articleSection":"Qaraba\u011f"},{"@type":"BreadcrumbList","@id":"https:\/\/fedai.az\/?p=52181#breadcrumblist","itemListElement":[{"@type":"ListItem","@id":"https:\/\/fedai.az#listItem","position":1,"name":"Home","item":"https:\/\/fedai.az","nextItem":{"@type":"ListItem","@id":"https:\/\/fedai.az\/?cat=4#listItem","name":"Qaraba\u011f"}},{"@type":"ListItem","@id":"https:\/\/fedai.az\/?cat=4#listItem","position":2,"name":"Qaraba\u011f","item":"https:\/\/fedai.az\/?cat=4","nextItem":{"@type":"ListItem","@id":"https:\/\/fedai.az\/?p=52181#listItem","name":"M\u00fcharib\u0259 zaman\u0131 do\u011fru informasiyan\u0131 r\u0259qib verirdi &#8212; Erm\u0259ni ictimai xadim"},"previousItem":{"@type":"ListItem","@id":"https:\/\/fedai.az#listItem","name":"Home"}},{"@type":"ListItem","@id":"https:\/\/fedai.az\/?p=52181#listItem","position":3,"name":"M\u00fcharib\u0259 zaman\u0131 do\u011fru informasiyan\u0131 r\u0259qib verirdi &#8212; Erm\u0259ni ictimai xadim","previousItem":{"@type":"ListItem","@id":"https:\/\/fedai.az\/?cat=4#listItem","name":"Qaraba\u011f"}}]},{"@type":"Organization","@id":"https:\/\/fedai.az\/#organization","name":"\"F\u0259dai\" q\u0259zeti","description":"Az\u0259rbaycan V\u0259t\u0259n M\u00fcharib\u0259si Veteranlar\u0131 \u0130ctimai Birliyi","url":"https:\/\/fedai.az\/","logo":{"@type":"ImageObject","url":"https:\/\/fedai.az\/wp-content\/uploads\/2022\/09\/logo3.png","@id":"https:\/\/fedai.az\/?p=52181\/#organizationLogo","width":500,"height":100},"image":{"@id":"https:\/\/fedai.az\/?p=52181\/#organizationLogo"},"sameAs":["https:\/\/instagram.com\/fedai.az","https:\/\/pinterest.com\/fedai.az","https:\/\/youtube.com\/fedai.az","https:\/\/linkedin.com\/in\/fedai.az"]},{"@type":"Person","@id":"https:\/\/fedai.az\/?author=2#author","url":"https:\/\/fedai.az\/?author=2","name":"www.Fedai.az","image":{"@type":"ImageObject","@id":"https:\/\/fedai.az\/?p=52181#authorImage","url":"https:\/\/secure.gravatar.com\/avatar\/d861e138a4bd3ce6812a7aa95e796aa05e165f28ecde9a972c6789a09fcd1daa?s=96&d=mm&r=g","width":96,"height":96,"caption":"www.Fedai.az"}},{"@type":"WebPage","@id":"https:\/\/fedai.az\/?p=52181#webpage","url":"https:\/\/fedai.az\/?p=52181","name":"M\u00fcharib\u0259 zaman\u0131 do\u011fru informasiyan\u0131 r\u0259qib verirdi \u2014 Erm\u0259ni ictimai xadim | \"F\u0259dai\" q\u0259zeti","description":"\u201cT\u0259\u0259ss\u00fcf ki, m\u00fcharib\u0259 zaman\u0131 do\u011fru informasiyan\u0131 r\u0259qib verirdi, artsrunlar is\u0259 xalq\u0131 aldad\u0131rd\u0131lar ki, qalib g\u0259lirik\u201d. EDNews.net x\u0259b\u0259r verir ki, bunu \u201cFacebook\u201d s\u0259hif\u0259sind\u0259 erm\u0259ni ictimai xadim \u0130rina Danielyan yaz\u0131b.\u201cKreslolara uy\u011funla\u015fm\u0131\u015f m\u00fcxalifl\u0259r, indi n\u0259 dey\u0259c\u0259ksiniz, h\u0259l\u0259 g\u00f6zl\u0259yirsiniz ki, Nikol n\u0259 varsa, imzalas\u0131n, sonra dey\u0259siniz ki, camaat, gecikdik? Kapitulyant s\u00fctunlar\u201d, - dey\u0259 o qeyd edib.","inLanguage":"ru-RU","isPartOf":{"@id":"https:\/\/fedai.az\/#website"},"breadcrumb":{"@id":"https:\/\/fedai.az\/?p=52181#breadcrumblist"},"author":{"@id":"https:\/\/fedai.az\/?author=2#author"},"creator":{"@id":"https:\/\/fedai.az\/?author=2#author"},"image":{"@type":"ImageObject","url":"https:\/\/fedai.az\/wp-content\/uploads\/2021\/10\/photo_485232.jpg","@id":"https:\/\/fedai.az\/?p=52181\/#mainImage","width":620,"height":350},"primaryImageOfPage":{"@id":"https:\/\/fedai.az\/?p=52181#mainImage"},"datePublished":"2021-10-27T02:35:06+04:00","dateModified":"2021-10-27T02:35:27+04:00"},{"@type":"WebSite","@id":"https:\/\/fedai.az\/#website","url":"https:\/\/fedai.az\/","name":"\"F\u0259dai\" q\u0259zeti","description":"Az\u0259rbaycan V\u0259t\u0259n M\u00fcharib\u0259si Veteranlar\u0131 \u0130ctimai Birliyi","inLanguage":"ru-RU","publisher":{"@id":"https:\/\/fedai.az\/#organization"}}]},"og:locale":"ru_RU","og:site_name":"&quot;F\u0259dai&quot; q\u0259zeti","og:type":"article","og:title":"M\u00fcharib\u0259 zaman\u0131 do\u011fru informasiyan\u0131 r\u0259qib verirdi \u2014 Erm\u0259ni ictimai xadim | &quot;F\u0259dai&quot; q\u0259zeti","og:description":"\u201cT\u0259\u0259ss\u00fcf ki, m\u00fcharib\u0259 zaman\u0131 do\u011fru informasiyan\u0131 r\u0259qib verirdi, artsrunlar is\u0259 xalq\u0131 aldad\u0131rd\u0131lar ki, qalib g\u0259lirik\u201d. EDNews.net x\u0259b\u0259r verir ki, bunu \u201cFacebook\u201d s\u0259hif\u0259sind\u0259 erm\u0259ni ictimai xadim \u0130rina Danielyan yaz\u0131b.\u201cKreslolara uy\u011funla\u015fm\u0131\u015f m\u00fcxalifl\u0259r, indi n\u0259 dey\u0259c\u0259ksiniz, h\u0259l\u0259 g\u00f6zl\u0259yirsiniz ki, Nikol n\u0259 varsa, imzalas\u0131n, sonra dey\u0259siniz ki, camaat, gecikdik? Kapitulyant s\u00fctunlar\u201d, - dey\u0259 o qeyd edib.","og:url":"https:\/\/fedai.az\/?p=52181","fb:app_id":"696809432257740","og:image":"https:\/\/fedai.az\/wp-content\/uploads\/2021\/10\/photo_485232.jpg","og:image:secure_url":"https:\/\/fedai.az\/wp-content\/uploads\/2021\/10\/photo_485232.jpg","og:image:width":620,"og:image:height":350,"article:published_time":"2021-10-26T22:35:06+00:00","article:modified_time":"2021-10-26T22:35:27+00:00","article:publisher":"https:\/\/facebook.com\/fedai.az","twitter:card":"summary","twitter:site":"@fedai.az","twitter:title":"M\u00fcharib\u0259 zaman\u0131 do\u011fru informasiyan\u0131 r\u0259qib verirdi \u2014 Erm\u0259ni ictimai xadim | &quot;F\u0259dai&quot; q\u0259zeti","twitter:description":"\u201cT\u0259\u0259ss\u00fcf ki, m\u00fcharib\u0259 zaman\u0131 do\u011fru informasiyan\u0131 r\u0259qib verirdi, artsrunlar is\u0259 xalq\u0131 aldad\u0131rd\u0131lar ki, qalib g\u0259lirik\u201d. EDNews.net x\u0259b\u0259r verir ki, bunu \u201cFacebook\u201d s\u0259hif\u0259sind\u0259 erm\u0259ni ictimai xadim \u0130rina Danielyan yaz\u0131b.\u201cKreslolara uy\u011funla\u015fm\u0131\u015f m\u00fcxalifl\u0259r, indi n\u0259 dey\u0259c\u0259ksiniz, h\u0259l\u0259 g\u00f6zl\u0259yirsiniz ki, Nikol n\u0259 varsa, imzalas\u0131n, sonra dey\u0259siniz ki, camaat, gecikdik? Kapitulyant s\u00fctunlar\u201d, - dey\u0259 o qeyd edib.","twitter:image":"https:\/\/fedai.az\/wp-content\/uploads\/2021\/10\/photo_485232.jpg"},"aioseo_meta_data":{"post_id":"52181","title":null,"description":null,"keywords":[],"keyphrases":{"focus":[],"additional":[]},"primary_term":null,"canonical_url":null,"og_title":null,"og_description":null,"og_object_type":"default","og_image_type":"default","og_image_url":null,"og_image_width":null,"og_image_height":null,"og_image_custom_url":null,"og_image_custom_fields":null,"og_video":"","og_custom_url":null,"og_article_section":null,"og_article_tags":[],"twitter_use_og":false,"twitter_card":"default","twitter_image_type":"default","twitter_image_url":null,"twitter_image_custom_url":null,"twitter_image_custom_fields":null,"twitter_title":null,"twitter_description":null,"schema":{"blockGraphs":[],"customGraphs":[],"default":{"data":{"Article":{"id":"aioseo-article-63bd0250af36b","slug":"article","graphName":"Article","label":"\u0421\u0442\u0430\u0442\u044c\u044f","properties":{"type":"BlogPosting","name":"#post_title","headline":"#post_title","description":"#post_excerpt","image":"","keywords":"","author":{"name":"#author_name","url":"#author_url"},"dates":{"include":true,"datePublished":"","dateModified":""}}},"Course":[],"Dataset":[],"FAQPage":[],"Movie":[],"Person":[],"Product":[],"ProductReview":[],"Car":[],"Recipe":[],"Service":[],"SoftwareApplication":[],"WebPage":[]},"graphName":"Article","isEnabled":true},"graphs":[]},"schema_type":"default","schema_type_options":"{\"article\":{\"articleType\":\"BlogPosting\"},\"course\":{\"name\":\"\",\"description\":\"\",\"provider\":\"\"},\"faq\":{\"pages\":[]},\"product\":{\"reviews\":[]},\"recipe\":{\"ingredients\":[],\"instructions\":[],\"keywords\":[]},\"software\":{\"reviews\":[],\"operatingSystems\":[]},\"webPage\":{\"webPageType\":\"WebPage\"}}","pillar_content":false,"robots_default":true,"robots_noindex":false,"robots_noarchive":false,"robots_nosnippet":false,"robots_nofollow":false,"robots_noimageindex":false,"robots_noodp":false,"robots_notranslate":false,"robots_max_snippet":"-1","robots_max_videopreview":"-1","robots_max_imagepreview":"large","priority":null,"frequency":"default","local_seo":{"locations":{"business":{"name":"","businessType":"","image":"","areaServed":"","urls":{"website":"","aboutPage":"","contactPage":""},"address":{"streetLine1":"","streetLine2":"","zipCode":"","city":"","state":"","country":"","addressFormat":"#streetLineOne\n#streetLineTwo\n#city, #state #zipCode"},"contact":{"email":"","phone":"","phoneFormatted":"","fax":"","faxFormatted":""},"ids":{"vat":"","tax":"","chamberOfCommerce":""},"payment":{"priceRange":"","currenciesAccepted":"","methods":""}}},"openingHours":{"useDefaults":true,"show":true,"alwaysOpen":false,"use24hFormat":false,"timezone":"","labels":{"closed":"","alwaysOpen":""},"days":{"monday":{"open24h":false,"closed":false,"openTime":"09:00","closeTime":"17:00"},"tuesday":{"open24h":false,"closed":false,"openTime":"09:00","closeTime":"17:00"},"wednesday":{"open24h":false,"closed":false,"openTime":"09:00","closeTime":"17:00"},"thursday":{"open24h":false,"closed":false,"openTime":"09:00","closeTime":"17:00"},"friday":{"open24h":false,"closed":false,"openTime":"09:00","closeTime":"17:00"},"saturday":{"open24h":false,"closed":false,"openTime":"09:00","closeTime":"17:00"},"sunday":{"open24h":false,"closed":false,"openTime":"09:00","closeTime":"17:00"}}}},"breadcrumb_settings":null,"limit_modified_date":false,"ai":null,"created":"2021-10-26 22:34:00","updated":"2025-06-08 06:12:11","seo_analyzer_scan_date":null,"focus_keyword":null,"additional_keywords":null,"truseo_locale":null},"aioseo_breadcrumb":"<div class=\"aioseo-breadcrumbs\"><span class=\"aioseo-breadcrumb\">\n\t\t\t<a href=\"https:\/\/fedai.az\" title=\"Home\">Home<\/a>\n\t\t<\/span><span class=\"aioseo-breadcrumb-separator\">\u00bb<\/span><span class=\"aioseo-breadcrumb\">\n\t\t\t<a href=\"https:\/\/fedai.az\/?cat=4\" title=\"Qaraba\u011f\">Qaraba\u011f<\/a>\n\t\t<\/span><span class=\"aioseo-breadcrumb-separator\">\u00bb<\/span><span class=\"aioseo-breadcrumb\">\n\t\t\tM\u00fcharib\u0259 zaman\u0131 do\u011fru informasiyan\u0131 r\u0259qib verirdi \u2014 Erm\u0259ni ictimai xadim\n\t\t<\/span><\/div>","aioseo_breadcrumb_json":[{"label":"Home","link":"https:\/\/fedai.az"},{"label":"Qaraba\u011f","link":"https:\/\/fedai.az\/?cat=4"},{"label":"M\u00fcharib\u0259 zaman\u0131 do\u011fru informasiyan\u0131 r\u0259qib verirdi &#8212; Erm\u0259ni ictimai xadim","link":"https:\/\/fedai.az\/?p=52181"}],"_links":{"self":[{"href":"https:\/\/fedai.az\/index.php?rest_route=\/wp\/v2\/posts\/52181","targetHints":{"allow":["GET"]}}],"collection":[{"href":"https:\/\/fedai.az\/index.php?rest_route=\/wp\/v2\/posts"}],"about":[{"href":"https:\/\/fedai.az\/index.php?rest_route=\/wp\/v2\/types\/post"}],"author":[{"embeddable":true,"href":"https:\/\/fedai.az\/index.php?rest_route=\/wp\/v2\/users\/2"}],"replies":[{"embeddable":true,"href":"https:\/\/fedai.az\/index.php?rest_route=%2Fwp%2Fv2%2Fcomments&post=52181"}],"version-history":[{"count":1,"href":"https:\/\/fedai.az\/index.php?rest_route=\/wp\/v2\/posts\/52181\/revisions"}],"predecessor-version":[{"id":52183,"href":"https:\/\/fedai.az\/index.php?rest_route=\/wp\/v2\/posts\/52181\/revisions\/52183"}],"wp:featuredmedia":[{"embeddable":true,"href":"https:\/\/fedai.az\/index.php?rest_route=\/wp\/v2\/media\/52182"}],"wp:attachment":[{"href":"https:\/\/fedai.az\/index.php?rest_route=%2Fwp%2Fv2%2Fmedia&parent=52181"}],"wp:term":[{"taxonomy":"category","embeddable":true,"href":"https:\/\/fedai.az\/index.php?rest_route=%2Fwp%2Fv2%2Fcategories&post=52181"},{"taxonomy":"post_tag","embeddable":true,"href":"https:\/\/fedai.az\/index.php?rest_route=%2Fwp%2Fv2%2Ftags&post=52181"}],"curies":[{"name":"wp","href":"https:\/\/api.w.org\/{rel}","templated":true}]}}