{"id":53322,"date":"2021-11-08T17:59:28","date_gmt":"2021-11-08T13:59:28","guid":{"rendered":"https:\/\/fedai.az\/?p=53322"},"modified":"2021-11-08T17:59:32","modified_gmt":"2021-11-08T13:59:32","slug":"prezident-ilham-%c9%99liyev-susada-hulusi-akari-q%c9%99bul-etdi","status":"publish","type":"post","link":"https:\/\/fedai.az\/?p=53322","title":{"rendered":"Prezident \u0130lham \u018fliyev \u015eu\u015fada Hulusi Akar\u0131 q\u0259bul etdi"},"content":{"rendered":"\n<p class=\"wp-block-paragraph\"><strong>Az\u0259rbaycan Prezidenti, Silahl\u0131 Q\u00fcvv\u0259l\u0259rin Ali Ba\u015f Komandan\u0131 \u0130lham \u018fliyev \u015eu\u015fada T\u00fcrkiy\u0259nin milli m\u00fcdafi\u0259 naziri Hulusi Akar\u0131n ba\u015f\u00e7\u0131l\u0131q etdiyi h\u0259rbi n\u00fcmay\u0259nd\u0259 hey\u0259tini q\u0259bul edib.<\/strong><\/p>\n\n\n\n<p class=\"wp-block-paragraph\">G\u00f6r\u00fc\u015f zaman\u0131 H.Akar 8 Noyabr-Z\u0259f\u0259r G\u00fcn\u00fc m\u00fcnasib\u0259til\u0259 t\u0259brikl\u0259rini \u00e7atd\u0131r\u0131b.<\/p>\n\n\n\n<figure class=\"wp-block-image size-large is-resized\"><img loading=\"lazy\" decoding=\"async\" src=\"https:\/\/fedai.az\/wp-content\/uploads\/2021\/11\/61c63648-39f7-338d-9044-73245aaeca90.jpg\" alt=\"\" class=\"wp-image-53323\" width=\"922\" height=\"577\" srcset=\"https:\/\/fedai.az\/wp-content\/uploads\/2021\/11\/61c63648-39f7-338d-9044-73245aaeca90.jpg 650w, https:\/\/fedai.az\/wp-content\/uploads\/2021\/11\/61c63648-39f7-338d-9044-73245aaeca90-300x188.jpg 300w, https:\/\/fedai.az\/wp-content\/uploads\/2021\/11\/61c63648-39f7-338d-9044-73245aaeca90-150x94.jpg 150w, https:\/\/fedai.az\/wp-content\/uploads\/2021\/11\/61c63648-39f7-338d-9044-73245aaeca90-115x73.jpg 115w\" sizes=\"auto, (max-width: 922px) 100vw, 922px\" \/><\/figure>\n","protected":false},"excerpt":{"rendered":"<p>Az\u0259rbaycan Prezidenti, Silahl\u0131 Q\u00fcvv\u0259l\u0259rin Ali Ba\u015f Komandan\u0131 \u0130lham \u018fliyev \u015eu\u015fada T\u00fcrkiy\u0259nin milli m\u00fcdafi\u0259 naziri Hulusi Akar\u0131n ba\u015f\u00e7\u0131l\u0131q etdiyi h\u0259rbi n\u00fcmay\u0259nd\u0259 hey\u0259tini q\u0259bul edib. G\u00f6r\u00fc\u015f<\/p>\n","protected":false},"author":2,"featured_media":53324,"comment_status":"closed","ping_status":"closed","sticky":false,"template":"","format":"standard","meta":{"footnotes":""},"categories":[3],"tags":[],"class_list":["post-53322","post","type-post","status-publish","format-standard","has-post-thumbnail","hentry","category-gundm"],"aioseo_notices":[],"aioseo_head":"\n\t\t<!-- All in One SEO 5.0.0.1 - aioseo.com -->\n\t<meta name=\"description\" content=\"Az\u0259rbaycan Prezidenti, Silahl\u0131 Q\u00fcvv\u0259l\u0259rin Ali Ba\u015f Komandan\u0131 \u0130lham \u018fliyev \u015eu\u015fada T\u00fcrkiy\u0259nin milli m\u00fcdafi\u0259 naziri Hulusi Akar\u0131n ba\u015f\u00e7\u0131l\u0131q etdiyi h\u0259rbi n\u00fcmay\u0259nd\u0259 hey\u0259tini q\u0259bul edib. G\u00f6r\u00fc\u015f zaman\u0131 H.Akar 8 Noyabr-Z\u0259f\u0259r G\u00fcn\u00fc m\u00fcnasib\u0259til\u0259 t\u0259brikl\u0259rini \u00e7atd\u0131r\u0131b.\" \/>\n\t<meta name=\"robots\" content=\"max-image-preview:large\" \/>\n\t<meta name=\"author\" content=\"www.Fedai.az\"\/>\n\t<link rel=\"canonical\" href=\"https:\/\/fedai.az\/?p=53322\" \/>\n\t<meta name=\"generator\" content=\"All in One SEO (AIOSEO) 5.0.0.1\" \/>\n\t\t<meta property=\"og:locale\" content=\"ru_RU\" \/>\n\t\t<meta property=\"og:site_name\" content=\"&quot;F\u0259dai&quot; q\u0259zeti\" \/>\n\t\t<meta property=\"og:type\" content=\"article\" \/>\n\t\t<meta property=\"og:title\" content=\"Prezident \u0130lham \u018fliyev \u015eu\u015fada Hulusi Akar\u0131 q\u0259bul etdi | &quot;F\u0259dai&quot; q\u0259zeti\" \/>\n\t\t<meta property=\"og:description\" content=\"Az\u0259rbaycan Prezidenti, Silahl\u0131 Q\u00fcvv\u0259l\u0259rin Ali Ba\u015f Komandan\u0131 \u0130lham \u018fliyev \u015eu\u015fada T\u00fcrkiy\u0259nin milli m\u00fcdafi\u0259 naziri Hulusi Akar\u0131n ba\u015f\u00e7\u0131l\u0131q etdiyi h\u0259rbi n\u00fcmay\u0259nd\u0259 hey\u0259tini q\u0259bul edib. G\u00f6r\u00fc\u015f zaman\u0131 H.Akar 8 Noyabr-Z\u0259f\u0259r G\u00fcn\u00fc m\u00fcnasib\u0259til\u0259 t\u0259brikl\u0259rini \u00e7atd\u0131r\u0131b.\" \/>\n\t\t<meta property=\"og:url\" content=\"https:\/\/fedai.az\/?p=53322\" \/>\n\t\t<meta property=\"fb:app_id\" content=\"696809432257740\" \/>\n\t\t<meta property=\"og:image\" content=\"https:\/\/fedai.az\/wp-content\/uploads\/2021\/11\/3e686c5a-8e77-37fc-87c4-5e4bccee447c.jpg\" \/>\n\t\t<meta property=\"og:image:secure_url\" content=\"https:\/\/fedai.az\/wp-content\/uploads\/2021\/11\/3e686c5a-8e77-37fc-87c4-5e4bccee447c.jpg\" \/>\n\t\t<meta property=\"og:image:width\" content=\"650\" \/>\n\t\t<meta property=\"og:image:height\" content=\"457\" \/>\n\t\t<meta property=\"article:published_time\" content=\"2021-11-08T13:59:28+00:00\" \/>\n\t\t<meta property=\"article:modified_time\" content=\"2021-11-08T13:59:32+00:00\" \/>\n\t\t<meta property=\"article:publisher\" content=\"https:\/\/facebook.com\/fedai.az\" \/>\n\t\t<meta name=\"twitter:card\" content=\"summary\" \/>\n\t\t<meta name=\"twitter:site\" content=\"@fedai.az\" \/>\n\t\t<meta name=\"twitter:title\" content=\"Prezident \u0130lham \u018fliyev \u015eu\u015fada Hulusi Akar\u0131 q\u0259bul etdi | &quot;F\u0259dai&quot; q\u0259zeti\" \/>\n\t\t<meta name=\"twitter:description\" content=\"Az\u0259rbaycan Prezidenti, Silahl\u0131 Q\u00fcvv\u0259l\u0259rin Ali Ba\u015f Komandan\u0131 \u0130lham \u018fliyev \u015eu\u015fada T\u00fcrkiy\u0259nin milli m\u00fcdafi\u0259 naziri Hulusi Akar\u0131n ba\u015f\u00e7\u0131l\u0131q etdiyi h\u0259rbi n\u00fcmay\u0259nd\u0259 hey\u0259tini q\u0259bul edib. G\u00f6r\u00fc\u015f zaman\u0131 H.Akar 8 Noyabr-Z\u0259f\u0259r G\u00fcn\u00fc m\u00fcnasib\u0259til\u0259 t\u0259brikl\u0259rini \u00e7atd\u0131r\u0131b.\" \/>\n\t\t<meta name=\"twitter:image\" content=\"https:\/\/fedai.az\/wp-content\/uploads\/2021\/11\/3e686c5a-8e77-37fc-87c4-5e4bccee447c.jpg\" \/>\n\t\t<script type=\"application\/ld+json\" class=\"aioseo-schema\">\n\t\t\t{\"@context\":\"https:\\\/\\\/schema.org\",\"@graph\":[{\"@type\":\"Article\",\"@id\":\"https:\\\/\\\/fedai.az\\\/?p=53322#article\",\"name\":\"Prezident \\u0130lham \\u018fliyev \\u015eu\\u015fada Hulusi Akar\\u0131 q\\u0259bul etdi | \\\"F\\u0259dai\\\" q\\u0259zeti\",\"headline\":\"Prezident \\u0130lham \\u018fliyev \\u015eu\\u015fada Hulusi Akar\\u0131 q\\u0259bul etdi\",\"author\":{\"@id\":\"https:\\\/\\\/fedai.az\\\/?author=2#author\"},\"publisher\":{\"@id\":\"https:\\\/\\\/fedai.az\\\/#organization\"},\"image\":{\"@type\":\"ImageObject\",\"url\":\"https:\\\/\\\/fedai.az\\\/wp-content\\\/uploads\\\/2021\\\/11\\\/3e686c5a-8e77-37fc-87c4-5e4bccee447c.jpg\",\"width\":650,\"height\":457},\"datePublished\":\"2021-11-08T17:59:28+04:00\",\"dateModified\":\"2021-11-08T17:59:32+04:00\",\"inLanguage\":\"ru-RU\",\"mainEntityOfPage\":{\"@id\":\"https:\\\/\\\/fedai.az\\\/?p=53322#webpage\"},\"isPartOf\":{\"@id\":\"https:\\\/\\\/fedai.az\\\/?p=53322#webpage\"},\"articleSection\":\"G\\u00fcnd\\u0259m\"},{\"@type\":\"BreadcrumbList\",\"@id\":\"https:\\\/\\\/fedai.az\\\/?p=53322#breadcrumblist\",\"itemListElement\":[{\"@type\":\"ListItem\",\"@id\":\"https:\\\/\\\/fedai.az#listItem\",\"position\":1,\"name\":\"Home\",\"item\":\"https:\\\/\\\/fedai.az\",\"nextItem\":{\"@type\":\"ListItem\",\"@id\":\"https:\\\/\\\/fedai.az\\\/?cat=3#listItem\",\"name\":\"G\\u00fcnd\\u0259m\"}},{\"@type\":\"ListItem\",\"@id\":\"https:\\\/\\\/fedai.az\\\/?cat=3#listItem\",\"position\":2,\"name\":\"G\\u00fcnd\\u0259m\",\"item\":\"https:\\\/\\\/fedai.az\\\/?cat=3\",\"nextItem\":{\"@type\":\"ListItem\",\"@id\":\"https:\\\/\\\/fedai.az\\\/?p=53322#listItem\",\"name\":\"Prezident \\u0130lham \\u018fliyev \\u015eu\\u015fada Hulusi Akar\\u0131 q\\u0259bul etdi\"},\"previousItem\":{\"@type\":\"ListItem\",\"@id\":\"https:\\\/\\\/fedai.az#listItem\",\"name\":\"Home\"}},{\"@type\":\"ListItem\",\"@id\":\"https:\\\/\\\/fedai.az\\\/?p=53322#listItem\",\"position\":3,\"name\":\"Prezident \\u0130lham \\u018fliyev \\u015eu\\u015fada Hulusi Akar\\u0131 q\\u0259bul etdi\",\"previousItem\":{\"@type\":\"ListItem\",\"@id\":\"https:\\\/\\\/fedai.az\\\/?cat=3#listItem\",\"name\":\"G\\u00fcnd\\u0259m\"}}]},{\"@type\":\"Organization\",\"@id\":\"https:\\\/\\\/fedai.az\\\/#organization\",\"name\":\"\\\"F\\u0259dai\\\" q\\u0259zeti\",\"description\":\"Az\\u0259rbaycan V\\u0259t\\u0259n M\\u00fcharib\\u0259si Veteranlar\\u0131 \\u0130ctimai Birliyi\",\"url\":\"https:\\\/\\\/fedai.az\\\/\",\"logo\":{\"@type\":\"ImageObject\",\"url\":\"https:\\\/\\\/fedai.az\\\/wp-content\\\/uploads\\\/2022\\\/09\\\/logo3.png\",\"@id\":\"https:\\\/\\\/fedai.az\\\/?p=53322\\\/#organizationLogo\",\"width\":500,\"height\":100},\"image\":{\"@id\":\"https:\\\/\\\/fedai.az\\\/?p=53322\\\/#organizationLogo\"},\"sameAs\":[\"https:\\\/\\\/instagram.com\\\/fedai.az\",\"https:\\\/\\\/pinterest.com\\\/fedai.az\",\"https:\\\/\\\/youtube.com\\\/fedai.az\",\"https:\\\/\\\/linkedin.com\\\/in\\\/fedai.az\"]},{\"@type\":\"Person\",\"@id\":\"https:\\\/\\\/fedai.az\\\/?author=2#author\",\"url\":\"https:\\\/\\\/fedai.az\\\/?author=2\",\"name\":\"www.Fedai.az\",\"image\":{\"@type\":\"ImageObject\",\"@id\":\"https:\\\/\\\/fedai.az\\\/?p=53322#authorImage\",\"url\":\"https:\\\/\\\/secure.gravatar.com\\\/avatar\\\/d861e138a4bd3ce6812a7aa95e796aa05e165f28ecde9a972c6789a09fcd1daa?s=96&d=mm&r=g\",\"width\":96,\"height\":96,\"caption\":\"www.Fedai.az\"}},{\"@type\":\"WebPage\",\"@id\":\"https:\\\/\\\/fedai.az\\\/?p=53322#webpage\",\"url\":\"https:\\\/\\\/fedai.az\\\/?p=53322\",\"name\":\"Prezident \\u0130lham \\u018fliyev \\u015eu\\u015fada Hulusi Akar\\u0131 q\\u0259bul etdi | \\\"F\\u0259dai\\\" q\\u0259zeti\",\"description\":\"Az\\u0259rbaycan Prezidenti, Silahl\\u0131 Q\\u00fcvv\\u0259l\\u0259rin Ali Ba\\u015f Komandan\\u0131 \\u0130lham \\u018fliyev \\u015eu\\u015fada T\\u00fcrkiy\\u0259nin milli m\\u00fcdafi\\u0259 naziri Hulusi Akar\\u0131n ba\\u015f\\u00e7\\u0131l\\u0131q etdiyi h\\u0259rbi n\\u00fcmay\\u0259nd\\u0259 hey\\u0259tini q\\u0259bul edib. G\\u00f6r\\u00fc\\u015f zaman\\u0131 H.Akar 8 Noyabr-Z\\u0259f\\u0259r G\\u00fcn\\u00fc m\\u00fcnasib\\u0259til\\u0259 t\\u0259brikl\\u0259rini \\u00e7atd\\u0131r\\u0131b.\",\"inLanguage\":\"ru-RU\",\"isPartOf\":{\"@id\":\"https:\\\/\\\/fedai.az\\\/#website\"},\"breadcrumb\":{\"@id\":\"https:\\\/\\\/fedai.az\\\/?p=53322#breadcrumblist\"},\"author\":{\"@id\":\"https:\\\/\\\/fedai.az\\\/?author=2#author\"},\"creator\":{\"@id\":\"https:\\\/\\\/fedai.az\\\/?author=2#author\"},\"image\":{\"@type\":\"ImageObject\",\"url\":\"https:\\\/\\\/fedai.az\\\/wp-content\\\/uploads\\\/2021\\\/11\\\/3e686c5a-8e77-37fc-87c4-5e4bccee447c.jpg\",\"@id\":\"https:\\\/\\\/fedai.az\\\/?p=53322\\\/#mainImage\",\"width\":650,\"height\":457},\"primaryImageOfPage\":{\"@id\":\"https:\\\/\\\/fedai.az\\\/?p=53322#mainImage\"},\"datePublished\":\"2021-11-08T17:59:28+04:00\",\"dateModified\":\"2021-11-08T17:59:32+04:00\"},{\"@type\":\"WebSite\",\"@id\":\"https:\\\/\\\/fedai.az\\\/#website\",\"url\":\"https:\\\/\\\/fedai.az\\\/\",\"name\":\"\\\"F\\u0259dai\\\" q\\u0259zeti\",\"description\":\"Az\\u0259rbaycan V\\u0259t\\u0259n M\\u00fcharib\\u0259si Veteranlar\\u0131 \\u0130ctimai Birliyi\",\"inLanguage\":\"ru-RU\",\"publisher\":{\"@id\":\"https:\\\/\\\/fedai.az\\\/#organization\"}}]}\n\t\t<\/script>\n\t\t<!-- All in One SEO -->\n\n","aioseo_head_json":{"title":"Prezident \u0130lham \u018fliyev \u015eu\u015fada Hulusi Akar\u0131 q\u0259bul etdi | \"F\u0259dai\" q\u0259zeti","description":"Az\u0259rbaycan Prezidenti, Silahl\u0131 Q\u00fcvv\u0259l\u0259rin Ali Ba\u015f Komandan\u0131 \u0130lham \u018fliyev \u015eu\u015fada T\u00fcrkiy\u0259nin milli m\u00fcdafi\u0259 naziri Hulusi Akar\u0131n ba\u015f\u00e7\u0131l\u0131q etdiyi h\u0259rbi n\u00fcmay\u0259nd\u0259 hey\u0259tini q\u0259bul edib. G\u00f6r\u00fc\u015f zaman\u0131 H.Akar 8 Noyabr-Z\u0259f\u0259r G\u00fcn\u00fc m\u00fcnasib\u0259til\u0259 t\u0259brikl\u0259rini \u00e7atd\u0131r\u0131b.","canonical_url":"https:\/\/fedai.az\/?p=53322","robots":"max-image-preview:large","keywords":"","webmasterTools":{"miscellaneous":""},"schema":{"@context":"https:\/\/schema.org","@graph":[{"@type":"Article","@id":"https:\/\/fedai.az\/?p=53322#article","name":"Prezident \u0130lham \u018fliyev \u015eu\u015fada Hulusi Akar\u0131 q\u0259bul etdi | \"F\u0259dai\" q\u0259zeti","headline":"Prezident \u0130lham \u018fliyev \u015eu\u015fada Hulusi Akar\u0131 q\u0259bul etdi","author":{"@id":"https:\/\/fedai.az\/?author=2#author"},"publisher":{"@id":"https:\/\/fedai.az\/#organization"},"image":{"@type":"ImageObject","url":"https:\/\/fedai.az\/wp-content\/uploads\/2021\/11\/3e686c5a-8e77-37fc-87c4-5e4bccee447c.jpg","width":650,"height":457},"datePublished":"2021-11-08T17:59:28+04:00","dateModified":"2021-11-08T17:59:32+04:00","inLanguage":"ru-RU","mainEntityOfPage":{"@id":"https:\/\/fedai.az\/?p=53322#webpage"},"isPartOf":{"@id":"https:\/\/fedai.az\/?p=53322#webpage"},"articleSection":"G\u00fcnd\u0259m"},{"@type":"BreadcrumbList","@id":"https:\/\/fedai.az\/?p=53322#breadcrumblist","itemListElement":[{"@type":"ListItem","@id":"https:\/\/fedai.az#listItem","position":1,"name":"Home","item":"https:\/\/fedai.az","nextItem":{"@type":"ListItem","@id":"https:\/\/fedai.az\/?cat=3#listItem","name":"G\u00fcnd\u0259m"}},{"@type":"ListItem","@id":"https:\/\/fedai.az\/?cat=3#listItem","position":2,"name":"G\u00fcnd\u0259m","item":"https:\/\/fedai.az\/?cat=3","nextItem":{"@type":"ListItem","@id":"https:\/\/fedai.az\/?p=53322#listItem","name":"Prezident \u0130lham \u018fliyev \u015eu\u015fada Hulusi Akar\u0131 q\u0259bul etdi"},"previousItem":{"@type":"ListItem","@id":"https:\/\/fedai.az#listItem","name":"Home"}},{"@type":"ListItem","@id":"https:\/\/fedai.az\/?p=53322#listItem","position":3,"name":"Prezident \u0130lham \u018fliyev \u015eu\u015fada Hulusi Akar\u0131 q\u0259bul etdi","previousItem":{"@type":"ListItem","@id":"https:\/\/fedai.az\/?cat=3#listItem","name":"G\u00fcnd\u0259m"}}]},{"@type":"Organization","@id":"https:\/\/fedai.az\/#organization","name":"\"F\u0259dai\" q\u0259zeti","description":"Az\u0259rbaycan V\u0259t\u0259n M\u00fcharib\u0259si Veteranlar\u0131 \u0130ctimai Birliyi","url":"https:\/\/fedai.az\/","logo":{"@type":"ImageObject","url":"https:\/\/fedai.az\/wp-content\/uploads\/2022\/09\/logo3.png","@id":"https:\/\/fedai.az\/?p=53322\/#organizationLogo","width":500,"height":100},"image":{"@id":"https:\/\/fedai.az\/?p=53322\/#organizationLogo"},"sameAs":["https:\/\/instagram.com\/fedai.az","https:\/\/pinterest.com\/fedai.az","https:\/\/youtube.com\/fedai.az","https:\/\/linkedin.com\/in\/fedai.az"]},{"@type":"Person","@id":"https:\/\/fedai.az\/?author=2#author","url":"https:\/\/fedai.az\/?author=2","name":"www.Fedai.az","image":{"@type":"ImageObject","@id":"https:\/\/fedai.az\/?p=53322#authorImage","url":"https:\/\/secure.gravatar.com\/avatar\/d861e138a4bd3ce6812a7aa95e796aa05e165f28ecde9a972c6789a09fcd1daa?s=96&d=mm&r=g","width":96,"height":96,"caption":"www.Fedai.az"}},{"@type":"WebPage","@id":"https:\/\/fedai.az\/?p=53322#webpage","url":"https:\/\/fedai.az\/?p=53322","name":"Prezident \u0130lham \u018fliyev \u015eu\u015fada Hulusi Akar\u0131 q\u0259bul etdi | \"F\u0259dai\" q\u0259zeti","description":"Az\u0259rbaycan Prezidenti, Silahl\u0131 Q\u00fcvv\u0259l\u0259rin Ali Ba\u015f Komandan\u0131 \u0130lham \u018fliyev \u015eu\u015fada T\u00fcrkiy\u0259nin milli m\u00fcdafi\u0259 naziri Hulusi Akar\u0131n ba\u015f\u00e7\u0131l\u0131q etdiyi h\u0259rbi n\u00fcmay\u0259nd\u0259 hey\u0259tini q\u0259bul edib. G\u00f6r\u00fc\u015f zaman\u0131 H.Akar 8 Noyabr-Z\u0259f\u0259r G\u00fcn\u00fc m\u00fcnasib\u0259til\u0259 t\u0259brikl\u0259rini \u00e7atd\u0131r\u0131b.","inLanguage":"ru-RU","isPartOf":{"@id":"https:\/\/fedai.az\/#website"},"breadcrumb":{"@id":"https:\/\/fedai.az\/?p=53322#breadcrumblist"},"author":{"@id":"https:\/\/fedai.az\/?author=2#author"},"creator":{"@id":"https:\/\/fedai.az\/?author=2#author"},"image":{"@type":"ImageObject","url":"https:\/\/fedai.az\/wp-content\/uploads\/2021\/11\/3e686c5a-8e77-37fc-87c4-5e4bccee447c.jpg","@id":"https:\/\/fedai.az\/?p=53322\/#mainImage","width":650,"height":457},"primaryImageOfPage":{"@id":"https:\/\/fedai.az\/?p=53322#mainImage"},"datePublished":"2021-11-08T17:59:28+04:00","dateModified":"2021-11-08T17:59:32+04:00"},{"@type":"WebSite","@id":"https:\/\/fedai.az\/#website","url":"https:\/\/fedai.az\/","name":"\"F\u0259dai\" q\u0259zeti","description":"Az\u0259rbaycan V\u0259t\u0259n M\u00fcharib\u0259si Veteranlar\u0131 \u0130ctimai Birliyi","inLanguage":"ru-RU","publisher":{"@id":"https:\/\/fedai.az\/#organization"}}]},"og:locale":"ru_RU","og:site_name":"&quot;F\u0259dai&quot; q\u0259zeti","og:type":"article","og:title":"Prezident \u0130lham \u018fliyev \u015eu\u015fada Hulusi Akar\u0131 q\u0259bul etdi | &quot;F\u0259dai&quot; q\u0259zeti","og:description":"Az\u0259rbaycan Prezidenti, Silahl\u0131 Q\u00fcvv\u0259l\u0259rin Ali Ba\u015f Komandan\u0131 \u0130lham \u018fliyev \u015eu\u015fada T\u00fcrkiy\u0259nin milli m\u00fcdafi\u0259 naziri Hulusi Akar\u0131n ba\u015f\u00e7\u0131l\u0131q etdiyi h\u0259rbi n\u00fcmay\u0259nd\u0259 hey\u0259tini q\u0259bul edib. G\u00f6r\u00fc\u015f zaman\u0131 H.Akar 8 Noyabr-Z\u0259f\u0259r G\u00fcn\u00fc m\u00fcnasib\u0259til\u0259 t\u0259brikl\u0259rini \u00e7atd\u0131r\u0131b.","og:url":"https:\/\/fedai.az\/?p=53322","fb:app_id":"696809432257740","og:image":"https:\/\/fedai.az\/wp-content\/uploads\/2021\/11\/3e686c5a-8e77-37fc-87c4-5e4bccee447c.jpg","og:image:secure_url":"https:\/\/fedai.az\/wp-content\/uploads\/2021\/11\/3e686c5a-8e77-37fc-87c4-5e4bccee447c.jpg","og:image:width":650,"og:image:height":457,"article:published_time":"2021-11-08T13:59:28+00:00","article:modified_time":"2021-11-08T13:59:32+00:00","article:publisher":"https:\/\/facebook.com\/fedai.az","twitter:card":"summary","twitter:site":"@fedai.az","twitter:title":"Prezident \u0130lham \u018fliyev \u015eu\u015fada Hulusi Akar\u0131 q\u0259bul etdi | &quot;F\u0259dai&quot; q\u0259zeti","twitter:description":"Az\u0259rbaycan Prezidenti, Silahl\u0131 Q\u00fcvv\u0259l\u0259rin Ali Ba\u015f Komandan\u0131 \u0130lham \u018fliyev \u015eu\u015fada T\u00fcrkiy\u0259nin milli m\u00fcdafi\u0259 naziri Hulusi Akar\u0131n ba\u015f\u00e7\u0131l\u0131q etdiyi h\u0259rbi n\u00fcmay\u0259nd\u0259 hey\u0259tini q\u0259bul edib. G\u00f6r\u00fc\u015f zaman\u0131 H.Akar 8 Noyabr-Z\u0259f\u0259r G\u00fcn\u00fc m\u00fcnasib\u0259til\u0259 t\u0259brikl\u0259rini \u00e7atd\u0131r\u0131b.","twitter:image":"https:\/\/fedai.az\/wp-content\/uploads\/2021\/11\/3e686c5a-8e77-37fc-87c4-5e4bccee447c.jpg"},"aioseo_meta_data":{"post_id":"53322","title":null,"description":null,"keywords":[],"keyphrases":{"focus":[],"additional":[]},"primary_term":null,"canonical_url":null,"og_title":null,"og_description":null,"og_object_type":"default","og_image_type":"default","og_image_url":null,"og_image_width":null,"og_image_height":null,"og_image_custom_url":null,"og_image_custom_fields":null,"og_video":"","og_custom_url":null,"og_article_section":null,"og_article_tags":[],"twitter_use_og":false,"twitter_card":"default","twitter_image_type":"default","twitter_image_url":null,"twitter_image_custom_url":null,"twitter_image_custom_fields":null,"twitter_title":null,"twitter_description":null,"schema":{"blockGraphs":[],"customGraphs":[],"default":{"data":{"Article":{"id":"aioseo-article-63bd0842be349","slug":"article","graphName":"Article","label":"\u0421\u0442\u0430\u0442\u044c\u044f","properties":{"type":"BlogPosting","name":"#post_title","headline":"#post_title","description":"#post_excerpt","image":"","keywords":"","author":{"name":"#author_name","url":"#author_url"},"dates":{"include":true,"datePublished":"","dateModified":""}}},"Course":[],"Dataset":[],"FAQPage":[],"Movie":[],"Person":[],"Product":[],"ProductReview":[],"Car":[],"Recipe":[],"Service":[],"SoftwareApplication":[],"WebPage":[]},"graphName":"Article","isEnabled":true},"graphs":[]},"schema_type":"default","schema_type_options":"{\"article\":{\"articleType\":\"BlogPosting\"},\"course\":{\"name\":\"\",\"description\":\"\",\"provider\":\"\"},\"faq\":{\"pages\":[]},\"product\":{\"reviews\":[]},\"recipe\":{\"ingredients\":[],\"instructions\":[],\"keywords\":[]},\"software\":{\"reviews\":[],\"operatingSystems\":[]},\"webPage\":{\"webPageType\":\"WebPage\"}}","pillar_content":false,"robots_default":true,"robots_noindex":false,"robots_noarchive":false,"robots_nosnippet":false,"robots_nofollow":false,"robots_noimageindex":false,"robots_noodp":false,"robots_notranslate":false,"robots_max_snippet":"-1","robots_max_videopreview":"-1","robots_max_imagepreview":"large","priority":null,"frequency":"default","local_seo":{"locations":{"business":{"name":"","businessType":"","image":"","areaServed":"","urls":{"website":"","aboutPage":"","contactPage":""},"address":{"streetLine1":"","streetLine2":"","zipCode":"","city":"","state":"","country":"","addressFormat":"#streetLineOne\n#streetLineTwo\n#city, #state #zipCode"},"contact":{"email":"","phone":"","phoneFormatted":"","fax":"","faxFormatted":""},"ids":{"vat":"","tax":"","chamberOfCommerce":""},"payment":{"priceRange":"","currenciesAccepted":"","methods":""}}},"openingHours":{"useDefaults":true,"show":true,"alwaysOpen":false,"use24hFormat":false,"timezone":"","labels":{"closed":"","alwaysOpen":""},"days":{"monday":{"open24h":false,"closed":false,"openTime":"09:00","closeTime":"17:00"},"tuesday":{"open24h":false,"closed":false,"openTime":"09:00","closeTime":"17:00"},"wednesday":{"open24h":false,"closed":false,"openTime":"09:00","closeTime":"17:00"},"thursday":{"open24h":false,"closed":false,"openTime":"09:00","closeTime":"17:00"},"friday":{"open24h":false,"closed":false,"openTime":"09:00","closeTime":"17:00"},"saturday":{"open24h":false,"closed":false,"openTime":"09:00","closeTime":"17:00"},"sunday":{"open24h":false,"closed":false,"openTime":"09:00","closeTime":"17:00"}}}},"breadcrumb_settings":null,"limit_modified_date":false,"ai":null,"created":"2021-11-08 13:57:42","updated":"2025-06-08 06:39:14","seo_analyzer_scan_date":null,"focus_keyword":null,"additional_keywords":null,"truseo_locale":null},"aioseo_breadcrumb":"<div class=\"aioseo-breadcrumbs\"><span class=\"aioseo-breadcrumb\">\n\t\t\t<a href=\"https:\/\/fedai.az\" title=\"Home\">Home<\/a>\n\t\t<\/span><span class=\"aioseo-breadcrumb-separator\">\u00bb<\/span><span class=\"aioseo-breadcrumb\">\n\t\t\t<a href=\"https:\/\/fedai.az\/?cat=3\" title=\"G\u00fcnd\u0259m\">G\u00fcnd\u0259m<\/a>\n\t\t<\/span><span class=\"aioseo-breadcrumb-separator\">\u00bb<\/span><span class=\"aioseo-breadcrumb\">\n\t\t\tPrezident \u0130lham \u018fliyev \u015eu\u015fada Hulusi Akar\u0131 q\u0259bul etdi\n\t\t<\/span><\/div>","aioseo_breadcrumb_json":[{"label":"Home","link":"https:\/\/fedai.az"},{"label":"G\u00fcnd\u0259m","link":"https:\/\/fedai.az\/?cat=3"},{"label":"Prezident \u0130lham \u018fliyev \u015eu\u015fada Hulusi Akar\u0131 q\u0259bul etdi","link":"https:\/\/fedai.az\/?p=53322"}],"_links":{"self":[{"href":"https:\/\/fedai.az\/index.php?rest_route=\/wp\/v2\/posts\/53322","targetHints":{"allow":["GET"]}}],"collection":[{"href":"https:\/\/fedai.az\/index.php?rest_route=\/wp\/v2\/posts"}],"about":[{"href":"https:\/\/fedai.az\/index.php?rest_route=\/wp\/v2\/types\/post"}],"author":[{"embeddable":true,"href":"https:\/\/fedai.az\/index.php?rest_route=\/wp\/v2\/users\/2"}],"replies":[{"embeddable":true,"href":"https:\/\/fedai.az\/index.php?rest_route=%2Fwp%2Fv2%2Fcomments&post=53322"}],"version-history":[{"count":1,"href":"https:\/\/fedai.az\/index.php?rest_route=\/wp\/v2\/posts\/53322\/revisions"}],"predecessor-version":[{"id":53325,"href":"https:\/\/fedai.az\/index.php?rest_route=\/wp\/v2\/posts\/53322\/revisions\/53325"}],"wp:featuredmedia":[{"embeddable":true,"href":"https:\/\/fedai.az\/index.php?rest_route=\/wp\/v2\/media\/53324"}],"wp:attachment":[{"href":"https:\/\/fedai.az\/index.php?rest_route=%2Fwp%2Fv2%2Fmedia&parent=53322"}],"wp:term":[{"taxonomy":"category","embeddable":true,"href":"https:\/\/fedai.az\/index.php?rest_route=%2Fwp%2Fv2%2Fcategories&post=53322"},{"taxonomy":"post_tag","embeddable":true,"href":"https:\/\/fedai.az\/index.php?rest_route=%2Fwp%2Fv2%2Ftags&post=53322"}],"curies":[{"name":"wp","href":"https:\/\/api.w.org\/{rel}","templated":true}]}}