{"id":53695,"date":"2021-11-12T01:55:35","date_gmt":"2021-11-11T21:55:35","guid":{"rendered":"https:\/\/fedai.az\/?p=53695"},"modified":"2021-11-12T01:55:38","modified_gmt":"2021-11-11T21:55:38","slug":"m%c9%99kt%c9%99blil%c9%99rin-payiz-t%c9%99tili-il%c9%99-bagli-r%c9%99smi-aciqlama","status":"publish","type":"post","link":"https:\/\/fedai.az\/?p=53695","title":{"rendered":"M\u0259kt\u0259blil\u0259rin pay\u0131z t\u0259tili il\u0259 ba\u011fl\u0131 R\u018fSM\u0130 A\u00c7IQLAMA"},"content":{"rendered":"\n<p><strong>T\u0259hsil Nazirliyi bu il \u00fcmumt\u0259hsil m\u00fc\u0259ssis\u0259l\u0259rind\u0259 pay\u0131z t\u0259tilinin olub-olmayaca\u011f\u0131 m\u0259s\u0259l\u0259sin\u0259 ayd\u0131nl\u0131q g\u0259tirib.<\/strong><br><br>Nazirlikd\u0259n APA-n\u0131n sor\u011fusuna cavab olaraq bildirilib ki, \u201cAz\u0259rbaycan Respublikas\u0131nda f\u0259aliyy\u0259t g\u00f6st\u0259r\u0259n t\u0259hsil m\u00fc\u0259ssis\u0259l\u0259rind\u0259 2021\/2022-ci t\u0259dris ilind\u0259 t\u0259dris v\u0259 t\u0259lim-t\u0259rbiy\u0259 prosesinin t\u0259\u015fkili il\u0259 ba\u011fl\u0131 b\u0259zi m\u0259s\u0259l\u0259l\u0259r haqq\u0131nda\u201d Az\u0259rbaycan Respublikas\u0131 Nazirl\u0259r Kabinetinin 2021-ci il 10 sentyabr tarixli 259 n\u00f6mr\u0259li q\u0259rar\u0131na \u0259sas\u0259n, ibtidai t\u0259hsil s\u0259viyy\u0259si (I-IV) \u00fczr\u0259 pay\u0131z t\u0259tili g\u00fcnl\u0259rind\u0259n 16-18 noyabr tarixl\u0259ri d\u0259rs g\u00fcnl\u0259ri hesab olunur.<\/p>\n\n\n\n<p>Bel\u0259 ki, ibtidai t\u0259hsil s\u0259viyy\u0259si (I-IV) \u00fczr\u0259 be\u015f g\u00fcnl\u00fck \u00fcmumi t\u0259hsil m\u00fc\u0259ssis\u0259l\u0259rind\u0259 19 noyabr tarixi pay\u0131z t\u0259tili, alt\u0131 g\u00fcnl\u00fck \u00fcmumi t\u0259hsil m\u00fc\u0259ssis\u0259l\u0259rind\u0259 is\u0259 19-20 noyabr tarixl\u0259ri pay\u0131z t\u0259tilidir.<\/p>\n\n\n\n<p>\u00dcmumi orta (V-IX) v\u0259 tam orta s\u0259viyy\u0259l\u0259ri (X-XI) \u00fczr\u0259 pay\u0131z t\u0259tili g\u00fcnl\u0259rind\u0259n 16-19 noyabr tarixl\u0259ri d\u0259rs g\u00fcnl\u0259ri hesab olunur. Bel\u0259 ki, \u00fcmumi orta (V-IX) v\u0259 tam orta t\u0259hsil s\u0259viyy\u0259l\u0259ri (X-XI) \u00fczr\u0259 be\u015f g\u00fcnl\u00fck \u00fcmumi t\u0259hsil m\u00fc\u0259ssis\u0259l\u0259rind\u0259 pay\u0131z t\u0259tili olmayacaq, alt\u0131 g\u00fcnl\u00fck \u00fcmumi t\u0259hsil m\u00fc\u0259ssis\u0259l\u0259rind\u0259 is\u0259 20 noyabr pay\u0131z t\u0259tilidir.<\/p>\n","protected":false},"excerpt":{"rendered":"<p>T\u0259hsil Nazirliyi bu il \u00fcmumt\u0259hsil m\u00fc\u0259ssis\u0259l\u0259rind\u0259 pay\u0131z t\u0259tilinin olub-olmayaca\u011f\u0131 m\u0259s\u0259l\u0259sin\u0259 ayd\u0131nl\u0131q g\u0259tirib. Nazirlikd\u0259n APA-n\u0131n sor\u011fusuna cavab olaraq bildirilib ki, \u201cAz\u0259rbaycan Respublikas\u0131nda f\u0259aliyy\u0259t g\u00f6st\u0259r\u0259n t\u0259hsil<\/p>\n","protected":false},"author":2,"featured_media":53697,"comment_status":"closed","ping_status":"closed","sticky":false,"template":"","format":"standard","meta":{"footnotes":""},"categories":[8],"tags":[],"class_list":["post-53695","post","type-post","status-publish","format-standard","has-post-thumbnail","hentry","category-thsil"],"aioseo_notices":[],"_links":{"self":[{"href":"https:\/\/fedai.az\/index.php?rest_route=\/wp\/v2\/posts\/53695","targetHints":{"allow":["GET"]}}],"collection":[{"href":"https:\/\/fedai.az\/index.php?rest_route=\/wp\/v2\/posts"}],"about":[{"href":"https:\/\/fedai.az\/index.php?rest_route=\/wp\/v2\/types\/post"}],"author":[{"embeddable":true,"href":"https:\/\/fedai.az\/index.php?rest_route=\/wp\/v2\/users\/2"}],"replies":[{"embeddable":true,"href":"https:\/\/fedai.az\/index.php?rest_route=%2Fwp%2Fv2%2Fcomments&post=53695"}],"version-history":[{"count":1,"href":"https:\/\/fedai.az\/index.php?rest_route=\/wp\/v2\/posts\/53695\/revisions"}],"predecessor-version":[{"id":53698,"href":"https:\/\/fedai.az\/index.php?rest_route=\/wp\/v2\/posts\/53695\/revisions\/53698"}],"wp:featuredmedia":[{"embeddable":true,"href":"https:\/\/fedai.az\/index.php?rest_route=\/wp\/v2\/media\/53697"}],"wp:attachment":[{"href":"https:\/\/fedai.az\/index.php?rest_route=%2Fwp%2Fv2%2Fmedia&parent=53695"}],"wp:term":[{"taxonomy":"category","embeddable":true,"href":"https:\/\/fedai.az\/index.php?rest_route=%2Fwp%2Fv2%2Fcategories&post=53695"},{"taxonomy":"post_tag","embeddable":true,"href":"https:\/\/fedai.az\/index.php?rest_route=%2Fwp%2Fv2%2Ftags&post=53695"}],"curies":[{"name":"wp","href":"https:\/\/api.w.org\/{rel}","templated":true}]}}