{"id":53699,"date":"2021-11-12T02:09:49","date_gmt":"2021-11-11T22:09:49","guid":{"rendered":"https:\/\/fedai.az\/?p=53699"},"modified":"2021-11-12T02:09:52","modified_gmt":"2021-11-11T22:09:52","slug":"rusiyanin-qarabagdaki-sulhm%c9%99ramlilari-susada-bas-vermis-insidenti-arasdirir","status":"publish","type":"post","link":"https:\/\/fedai.az\/?p=53699","title":{"rendered":"Rusiyan\u0131n Qaraba\u011fdak\u0131 s\u00fclhm\u0259raml\u0131lar\u0131 \u015eu\u015fada ba\u015f vermi\u015f insidenti ara\u015fd\u0131r\u0131r"},"content":{"rendered":"\n<p><strong>Rusiyan\u0131n Qaraba\u011fdak\u0131 s\u00fclhm\u0259raml\u0131 kontingentinin komandanl\u0131\u011f\u0131 Az\u0259rbaycan v\u0259 Erm\u0259nistanla birlikd\u0259 \u015eu\u015fada ba\u015f vermi\u015f insidentl\u0259 ba\u011fl\u0131 ara\u015fd\u0131rma apar\u0131r, Rusiyan\u0131n M\u00fcdafi\u0259 Nazirliyi a\u00e7\u0131qlay\u0131b.<\/strong><\/p>\n\n\n\n<p>Nazirliyin \u00e7\u0259r\u015f\u0259nb\u0259 ax\u015fam\u0131 g\u00fcn\u00fc yayd\u0131\u011f\u0131 m\u0259lumatda iki g\u00fcn \u00f6nc\u0259 \u015eu\u015fada at\u0259\u015fk\u0259sin pozuldu\u011fu, Az\u0259rbaycan t\u0259r\u0259finin at\u0259\u015f a\u00e7d\u0131\u011f\u0131 deyilir. \u0130nsident n\u0259tic\u0259sind\u0259 bir n\u0259f\u0259rin \u00f6ld\u00fcy\u00fc, 3 n\u0259f\u0259rin yaraland\u0131\u011f\u0131 bildirilir.<\/p>\n\n\n\n<p>Az\u0259rbaycan Xarici \u0130\u015fl\u0259r Nazirliyi bildirib ki, ad\u0259t\u0259n, bu \u0259razid\u0259 h\u0259r hans\u0131 f\u0259aliyy\u0259t h\u0259yata ke\u00e7irilm\u0259d\u0259n \u00f6nc\u0259 Rusiya s\u00fclhm\u0259raml\u0131lar\u0131na m\u0259lumat verilir v\u0259 f\u0259aliyy\u0259t s\u00fclhm\u0259raml\u0131lar\u0131n m\u00fc\u015fayi\u0259ti il\u0259 ke\u00e7irilir, amma qar\u015f\u0131 t\u0259r\u0259f bu d\u0259f\u0259 bel\u0259 bir m\u0259lumat verm\u0259yib.<\/p>\n\n\n\n<p>Noyabr\u0131n 8-d\u0259 \u015eu\u015fada Az\u0259rbaycan Prezidentinin i\u015ftirak\u0131 il\u0259 Z\u0259f\u0259r bayram\u0131 qeyd olunurdu.<\/p>\n\n\n\n<p>&#171;Rusiya s\u00fclhm\u0259raml\u0131 kontingentinin m\u0259suliyy\u0259t zonas\u0131nda at\u0259\u015fk\u0259s rejiminin bir d\u0259f\u0259 pozulmas\u0131 qeyd\u0259 al\u0131n\u0131b. Noyabr\u0131n 8-d\u0259, Moskva vaxt\u0131 il\u0259 saat 13:40-da \u015eu\u015fa rayonu \u0259razisind\u0259 Da\u011fl\u0131q Qaraba\u011fdan olan 4 n\u0259f\u0259rd\u0259n ibar\u0259t i\u015f\u00e7i qrupu Az\u0259rbaycan t\u0259r\u0259fd\u0259n at\u0259\u015f\u0259 tutulub, n\u0259tic\u0259d\u0259 3 n\u0259f\u0259r yaralan\u0131b, 1 n\u0259f\u0259r \u00f6l\u00fcb&#187;,- Rusiyan\u0131n M\u00fcdafi\u0259 Nazirliyi a\u00e7\u0131qlay\u0131b.<\/p>\n\n\n\n<p>Noyabr\u0131n 8-d\u0259 Erm\u0259nistan K\u0130V-l\u0259ri \u015eu\u015fa \u015f\u0259h\u0259ri yax\u0131nl\u0131\u011f\u0131ndak\u0131 su boru k\u0259m\u0259rind\u0259 i\u015fl\u0259y\u0259n m\u00fclkil\u0259r\u0259 &#171;Az\u0259rbaycan t\u0259r\u0259find\u0259n a\u00e7\u0131lan at\u0259\u015f&#187; n\u0259tic\u0259sind\u0259 bir n\u0259f\u0259rin h\u0259lak oldu\u011funu, daha \u00fc\u00e7 n\u0259f\u0259rin yaraland\u0131\u011f\u0131n\u0131 bildirib.<\/p>\n\n\n\n<p>Az\u0259rbaycan Xarici \u0130\u015fl\u0259r Nazirliyi bildirib ki, Erm\u0259nistan t\u0259r\u0259finin yayd\u0131\u011f\u0131 m\u0259lumat &#171;ciddi suallar do\u011furur&#187;.<\/p>\n\n\n\n<p>&#171;Bel\u0259 ki, Erm\u0259nistan t\u0259r\u0259finin verdiyi a\u00e7\u0131qlamalarda qeyd olunur ki, bu \u015f\u0259xsl\u0259r guya 8 noyabr tarixind\u0259 Xank\u0259ndi-\u015eu\u015fa yolu yax\u0131nl\u0131\u011f\u0131nda su x\u0259ttinin t\u0259miri m\u0259qs\u0259dil\u0259 f\u0259aliyy\u0259t g\u00f6st\u0259ribl\u0259r. Qeyd etm\u0259k ist\u0259rdik ki, ad\u0259t\u0259n, bu \u0259razid\u0259 h\u0259r hans\u0131 f\u0259aliyy\u0259t h\u0259yata ke\u00e7irilm\u0259d\u0259n \u00f6nc\u0259 Rusiya s\u00fclhm\u0259raml\u0131lar\u0131na m\u0259lumat verilir v\u0259 f\u0259aliyy\u0259t s\u00fclhm\u0259raml\u0131lar\u0131n m\u00fc\u015fayi\u0259ti il\u0259 ke\u00e7irilir. Bu d\u0259f\u0259 is\u0259 Rusiya s\u00fclhm\u0259raml\u0131lar\u0131na h\u0259r hans\u0131 m\u0259lumat verilm\u0259mi\u015f v\u0259 f\u0259aliyy\u0259t prosesind\u0259 onlar\u0131n i\u015ftirak\u0131 olmam\u0131\u015fd\u0131r. Bu is\u0259 \u0259lb\u0259tt\u0259, ciddi suallar do\u011furur&#187;, &#8212; \u00e7\u0259r\u015f\u0259nb\u0259 ax\u015fam\u0131 g\u00fcn\u00fc Az\u0259rbaycan X\u0130N-in yayd\u0131\u011f\u0131 a\u00e7\u0131qlamada deyilir.<\/p>\n\n\n\n<p>X\u0130N bildirib ki, noyabr\u0131n 8-d\u0259 Az\u0259rbaycan Prezidenti v\u0259 d\u00f6vl\u0259t r\u0259smil\u0259rinin i\u015ftirak\u0131 il\u0259 \u015eu\u015fada t\u0259dbir h\u0259yata ke\u00e7irilirib.<\/p>\n\n\n\n<p>&#171;M\u0259lumdur ki, bel\u0259 hallarda \u0259razid\u0259 g\u00fccl\u0259ndirilmi\u015f t\u0259hl\u00fck\u0259sizlik t\u0259dbirl\u0259ri g\u00f6r\u00fcl\u00fcr. Bunu bil\u0259r\u0259kd\u0259n, \u0259raziy\u0259 yax\u0131n m\u0259nt\u0259q\u0259d\u0259 h\u0259r hans\u0131 su x\u0259ttinin t\u0259mirinin h\u0259yata ke\u00e7irilm\u0259si h\u0259r hans\u0131 m\u0259ntiq\u0259 s\u0131\u011fm\u0131r&#187;, a\u00e7\u0131qlamada deyilir.<\/p>\n\n\n\n<p>Az\u0259rbaycan M\u00fcdafi\u0259 Nazirliyi \u015eu\u015fada ba\u015f vermi\u015f insidentd\u0259n bir g\u00fcn sonra, noyabr\u0131n 9-da Erm\u0259nistan silahl\u0131 q\u00fcvv\u0259l\u0259rinin Basarke\u00e7\u0259r rayonunun Yuxar\u0131 \u015eorca ya\u015fay\u0131\u015f m\u0259nt\u0259q\u0259sind\u0259 yerl\u0259\u015f\u0259n m\u00f6vqel\u0259rind\u0259n Az\u0259rbaycan ordusunun K\u0259lb\u0259c\u0259r rayonu, Yellic\u0259 ya\u015fay\u0131\u015f m\u0259nt\u0259q\u0259si istiqam\u0259tind\u0259ki m\u00f6vqel\u0259rin\u0259 yol \u00e7\u0259k\u0259n m\u00fch\u0259ndis texnikalar\u0131n\u0131 at\u0131c\u0131 silahlardan at\u0259\u015f\u0259 tutdu\u011funu bildirib.<\/p>\n\n\n\n<p>Nazirlik Az\u0259rbaycan t\u0259r\u0259find\u0259n itkinin olmad\u0131\u011f\u0131n\u0131 a\u00e7\u0131qlay\u0131b.<\/p>\n\n\n\n<p>\u00d6t\u0259n il sentyabr\u0131n 27-d\u0259 ba\u015flayan v\u0259 44 g\u00fcn davam ed\u0259n \u0130kinci Qaraba\u011f m\u00fcharib\u0259si noyabr\u0131n 10-da Az\u0259rbaycan, Erm\u0259nistan v\u0259 Rusiya liderl\u0259rinin imzalad\u0131\u011f\u0131 b\u0259yanatla ba\u015fa \u00e7at\u0131b. B\u0259yanat\u0131n imzalanmas\u0131ndan sonra Az\u0259rbaycan\u0131n Qaraba\u011f b\u00f6lg\u0259sin\u0259 v\u0259 La\u00e7\u0131n d\u0259hlizin\u0259 rus s\u00fclhm\u0259raml\u0131lar\u0131 n\u0259zar\u0259t edir. Bu \u0259razid\u0259 erm\u0259ni \u0259hali ya\u015fay\u0131r.<\/p>\n\n\n\n<p>\u00d6t\u0259n ay s\u00fclhm\u0259raml\u0131lar\u0131n m\u0259suliyy\u0259t zonas\u0131nda at\u0259\u015fk\u0259sin pozulmas\u0131 il\u0259 ba\u011fl\u0131 \u00f6l\u00fcm v\u0259 x\u0259sar\u0259tl\u0259 n\u0259tic\u0259l\u0259n\u0259n bir ne\u00e7\u0259 hadis\u0259 qeyd\u0259 al\u0131n\u0131b.<\/p>\n\n\n\n<p>M\u0259nb\u0259: BBC<\/p>\n","protected":false},"excerpt":{"rendered":"<p>Rusiyan\u0131n Qaraba\u011fdak\u0131 s\u00fclhm\u0259raml\u0131 kontingentinin komandanl\u0131\u011f\u0131 Az\u0259rbaycan v\u0259 Erm\u0259nistanla birlikd\u0259 \u015eu\u015fada ba\u015f vermi\u015f insidentl\u0259 ba\u011fl\u0131 ara\u015fd\u0131rma apar\u0131r, Rusiyan\u0131n M\u00fcdafi\u0259 Nazirliyi a\u00e7\u0131qlay\u0131b. Nazirliyin \u00e7\u0259r\u015f\u0259nb\u0259 ax\u015fam\u0131 g\u00fcn\u00fc<\/p>\n","protected":false},"author":2,"featured_media":53700,"comment_status":"closed","ping_status":"closed","sticky":false,"template":"","format":"standard","meta":{"footnotes":""},"categories":[4],"tags":[],"class_list":["post-53699","post","type-post","status-publish","format-standard","has-post-thumbnail","hentry","category-qarabag"],"aioseo_notices":[],"_links":{"self":[{"href":"https:\/\/fedai.az\/index.php?rest_route=\/wp\/v2\/posts\/53699","targetHints":{"allow":["GET"]}}],"collection":[{"href":"https:\/\/fedai.az\/index.php?rest_route=\/wp\/v2\/posts"}],"about":[{"href":"https:\/\/fedai.az\/index.php?rest_route=\/wp\/v2\/types\/post"}],"author":[{"embeddable":true,"href":"https:\/\/fedai.az\/index.php?rest_route=\/wp\/v2\/users\/2"}],"replies":[{"embeddable":true,"href":"https:\/\/fedai.az\/index.php?rest_route=%2Fwp%2Fv2%2Fcomments&post=53699"}],"version-history":[{"count":1,"href":"https:\/\/fedai.az\/index.php?rest_route=\/wp\/v2\/posts\/53699\/revisions"}],"predecessor-version":[{"id":53701,"href":"https:\/\/fedai.az\/index.php?rest_route=\/wp\/v2\/posts\/53699\/revisions\/53701"}],"wp:featuredmedia":[{"embeddable":true,"href":"https:\/\/fedai.az\/index.php?rest_route=\/wp\/v2\/media\/53700"}],"wp:attachment":[{"href":"https:\/\/fedai.az\/index.php?rest_route=%2Fwp%2Fv2%2Fmedia&parent=53699"}],"wp:term":[{"taxonomy":"category","embeddable":true,"href":"https:\/\/fedai.az\/index.php?rest_route=%2Fwp%2Fv2%2Fcategories&post=53699"},{"taxonomy":"post_tag","embeddable":true,"href":"https:\/\/fedai.az\/index.php?rest_route=%2Fwp%2Fv2%2Ftags&post=53699"}],"curies":[{"name":"wp","href":"https:\/\/api.w.org\/{rel}","templated":true}]}}