{"id":53705,"date":"2021-11-12T02:20:57","date_gmt":"2021-11-11T22:20:57","guid":{"rendered":"https:\/\/fedai.az\/?p=53705"},"modified":"2021-11-12T02:21:01","modified_gmt":"2021-11-11T22:21:01","slug":"az%c9%99rbaycan-ordusu-qaragol-yaxinliginda-muhasir%c9%99y%c9%99-aldigi-60-a-yaxin-erm%c9%99ni-h%c9%99rbcinin-geri-donm%c9%99sin%c9%99-s%c9%99rait-yaradib","status":"publish","type":"post","link":"https:\/\/fedai.az\/?p=53705","title":{"rendered":"Az\u0259rbaycan ordusu Qarag\u00f6l yax\u0131nl\u0131\u011f\u0131nda &#171;m\u00fchasir\u0259y\u0259 ald\u0131\u011f\u0131 60-a yax\u0131n erm\u0259ni h\u0259rb\u00e7inin geri d\u00f6nm\u0259sin\u0259 \u015f\u0259rait yarad\u0131b&#187;"},"content":{"rendered":"\n<p><strong>Az\u0259rbaycan M\u00fcdafi\u0259 Nazirliyinin bildirdiyin\u0259 g\u00f6r\u0259, Erm\u0259nistan Az\u0259rbaycanla d\u00f6vl\u0259t s\u0259rh\u0259dinin La\u00e7\u0131n rayonu istiqam\u0259tind\u0259 &#171;n\u00f6vb\u0259ti d\u0259f\u0259 t\u0259xribat t\u00f6r\u0259tm\u0259y\u0259 c\u0259hd g\u00f6st\u0259rib&#187;.<\/strong><\/p>\n\n\n\n<p>Az\u0259rbaycan Qarag\u00f6l istiqam\u0259tind\u0259 t\u0259xmin\u0259n 60 erm\u0259ni h\u0259rb\u00e7isini &#171;m\u00fchasir\u0259y\u0259 ald\u0131\u011f\u0131n\u0131&#187;, sonradan Rusiyan\u0131n xahi\u015fi il\u0259 onlar\u0131n geri d\u00f6nm\u0259sin\u0259 \u015f\u0259rait yaratd\u0131\u011f\u0131n\u0131 bildirib.<\/p>\n\n\n\n<p>Erm\u0259nistan M\u00fcdafi\u0259 Nazirliyi Qarag\u00f6l g\u00f6l\u00fc \u0259traf\u0131nda az\u0259rbaycanl\u0131 v\u0259 erm\u0259ni ordusu aras\u0131nda &#171;dava-dala\u015f\u0131n&#187; d\u00fc\u015fd\u00fcy\u00fc v\u0259 erm\u0259ni h\u0259rb\u00e7il\u0259rinin m\u00fchasir\u0259y\u0259 al\u0131nmas\u0131 bar\u0259d\u0259 x\u0259b\u0259rl\u0259ri t\u0259kzib edib.<\/p>\n\n\n\n<p>&#171;Noyabr\u0131n 9-u g\u00fcnorta saatlar\u0131nda Erm\u0259nistan silahl\u0131 q\u00fcvv\u0259l\u0259rinin 60-a yax\u0131n \u015f\u0259xsi hey\u0259ti iki h\u0259rbi y\u00fck avtomobilind\u0259 La\u00e7\u0131n rayonunun Qarag\u00f6l g\u00f6l\u00fc istiqam\u0259tind\u0259 h\u0259r\u0259k\u0259t ed\u0259r\u0259k Az\u0259rbaycan ordusunun m\u00f6vqel\u0259rin\u0259 aparan yol \u00fcz\u0259rind\u0259 yerl\u0259\u015fibl\u0259r. Q\u0259sd\u0259n h\u0259rbi qar\u015f\u0131durma yaratmaq m\u0259qs\u0259dil\u0259 erm\u0259ni t\u0259r\u0259fi metal konstruksiyalardan haz\u0131rlanm\u0131\u015f s\u0259b\u0259tl\u0259rd\u0259n istifad\u0259 etm\u0259kl\u0259 Az\u0259rbaycan ordusunun s\u0259rh\u0259din bu sah\u0259sind\u0259ki m\u00f6vqel\u0259raras\u0131 yolunu ba\u011flayaraq \u0259razid\u0259 m\u00f6hk\u0259ml\u0259nm\u0259y\u0259 \u00e7al\u0131\u015f\u0131b&#187;, &#8212; Az\u0259rbaycan MN-in \u00e7\u0259r\u015f\u0259nb\u0259 g\u00fcn\u00fc yayd\u0131\u011f\u0131 a\u00e7\u0131qlamas\u0131nda deyilib.<\/p>\n\n\n\n<p>&#171;G\u00f6r\u00fclm\u00fc\u015f t\u0259dbirl\u0259r n\u0259tic\u0259sind\u0259 60-a yax\u0131n erm\u0259ni h\u0259rb\u00e7isi m\u00fchasir\u0259y\u0259 al\u0131n\u0131b, onlar\u0131n b\u00fct\u00fcn h\u0259r\u0259k\u0259tl\u0259ri m\u0259hdudla\u015fd\u0131r\u0131l\u0131b v\u0259 s\u0259h\u0259r saatlar\u0131nda Rusiya t\u0259r\u0259finin xahi\u015fini n\u0259z\u0259r\u0259 alaraq, Az\u0259rbaycan h\u0259rb\u00e7il\u0259ri onlar\u0131n geri d\u00f6nm\u0259sin\u0259 \u015f\u0259rait yarad\u0131b&#187;, &#8212; Az\u0259rbaycan MN-i bildirib.<\/p>\n\n\n\n<p>Az\u0259rbaycan M\u00fcdafi\u0259 Nazirliyi x\u0259b\u0259rdarl\u0131q edib ki, &#171;buna ox\u015far t\u0259xribatlar g\u0259l\u0259c\u0259kd\u0259 t\u0259krarlanarsa&#187;, g\u00f6r\u00fcl\u0259c\u0259k t\u0259dbirl\u0259r &#171;daha s\u0259rt v\u0259 t\u0259sirli&#187; olacaq.<\/p>\n\n\n\n<p>&#171;Az\u0259rbaycan ordusunun \u015f\u0259xsi hey\u0259ti v\u0259 \u0259razi bax\u0131m\u0131ndan itkimiz yoxdur. Haz\u0131rda \u0259m\u0259liyyat \u015f\u0259raiti b\u00f6lm\u0259l\u0259rimizin tam n\u0259zar\u0259ti alt\u0131ndad\u0131r&#187;, &#8212; b\u0259yanatda qeyd olunub.<\/p>\n\n\n\n<p>&#171;Erm\u0259nistan-Az\u0259rbaycan d\u00f6vl\u0259t s\u0259rh\u0259dind\u0259 ba\u015f ver\u0259n son g\u0259rginliy\u0259 g\u00f6r\u0259 b\u00fct\u00fcn m\u0259suliyy\u0259t Erm\u0259nistan\u0131n h\u0259rbi-siyasi r\u0259hb\u0259rliyinin \u00fcz\u0259rin\u0259 d\u00fc\u015f\u00fcr&#187;, &#8212; nazirlik vur\u011fulay\u0131b.<\/p>\n\n\n\n<p>Qarag\u00f6l \u0259traf\u0131 \u0130kinci Qaraba\u011f m\u00fcharib\u0259sind\u0259n sonra Az\u0259rbaycan v\u0259 Erm\u0259nistan aras\u0131nda m\u00fcbahis\u0259 yarad\u0131b: Erm\u0259nistan iddia edir ki, Az\u0259rbaycan onun \u0259razisin\u0259 daxil olub, Az\u0259rbaycan is\u0259 b\u0259yan edir ki, m\u00fcharib\u0259d\u0259n sonra qanuni s\u0259rh\u0259dl\u0259rini b\u0259rpa edir.<\/p>\n","protected":false},"excerpt":{"rendered":"<p>Az\u0259rbaycan M\u00fcdafi\u0259 Nazirliyinin bildirdiyin\u0259 g\u00f6r\u0259, Erm\u0259nistan Az\u0259rbaycanla d\u00f6vl\u0259t s\u0259rh\u0259dinin La\u00e7\u0131n rayonu istiqam\u0259tind\u0259 &#171;n\u00f6vb\u0259ti d\u0259f\u0259 t\u0259xribat t\u00f6r\u0259tm\u0259y\u0259 c\u0259hd g\u00f6st\u0259rib&#187;. Az\u0259rbaycan Qarag\u00f6l istiqam\u0259tind\u0259 t\u0259xmin\u0259n 60 erm\u0259ni<\/p>\n","protected":false},"author":2,"featured_media":53706,"comment_status":"closed","ping_status":"closed","sticky":false,"template":"","format":"standard","meta":{"footnotes":""},"categories":[4],"tags":[],"class_list":["post-53705","post","type-post","status-publish","format-standard","has-post-thumbnail","hentry","category-qarabag"],"aioseo_notices":[],"_links":{"self":[{"href":"https:\/\/fedai.az\/index.php?rest_route=\/wp\/v2\/posts\/53705","targetHints":{"allow":["GET"]}}],"collection":[{"href":"https:\/\/fedai.az\/index.php?rest_route=\/wp\/v2\/posts"}],"about":[{"href":"https:\/\/fedai.az\/index.php?rest_route=\/wp\/v2\/types\/post"}],"author":[{"embeddable":true,"href":"https:\/\/fedai.az\/index.php?rest_route=\/wp\/v2\/users\/2"}],"replies":[{"embeddable":true,"href":"https:\/\/fedai.az\/index.php?rest_route=%2Fwp%2Fv2%2Fcomments&post=53705"}],"version-history":[{"count":1,"href":"https:\/\/fedai.az\/index.php?rest_route=\/wp\/v2\/posts\/53705\/revisions"}],"predecessor-version":[{"id":53707,"href":"https:\/\/fedai.az\/index.php?rest_route=\/wp\/v2\/posts\/53705\/revisions\/53707"}],"wp:featuredmedia":[{"embeddable":true,"href":"https:\/\/fedai.az\/index.php?rest_route=\/wp\/v2\/media\/53706"}],"wp:attachment":[{"href":"https:\/\/fedai.az\/index.php?rest_route=%2Fwp%2Fv2%2Fmedia&parent=53705"}],"wp:term":[{"taxonomy":"category","embeddable":true,"href":"https:\/\/fedai.az\/index.php?rest_route=%2Fwp%2Fv2%2Fcategories&post=53705"},{"taxonomy":"post_tag","embeddable":true,"href":"https:\/\/fedai.az\/index.php?rest_route=%2Fwp%2Fv2%2Ftags&post=53705"}],"curies":[{"name":"wp","href":"https:\/\/api.w.org\/{rel}","templated":true}]}}