{"id":53719,"date":"2021-11-12T16:04:37","date_gmt":"2021-11-12T12:04:37","guid":{"rendered":"https:\/\/fedai.az\/?p=53719"},"modified":"2021-11-12T16:05:58","modified_gmt":"2021-11-12T12:05:58","slug":"turk-konseyi-binasi-acildi-turk-dunyasi-liderl%c9%99ri-istanbulda","status":"publish","type":"post","link":"https:\/\/fedai.az\/?p=53719","title":{"rendered":"T\u00fcrk Konseyi Binas\u0131 A\u00e7\u0131ld\u0131! T\u00fcrk D\u00fcnyas\u0131 Liderl\u0259ri \u0130stanbulda"},"content":{"rendered":"\n<p><strong>Prezident R\u0259c\u0259b Tayyib \u018frdo\u011fan \u0130stanbulda T\u00fcrk Konseyinin Ba\u015f Katibliyi binas\u0131n\u0131n a\u00e7\u0131l\u0131\u015f\u0131nda i\u015ftirak edib.<\/strong><\/p>\n\n\n\n<p>T\u00fcrk d\u00fcnyas\u0131n\u0131n liderl\u0259ri bu a\u00e7\u0131l\u0131\u015f \u00fc\u00e7\u00fcn \u0130stanbulda olark\u0259n liderl\u0259r prezident R\u0259c\u0259b Tayyib \u018frdo\u011fan\u0131n apar\u0131c\u0131l\u0131q etdiyi proqrama b\u00f6y\u00fck maraq g\u00f6st\u0259ribl\u0259r. Prezident \u018frdo\u011fan v\u0259 liderl\u0259r daha sonra T\u00fcrk Konseyinin 8-ci Zirv\u0259 Toplant\u0131s\u0131 \u00fc\u00e7\u00fcn Demokratiya v\u0259 Azadl\u0131qlar Adas\u0131na g\u0259libl\u0259r. Proqramla ba\u011fl\u0131 son d\u0259qiq\u0259 m\u0259lumat\u0131 budur.<\/p>\n\n\n\n<p>Son x\u0259b\u0259rl\u0259r\u2026 Prezident R\u0259c\u0259b Tayyib \u018frdo\u011fan v\u0259 t\u00fcrk d\u00fcnyas\u0131n\u0131n liderl\u0259ri \u0130stanbulda T\u00fcrk Konseyinin Ba\u015f Katibliyi binas\u0131n\u0131n a\u00e7\u0131l\u0131\u015f\u0131nda i\u015ftirak edibl\u0259r. A\u00e7\u0131l\u0131\u015fdan sonra qonaqlar\u0131 il\u0259 s\u0259mimi g\u00f6r\u00fcnt\u00fcl\u0259r ver\u0259n prezident \u018frdo\u011fan T\u00fcrk Konseyinin 8-ci zirv\u0259 toplant\u0131s\u0131n\u0131n ke\u00e7iril\u0259c\u0259yi proqrama ke\u00e7ib.<\/p>\n\n\n\n<p><strong>T\u00dcRK\u0130Y KONSEY\u0130 BA\u015e KAT\u0130BL\u0130Y\u0130 B\u0130NASI A\u00c7ILDI<\/strong><\/p>\n\n\n\n<p>Prezident R\u0259c\u0259b Tayyib \u018frdo\u011fan T\u00fcrk d\u00fcnyas\u0131n\u0131n liderl\u0259ri il\u0259 birlikd\u0259 T\u00fcrk Konseyinin yeni Ba\u015f Katiblik binas\u0131n\u0131n a\u00e7\u0131l\u0131\u015f\u0131n\u0131 edib.<\/p>\n\n\n\n<p>M\u0259nb\u0259: Transqafqaz.com<\/p>\n\n\n\n<figure class=\"wp-block-embed is-type-video is-provider-youtube wp-block-embed-youtube wp-embed-aspect-16-9 wp-has-aspect-ratio\"><div class=\"wp-block-embed__wrapper\">\n<iframe loading=\"lazy\" title=\"T\u00fcrk D\u00fcnyas\u0131&#039;n\u0131n Liderleri \u0130stanbul&#039;da! T\u00fcrk Konseyi Merkez Binas\u0131 A\u00e7\u0131ld\u0131\" width=\"715\" height=\"402\" src=\"https:\/\/www.youtube.com\/embed\/dvTX-YVI4pI?feature=oembed\" frameborder=\"0\" allow=\"accelerometer; autoplay; clipboard-write; encrypted-media; gyroscope; picture-in-picture\" allowfullscreen><\/iframe>\n<\/div><\/figure>\n","protected":false},"excerpt":{"rendered":"<p>Prezident R\u0259c\u0259b Tayyib \u018frdo\u011fan \u0130stanbulda T\u00fcrk Konseyinin Ba\u015f Katibliyi binas\u0131n\u0131n a\u00e7\u0131l\u0131\u015f\u0131nda i\u015ftirak edib. T\u00fcrk d\u00fcnyas\u0131n\u0131n liderl\u0259ri bu a\u00e7\u0131l\u0131\u015f \u00fc\u00e7\u00fcn \u0130stanbulda olark\u0259n liderl\u0259r prezident R\u0259c\u0259b<\/p>\n","protected":false},"author":2,"featured_media":53720,"comment_status":"closed","ping_status":"closed","sticky":false,"template":"","format":"standard","meta":{"footnotes":""},"categories":[1],"tags":[],"class_list":["post-53719","post","type-post","status-publish","format-standard","has-post-thumbnail","hentry","category-siyast"],"aioseo_notices":[],"_links":{"self":[{"href":"https:\/\/fedai.az\/index.php?rest_route=\/wp\/v2\/posts\/53719","targetHints":{"allow":["GET"]}}],"collection":[{"href":"https:\/\/fedai.az\/index.php?rest_route=\/wp\/v2\/posts"}],"about":[{"href":"https:\/\/fedai.az\/index.php?rest_route=\/wp\/v2\/types\/post"}],"author":[{"embeddable":true,"href":"https:\/\/fedai.az\/index.php?rest_route=\/wp\/v2\/users\/2"}],"replies":[{"embeddable":true,"href":"https:\/\/fedai.az\/index.php?rest_route=%2Fwp%2Fv2%2Fcomments&post=53719"}],"version-history":[{"count":3,"href":"https:\/\/fedai.az\/index.php?rest_route=\/wp\/v2\/posts\/53719\/revisions"}],"predecessor-version":[{"id":53723,"href":"https:\/\/fedai.az\/index.php?rest_route=\/wp\/v2\/posts\/53719\/revisions\/53723"}],"wp:featuredmedia":[{"embeddable":true,"href":"https:\/\/fedai.az\/index.php?rest_route=\/wp\/v2\/media\/53720"}],"wp:attachment":[{"href":"https:\/\/fedai.az\/index.php?rest_route=%2Fwp%2Fv2%2Fmedia&parent=53719"}],"wp:term":[{"taxonomy":"category","embeddable":true,"href":"https:\/\/fedai.az\/index.php?rest_route=%2Fwp%2Fv2%2Fcategories&post=53719"},{"taxonomy":"post_tag","embeddable":true,"href":"https:\/\/fedai.az\/index.php?rest_route=%2Fwp%2Fv2%2Ftags&post=53719"}],"curies":[{"name":"wp","href":"https:\/\/api.w.org\/{rel}","templated":true}]}}