{"id":53729,"date":"2021-11-12T17:14:45","date_gmt":"2021-11-12T13:14:45","guid":{"rendered":"https:\/\/fedai.az\/?p=53729"},"modified":"2021-11-13T02:06:00","modified_gmt":"2021-11-12T22:06:00","slug":"qazil%c9%99r-turkiy%c9%99-s%c9%99firliyinin-qarsisinda-aksiya-kecirdil%c9%99r","status":"publish","type":"post","link":"https:\/\/fedai.az\/?p=53729","title":{"rendered":"Qazil\u0259r T\u00fcrkiy\u0259 s\u0259firliyinin qar\u015f\u0131s\u0131nda aksiya ke\u00e7irdil\u0259r"},"content":{"rendered":"\n<p><strong>Bu g\u00fcn bir qrup qazi T\u00fcrkiy\u0259nin Az\u0259rbaycandak\u0131 s\u0259firliyinin qar\u015f\u0131s\u0131na topla\u015faraq probleml\u0259rini dil\u0259 g\u0259tirib.&nbsp;<\/strong><\/p>\n\n\n\n<p>Qazil\u0259r nazirlik t\u0259r\u0259find\u0259n onlara \u0259lillik d\u0259r\u0259c\u0259sinin t\u0259yin edilm\u0259m\u0259sind\u0259n naraz\u0131l\u0131qlar\u0131n\u0131 bildiribl\u0259r. H\u0259m\u00e7inin \u00e7\u0131x\u0131\u015flar\u0131nda onlar\u0131n problemin\u0259 nazirliyin s\u0259lahiyy\u0259tli \u015f\u0259xsl\u0259ri t\u0259r\u0259find\u0259n bigan\u0259 m\u00fcnasib\u0259t g\u00f6st\u0259rildiyini d\u0259 qeyd edibl\u0259r.&nbsp;<\/p>\n\n\n\n<figure class=\"wp-block-gallery columns-3 is-cropped wp-block-gallery-1 is-layout-flex wp-block-gallery-is-layout-flex\"><ul class=\"blocks-gallery-grid\"><li class=\"blocks-gallery-item\"><figure><img loading=\"lazy\" decoding=\"async\" width=\"256\" height=\"197\" src=\"https:\/\/fedai.az\/wp-content\/uploads\/2021\/11\/\u0411\u0435\u0437-\u043d\u0430\u0437\u0432\u0430\u043d\u0438\u044f-3.jpg\" alt=\"\" data-id=\"53730\" data-link=\"https:\/\/fedai.az\/?attachment_id=53730\" class=\"wp-image-53730\" srcset=\"https:\/\/fedai.az\/wp-content\/uploads\/2021\/11\/\u0411\u0435\u0437-\u043d\u0430\u0437\u0432\u0430\u043d\u0438\u044f-3.jpg 256w, https:\/\/fedai.az\/wp-content\/uploads\/2021\/11\/\u0411\u0435\u0437-\u043d\u0430\u0437\u0432\u0430\u043d\u0438\u044f-3-150x115.jpg 150w\" sizes=\"auto, (max-width: 256px) 100vw, 256px\" \/><\/figure><\/li><li class=\"blocks-gallery-item\"><figure><img loading=\"lazy\" decoding=\"async\" width=\"244\" height=\"207\" src=\"https:\/\/fedai.az\/wp-content\/uploads\/2021\/11\/\u0411\u0435\u0437-\u043d\u0430\u0437\u0432\u0430\u043d\u0438\u044f-1-1.jpg\" alt=\"\" data-id=\"53731\" data-link=\"https:\/\/fedai.az\/?attachment_id=53731\" class=\"wp-image-53731\" srcset=\"https:\/\/fedai.az\/wp-content\/uploads\/2021\/11\/\u0411\u0435\u0437-\u043d\u0430\u0437\u0432\u0430\u043d\u0438\u044f-1-1.jpg 244w, https:\/\/fedai.az\/wp-content\/uploads\/2021\/11\/\u0411\u0435\u0437-\u043d\u0430\u0437\u0432\u0430\u043d\u0438\u044f-1-1-150x127.jpg 150w\" sizes=\"auto, (max-width: 244px) 100vw, 244px\" \/><\/figure><\/li><li class=\"blocks-gallery-item\"><figure><img loading=\"lazy\" decoding=\"async\" width=\"272\" height=\"185\" src=\"https:\/\/fedai.az\/wp-content\/uploads\/2021\/11\/\u0411\u0435\u0437-\u043d\u0430\u0437\u0432\u0430\u043d\u0438\u044f-4.jpg\" alt=\"\" data-id=\"53732\" data-full-url=\"https:\/\/fedai.az\/wp-content\/uploads\/2021\/11\/\u0411\u0435\u0437-\u043d\u0430\u0437\u0432\u0430\u043d\u0438\u044f-4.jpg\" data-link=\"https:\/\/fedai.az\/?attachment_id=53732\" class=\"wp-image-53732\" srcset=\"https:\/\/fedai.az\/wp-content\/uploads\/2021\/11\/\u0411\u0435\u0437-\u043d\u0430\u0437\u0432\u0430\u043d\u0438\u044f-4.jpg 272w, https:\/\/fedai.az\/wp-content\/uploads\/2021\/11\/\u0411\u0435\u0437-\u043d\u0430\u0437\u0432\u0430\u043d\u0438\u044f-4-150x102.jpg 150w\" sizes=\"auto, (max-width: 272px) 100vw, 272px\" \/><\/figure><\/li><\/ul><\/figure>\n\n\n\n<p>D\u00f6vl\u0259t Tibbi-Sosial Ekspertiza v\u0259 Reabilitasiya Agentliyi qazil\u0259rin s\u0259sl\u0259ndirdiyi probleml\u0259r\u0259 sosial \u015f\u0259b\u0259k\u0259 hesab\u0131nda m\u00fcnasib\u0259t bildirib. M\u0259lumatda bildirilir ki, bu g\u00fcn T\u00fcrkiy\u0259nin \u00f6lk\u0259mizd\u0259ki s\u0259firliyinin qar\u015f\u0131s\u0131nda V\u0259t\u0259n m\u00fcharib\u0259sinin 2 i\u015ftirak\u00e7\u0131s\u0131 Hac\u0131 V\u0259liyev, Ayaz Qas\u0131movun v\u0259 2019-cu ild\u0259n \u0259lilliyi olan Orxan \u0130manovun \u0259lillik t\u0259yinat\u0131 il\u0259 ba\u011fl\u0131 s\u00f6yl\u0259dikl\u0259ri fikirl\u0259r tamamil\u0259 \u0259sass\u0131zd\u0131r. H\u0259min fikirl\u0259r qazil\u0259rimizl\u0259 ba\u011fl\u0131 apar\u0131lan d\u0259st\u0259k t\u0259dbirl\u0259ri, h\u0259m\u00e7inin qazil\u0259rin \u0259lilliyinin t\u0259yinat\u0131 istiqam\u0259tind\u0259 apar\u0131lan \u015f\u0259ffaf v\u0259 qanunauy\u011fun i\u015fl\u0259r bar\u0259d\u0259 m\u0259nfi r\u0259y yaratmaq c\u0259hdidir.<\/p>\n\n\n\n<p><strong>P.S. Amma bildir\u0259k ki, Tibbi-Sosial Ekspertiza v\u0259 Reabilitasiya Agentliyinin yar\u0131tmaz f\u0259aliyy\u0259tiyl\u0259 ba\u011fl\u0131 ciddi naraz\u0131l\u0131qlar m\u00f6vcuddur v\u0259 bu problem g\u00fcnb\u0259g\u00fcn b\u00f6y\u00fcm\u0259kd\u0259dir.<\/strong> <strong>Problem var v\u0259 h\u0259ll edilm\u0259lidir. Bu c\u00fcr yana\u015fma Agentliyin yar\u0131tmaz f\u0259aliyy\u0259tinin bir g\u00f6st\u0259ricisi say\u0131lmal\u0131d\u0131r.<\/strong><\/p>\n\n\n\n<figure class=\"wp-block-embed is-type-video is-provider-youtube wp-block-embed-youtube wp-embed-aspect-16-9 wp-has-aspect-ratio\"><div class=\"wp-block-embed__wrapper\">\n<iframe loading=\"lazy\" title=\"Bak\u0131da ET\u0130RAZLAR \u00c7OXALIR:Qazil\u0259r bu d\u0259f\u0259 T\u00fcrk S\u0259firliyinin qar\u015f\u0131s\u0131nda AKS\u0130YA KE\u00c7\u0130RD\u0130\" width=\"715\" height=\"402\" src=\"https:\/\/www.youtube.com\/embed\/JmQjNPXHE4U?feature=oembed\" frameborder=\"0\" allow=\"accelerometer; autoplay; clipboard-write; encrypted-media; gyroscope; picture-in-picture\" allowfullscreen><\/iframe>\n<\/div><\/figure>\n\n\n\n<figure class=\"wp-block-embed is-type-video is-provider-youtube wp-block-embed-youtube wp-embed-aspect-16-9 wp-has-aspect-ratio\"><div class=\"wp-block-embed__wrapper\">\n<iframe loading=\"lazy\" title=\"Qazil\u0259r ET\u0130RAZA QALXDI- &quot;O\u011frular y\u0131\u011f\u0131blar BO\u011eAZA bizi, divan tuturlar qazil\u0259r\u0259&quot;\" width=\"715\" height=\"402\" src=\"https:\/\/www.youtube.com\/embed\/v0zszvMETpM?feature=oembed\" frameborder=\"0\" allow=\"accelerometer; autoplay; clipboard-write; encrypted-media; gyroscope; picture-in-picture\" allowfullscreen><\/iframe>\n<\/div><\/figure>\n","protected":false},"excerpt":{"rendered":"<p>Bu g\u00fcn bir qrup qazi T\u00fcrkiy\u0259nin Az\u0259rbaycandak\u0131 s\u0259firliyinin qar\u015f\u0131s\u0131na topla\u015faraq probleml\u0259rini dil\u0259 g\u0259tirib.&nbsp; Qazil\u0259r nazirlik t\u0259r\u0259find\u0259n onlara \u0259lillik d\u0259r\u0259c\u0259sinin t\u0259yin edilm\u0259m\u0259sind\u0259n naraz\u0131l\u0131qlar\u0131n\u0131 bildiribl\u0259r. H\u0259m\u00e7inin<\/p>\n","protected":false},"author":2,"featured_media":53733,"comment_status":"closed","ping_status":"closed","sticky":false,"template":"","format":"standard","meta":{"footnotes":""},"categories":[12],"tags":[],"class_list":["post-53729","post","type-post","status-publish","format-standard","has-post-thumbnail","hentry","category-sosial"],"aioseo_notices":[],"_links":{"self":[{"href":"https:\/\/fedai.az\/index.php?rest_route=\/wp\/v2\/posts\/53729","targetHints":{"allow":["GET"]}}],"collection":[{"href":"https:\/\/fedai.az\/index.php?rest_route=\/wp\/v2\/posts"}],"about":[{"href":"https:\/\/fedai.az\/index.php?rest_route=\/wp\/v2\/types\/post"}],"author":[{"embeddable":true,"href":"https:\/\/fedai.az\/index.php?rest_route=\/wp\/v2\/users\/2"}],"replies":[{"embeddable":true,"href":"https:\/\/fedai.az\/index.php?rest_route=%2Fwp%2Fv2%2Fcomments&post=53729"}],"version-history":[{"count":2,"href":"https:\/\/fedai.az\/index.php?rest_route=\/wp\/v2\/posts\/53729\/revisions"}],"predecessor-version":[{"id":53807,"href":"https:\/\/fedai.az\/index.php?rest_route=\/wp\/v2\/posts\/53729\/revisions\/53807"}],"wp:featuredmedia":[{"embeddable":true,"href":"https:\/\/fedai.az\/index.php?rest_route=\/wp\/v2\/media\/53733"}],"wp:attachment":[{"href":"https:\/\/fedai.az\/index.php?rest_route=%2Fwp%2Fv2%2Fmedia&parent=53729"}],"wp:term":[{"taxonomy":"category","embeddable":true,"href":"https:\/\/fedai.az\/index.php?rest_route=%2Fwp%2Fv2%2Fcategories&post=53729"},{"taxonomy":"post_tag","embeddable":true,"href":"https:\/\/fedai.az\/index.php?rest_route=%2Fwp%2Fv2%2Ftags&post=53729"}],"curies":[{"name":"wp","href":"https:\/\/api.w.org\/{rel}","templated":true}]}}