{"id":53745,"date":"2021-11-12T22:28:32","date_gmt":"2021-11-12T18:28:32","guid":{"rendered":"https:\/\/fedai.az\/?p=53745"},"modified":"2021-11-12T22:28:35","modified_gmt":"2021-11-12T18:28:35","slug":"sahil-babayevd%c9%99n-ilginc-aciqlama-h%c9%99min-m%c9%99bl%c9%99gi-v%c9%99t%c9%99ndaslardan-geri-alacagiq","status":"publish","type":"post","link":"https:\/\/fedai.az\/?p=53745","title":{"rendered":"Sahil Babayevd\u0259n ilginc a\u00e7\u0131qlama: &#171;H\u0259min m\u0259bl\u0259\u011fi v\u0259t\u0259nda\u015flardan geri alaca\u011f\u0131q&#187;"},"content":{"rendered":"\n<p><strong>Sahil Babayevd\u0259n ilginc a\u00e7\u0131qlama:\u00a0&#171;H\u0259min m\u0259bl\u0259\u011fi v\u0259t\u0259nda\u015flardan geri alaca\u011f\u0131q&#187;<\/strong><\/p>\n\n\n\n<p>\u018fsass\u0131z pensiya alm\u0131\u015f v\u0259t\u0259nda\u015flardan h\u0259min m\u0259bl\u0259\u011fin qanunvericilik \u00e7\u0259r\u00e7iv\u0259sind\u0259 minimum tutulmalarla geri qaytar\u0131lmas\u0131 m\u0259s\u0259l\u0259si m\u00fczakir\u0259 edilir.<\/p>\n\n\n\n<p>Bunu \u018fm\u0259k v\u0259 \u0259halinin sosial m\u00fcdafi\u0259si naziri Sahil Babayev bu g\u00fcn Milli M\u0259clisin \u018fm\u0259k v\u0259 sosial siyas\u0259t komit\u0259sinin iclas\u0131nda D\u00f6vl\u0259t Sosial M\u00fcdafi\u0259 Fondunun 2022-ci il b\u00fcdc\u0259sinin m\u00fcakir\u0259l\u0259ri zaman\u0131 deyib.<\/p>\n\n\n\n<p>Nazir bildirib ki, \u0259sass\u0131z pensiyalarla ba\u011fl\u0131 \u00f6t\u0259n ill\u0259r \u0259rzind\u0259 h\u0259r il 250-270 v\u0259zif\u0259li \u015f\u0259xs\u0259 cinay\u0259t i\u015fi a\u00e7\u0131l\u0131b, o v\u0259zif\u0259li \u015f\u0259xsl\u0259r i\u015fd\u0259n d\u0259 qovulub, cinay\u0259t t\u0259dbirl\u0259ri g\u00f6r\u00fcl\u00fcb.<\/p>\n\n\n\n<p>&#171;\u00c7ox b\u00f6y\u00fck m\u0259bl\u0259\u011fd\u0259 m\u0259nims\u0259m\u0259y\u0259 yol verilib. Art\u0131q \u0259sass\u0131z pensiya v\u0259 m\u00fcavin\u0259tl\u0259rin qar\u015f\u0131s\u0131 tam al\u0131n\u0131r. \u00d6t\u0259n ill\u0259r \u0259rzind\u0259 m\u0259nims\u0259nilmi\u015f v\u0259saitin geri qaytar\u0131lmas\u0131 m\u0259s\u0259l\u0259si m\u00fczakir\u0259 olunur. Qanunvericiliyin imkan verdiyi halda v\u0259t\u0259nda\u015flara \u00f6d\u0259m\u0259l\u0259rd\u0259n minimal m\u0259bl\u0259\u011fd\u0259 tutulmalar\u0131n olmas\u0131na dair m\u00fczakr\u0259l\u0259r apar\u0131r\u0131q\u201d &#8212; dey\u0259, nazir bildirib.<\/p>\n\n\n\n<p>S.Babayev \u0259lav\u0259 edib ki, \u0259sass\u0131z pensiyalar\u0131n l\u0259\u011fvi n\u0259tic\u0259sind\u0259 2018-ci ild\u0259 25.6 milyon manat, 2019-cu ild\u0259 133.1 milyon manat, 2020-ci ild\u0259 246.5 milyon manat, 2021-ci ilin 10 ay\u0131 \u00fczr\u0259 496.3 milyon manat m\u0259nims\u0259nilm\u0259sinin qar\u015f\u0131s\u0131 al\u0131n\u0131b. \u00dcmumilikd\u0259, 606 milyon manat v\u0259saitin m\u0259nims\u0259nilm\u0259sinin qar\u015f\u0131s\u0131 al\u0131n\u0131b.<\/p>\n","protected":false},"excerpt":{"rendered":"<p>Sahil Babayevd\u0259n ilginc a\u00e7\u0131qlama:\u00a0&#171;H\u0259min m\u0259bl\u0259\u011fi v\u0259t\u0259nda\u015flardan geri alaca\u011f\u0131q&#187; \u018fsass\u0131z pensiya alm\u0131\u015f v\u0259t\u0259nda\u015flardan h\u0259min m\u0259bl\u0259\u011fin qanunvericilik \u00e7\u0259r\u00e7iv\u0259sind\u0259 minimum tutulmalarla geri qaytar\u0131lmas\u0131 m\u0259s\u0259l\u0259si m\u00fczakir\u0259 edilir. Bunu<\/p>\n","protected":false},"author":2,"featured_media":53746,"comment_status":"closed","ping_status":"closed","sticky":false,"template":"","format":"standard","meta":{"footnotes":""},"categories":[3],"tags":[],"class_list":["post-53745","post","type-post","status-publish","format-standard","has-post-thumbnail","hentry","category-gundm"],"aioseo_notices":[],"_links":{"self":[{"href":"https:\/\/fedai.az\/index.php?rest_route=\/wp\/v2\/posts\/53745","targetHints":{"allow":["GET"]}}],"collection":[{"href":"https:\/\/fedai.az\/index.php?rest_route=\/wp\/v2\/posts"}],"about":[{"href":"https:\/\/fedai.az\/index.php?rest_route=\/wp\/v2\/types\/post"}],"author":[{"embeddable":true,"href":"https:\/\/fedai.az\/index.php?rest_route=\/wp\/v2\/users\/2"}],"replies":[{"embeddable":true,"href":"https:\/\/fedai.az\/index.php?rest_route=%2Fwp%2Fv2%2Fcomments&post=53745"}],"version-history":[{"count":1,"href":"https:\/\/fedai.az\/index.php?rest_route=\/wp\/v2\/posts\/53745\/revisions"}],"predecessor-version":[{"id":53747,"href":"https:\/\/fedai.az\/index.php?rest_route=\/wp\/v2\/posts\/53745\/revisions\/53747"}],"wp:featuredmedia":[{"embeddable":true,"href":"https:\/\/fedai.az\/index.php?rest_route=\/wp\/v2\/media\/53746"}],"wp:attachment":[{"href":"https:\/\/fedai.az\/index.php?rest_route=%2Fwp%2Fv2%2Fmedia&parent=53745"}],"wp:term":[{"taxonomy":"category","embeddable":true,"href":"https:\/\/fedai.az\/index.php?rest_route=%2Fwp%2Fv2%2Fcategories&post=53745"},{"taxonomy":"post_tag","embeddable":true,"href":"https:\/\/fedai.az\/index.php?rest_route=%2Fwp%2Fv2%2Ftags&post=53745"}],"curies":[{"name":"wp","href":"https:\/\/api.w.org\/{rel}","templated":true}]}}