{"id":53752,"date":"2021-11-13T00:33:39","date_gmt":"2021-11-12T20:33:39","guid":{"rendered":"https:\/\/fedai.az\/?p=53752"},"modified":"2021-11-13T00:33:44","modified_gmt":"2021-11-12T20:33:44","slug":"%c9%99rdogan-turk-olk%c9%99l%c9%99rin%c9%99-s%c9%99sl%c9%99ndi-artiq-vaxtdir-%c9%99ng%c9%99ll%c9%99ri-qaldirin-six-birl%c9%99sin","status":"publish","type":"post","link":"https:\/\/fedai.az\/?p=53752","title":{"rendered":"\u018frdo\u011fan t\u00fcrk \u00f6lk\u0259l\u0259rin\u0259 s\u0259sl\u0259ndi: Art\u0131q vaxtd\u0131r &#8212; \u018fng\u0259ll\u0259ri qald\u0131r\u0131n, s\u0131x birl\u0259\u015fin"},"content":{"rendered":"\n<p><strong>\u201cSiyasi \u0259m\u0259kda\u015fl\u0131\u011f\u0131m\u0131z kimi iqtisadi v\u0259 ticari i\u015fbirliyimizi d\u0259 g\u00fccl\u0259ndirm\u0259liyik\u201d.<\/strong><\/p>\n\n\n\n<p>Kanal.az\u00a0x\u0259b\u0259r verir ki, bunu T\u00fcrkiy\u0259\u00a0prezidenti R\u0259c\u0259b Tayyib \u018frdo\u011fan T\u00fcrk \u015euras\u0131n\u0131n VIII Zirv\u0259 g\u00f6r\u00fc\u015f\u00fcnd\u0259 bildirib. O b\u0259yan edib ki, t\u00fcrk \u00f6lk\u0259l\u0259ri aras\u0131nda ticar\u0259t \u0259laq\u0259l\u0259rinin \u00fcmumi h\u0259cmi t\u0259qrib\u0259n 21 milyard dollard\u0131r. \u201cBu g\u00f6st\u0259ricini art\u0131rmal\u0131y\u0131q\u201d dey\u0259n \u018frdo\u011fan\u0131n s\u00f6zl\u0259rin\u0259 g\u00f6r\u0259, \u00f6lk\u0259l\u0259r aras\u0131nda r\u00fcsumdan ba\u015fqa olan b\u00fct\u00fcn \u0259ng\u0259ll\u0259r qald\u0131r\u0131lmal\u0131d\u0131r:<\/p>\n\n\n\n<p>\u201cBu m\u0259qs\u0259dl\u0259 ticar\u0259ti asanla\u015fd\u0131ran strateji s\u0259n\u0259din imzalanmas\u0131 vacibdir. Quru, hava v\u0259 d\u0259niz yollar\u0131 il\u0259 bir-birimiz\u0259 s\u0131x ba\u011flanmasaq, ist\u0259diyimiz n\u0259tic\u0259ni \u0259ld\u0259 ed\u0259 bilm\u0259rik. Tranzit ke\u00e7id s\u0259n\u0259dl\u0259rini g\u00fcnd\u0259mimizd\u0259n \u00e7\u0131xarmal\u0131, g\u00f6mr\u00fck prosesl\u0259rini uy\u011funla\u015fd\u0131rmal\u0131, ke\u00e7id qiym\u0259tl\u0259rini r\u0259qab\u0259t aparacaq s\u0259viyy\u0259y\u0259 endirm\u0259liyik\u201d.<\/p>\n","protected":false},"excerpt":{"rendered":"<p>\u201cSiyasi \u0259m\u0259kda\u015fl\u0131\u011f\u0131m\u0131z kimi iqtisadi v\u0259 ticari i\u015fbirliyimizi d\u0259 g\u00fccl\u0259ndirm\u0259liyik\u201d. Kanal.az\u00a0x\u0259b\u0259r verir ki, bunu T\u00fcrkiy\u0259\u00a0prezidenti R\u0259c\u0259b Tayyib \u018frdo\u011fan T\u00fcrk \u015euras\u0131n\u0131n VIII Zirv\u0259 g\u00f6r\u00fc\u015f\u00fcnd\u0259 bildirib. O<\/p>\n","protected":false},"author":2,"featured_media":53753,"comment_status":"closed","ping_status":"closed","sticky":false,"template":"","format":"standard","meta":{"footnotes":""},"categories":[3],"tags":[],"class_list":["post-53752","post","type-post","status-publish","format-standard","has-post-thumbnail","hentry","category-gundm"],"aioseo_notices":[],"_links":{"self":[{"href":"https:\/\/fedai.az\/index.php?rest_route=\/wp\/v2\/posts\/53752","targetHints":{"allow":["GET"]}}],"collection":[{"href":"https:\/\/fedai.az\/index.php?rest_route=\/wp\/v2\/posts"}],"about":[{"href":"https:\/\/fedai.az\/index.php?rest_route=\/wp\/v2\/types\/post"}],"author":[{"embeddable":true,"href":"https:\/\/fedai.az\/index.php?rest_route=\/wp\/v2\/users\/2"}],"replies":[{"embeddable":true,"href":"https:\/\/fedai.az\/index.php?rest_route=%2Fwp%2Fv2%2Fcomments&post=53752"}],"version-history":[{"count":1,"href":"https:\/\/fedai.az\/index.php?rest_route=\/wp\/v2\/posts\/53752\/revisions"}],"predecessor-version":[{"id":53754,"href":"https:\/\/fedai.az\/index.php?rest_route=\/wp\/v2\/posts\/53752\/revisions\/53754"}],"wp:featuredmedia":[{"embeddable":true,"href":"https:\/\/fedai.az\/index.php?rest_route=\/wp\/v2\/media\/53753"}],"wp:attachment":[{"href":"https:\/\/fedai.az\/index.php?rest_route=%2Fwp%2Fv2%2Fmedia&parent=53752"}],"wp:term":[{"taxonomy":"category","embeddable":true,"href":"https:\/\/fedai.az\/index.php?rest_route=%2Fwp%2Fv2%2Fcategories&post=53752"},{"taxonomy":"post_tag","embeddable":true,"href":"https:\/\/fedai.az\/index.php?rest_route=%2Fwp%2Fv2%2Ftags&post=53752"}],"curies":[{"name":"wp","href":"https:\/\/api.w.org\/{rel}","templated":true}]}}