{"id":53755,"date":"2021-11-13T00:36:01","date_gmt":"2021-11-12T20:36:01","guid":{"rendered":"https:\/\/fedai.az\/?p=53755"},"modified":"2021-11-13T00:36:05","modified_gmt":"2021-11-12T20:36:05","slug":"ilham-%c9%99liyev%c9%99-istanbulda-ali-nisan-verildi","status":"publish","type":"post","link":"https:\/\/fedai.az\/?p=53755","title":{"rendered":"\u0130lham \u018fliyev\u0259 \u0130stanbulda &#171;Ali Ni\u015fan&#187; verildi"},"content":{"rendered":"\n<p><strong>T\u00fcrk \u015euras\u0131n\u0131n bu g\u00fcn \u0130stanbulda ke\u00e7iril\u0259n VIII Zirv\u0259 G\u00f6r\u00fc\u015f\u00fcnd\u0259 Az\u0259rbaycan Prezidenti \u0130lham \u018fliyev\u0259 \u201cT\u00fcrk D\u00fcnyas\u0131n\u0131n Ali Ni\u015fan\u0131&#187; t\u0259qdim edilib.<\/strong><\/p>\n\n\n\n<p>Canl\u0131 yay\u0131mda \u0130lham \u018fliyev\u0259 &#171;T\u00fcrk D\u00fcnyas\u0131 Ali Ni\u015fan\u0131&#187;n\u0131 Prezident R\u0259c\u0259b Tayyib \u018frdo\u011fan t\u0259qdim edib.<\/p>\n\n\n\n<p>\u018frdo\u011fan m\u00fcfakat\u0131 t\u0259qdim etdikd\u0259n sonra Az\u0259rbaycan\u0131n V\u0259t\u0259n m\u00fcharib\u0259sind\u0259ki q\u0259l\u0259b\u0259si, Az\u0259rbaycan\u0131n \u0259razi b\u00fct\u00f6vl\u00fcy\u00fcn\u00fcn b\u0259rpas\u0131n\u0131n t\u00fcrk d\u00fcnyas\u0131ndak\u0131 rolu haqda \u00e7\u0131x\u0131\u015f edib.<\/p>\n\n\n\n<p>Prezident \u0130lham \u018fliyev \u00e7\u0131x\u0131\u015f\u0131nda &#171;Ali Ni\u015fan&#187;a layiq g\u00f6r\u00fclm\u0259sinin Qaraba\u011f Z\u0259f\u0259ri il\u0259 ba\u011fl\u0131 olmas\u0131n\u0131n x\u00fcsusi \u00f6n\u0259m da\u015f\u0131d\u0131\u011f\u0131n\u0131 v\u0259 buna g\u00f6r\u0259 Az\u0259rbaycan xalq\u0131 v\u0259 \u00f6z ad\u0131ndan x\u00fcsusi q\u00fcrur hissi ke\u00e7irdiyini qeyd edib.<\/p>\n","protected":false},"excerpt":{"rendered":"<p>T\u00fcrk \u015euras\u0131n\u0131n bu g\u00fcn \u0130stanbulda ke\u00e7iril\u0259n VIII Zirv\u0259 G\u00f6r\u00fc\u015f\u00fcnd\u0259 Az\u0259rbaycan Prezidenti \u0130lham \u018fliyev\u0259 \u201cT\u00fcrk D\u00fcnyas\u0131n\u0131n Ali Ni\u015fan\u0131&#187; t\u0259qdim edilib. Canl\u0131 yay\u0131mda \u0130lham \u018fliyev\u0259 &#171;T\u00fcrk<\/p>\n","protected":false},"author":2,"featured_media":53756,"comment_status":"closed","ping_status":"closed","sticky":false,"template":"","format":"standard","meta":{"footnotes":""},"categories":[1],"tags":[],"class_list":["post-53755","post","type-post","status-publish","format-standard","has-post-thumbnail","hentry","category-siyast"],"aioseo_notices":[],"_links":{"self":[{"href":"https:\/\/fedai.az\/index.php?rest_route=\/wp\/v2\/posts\/53755","targetHints":{"allow":["GET"]}}],"collection":[{"href":"https:\/\/fedai.az\/index.php?rest_route=\/wp\/v2\/posts"}],"about":[{"href":"https:\/\/fedai.az\/index.php?rest_route=\/wp\/v2\/types\/post"}],"author":[{"embeddable":true,"href":"https:\/\/fedai.az\/index.php?rest_route=\/wp\/v2\/users\/2"}],"replies":[{"embeddable":true,"href":"https:\/\/fedai.az\/index.php?rest_route=%2Fwp%2Fv2%2Fcomments&post=53755"}],"version-history":[{"count":1,"href":"https:\/\/fedai.az\/index.php?rest_route=\/wp\/v2\/posts\/53755\/revisions"}],"predecessor-version":[{"id":53757,"href":"https:\/\/fedai.az\/index.php?rest_route=\/wp\/v2\/posts\/53755\/revisions\/53757"}],"wp:featuredmedia":[{"embeddable":true,"href":"https:\/\/fedai.az\/index.php?rest_route=\/wp\/v2\/media\/53756"}],"wp:attachment":[{"href":"https:\/\/fedai.az\/index.php?rest_route=%2Fwp%2Fv2%2Fmedia&parent=53755"}],"wp:term":[{"taxonomy":"category","embeddable":true,"href":"https:\/\/fedai.az\/index.php?rest_route=%2Fwp%2Fv2%2Fcategories&post=53755"},{"taxonomy":"post_tag","embeddable":true,"href":"https:\/\/fedai.az\/index.php?rest_route=%2Fwp%2Fv2%2Ftags&post=53755"}],"curies":[{"name":"wp","href":"https:\/\/api.w.org\/{rel}","templated":true}]}}