{"id":53758,"date":"2021-11-13T00:39:30","date_gmt":"2021-11-12T20:39:30","guid":{"rendered":"https:\/\/fedai.az\/?p=53758"},"modified":"2021-11-13T00:39:35","modified_gmt":"2021-11-12T20:39:35","slug":"prezident-ilham-%c9%99liyev-istanbulda-turkiy%c9%99-lideri-r%c9%99c%c9%99b-tayyib-%c9%99rdoganla-gorusub","status":"publish","type":"post","link":"https:\/\/fedai.az\/?p=53758","title":{"rendered":"Prezident \u0130lham \u018fliyev \u0130stanbulda T\u00fcrkiy\u0259 lideri R\u0259c\u0259b Tayyib \u018frdo\u011fanla g\u00f6r\u00fc\u015f\u00fcb"},"content":{"rendered":"\n<p><strong>Prezident \u0130lham \u018fliyev \u0130stanbulda T\u00fcrkiy\u0259 lideri R\u0259c\u0259b Tayyib \u018frdo\u011fanla g\u00f6r\u00fc\u015f\u00fcb.<\/strong><\/p>\n\n\n\n<p>Prezidentl\u0259rin \u0130stanbulda, g\u0259mid\u0259 s\u00f6hb\u0259tl\u0259\u015fdikl\u0259rinin g\u00f6r\u00fcnt\u00fcl\u0259ri yay\u0131l\u0131b.<\/p>\n\n\n\n<p>Qeyd ed\u0259k ki, Prezident \u0130lham \u018fliyev T\u00fcrk \u015euras\u0131 d\u00f6vl\u0259t ba\u015f\u00e7\u0131lar\u0131n\u0131n Zirv\u0259 g\u00f6r\u00fc\u015f\u00fcnd\u0259 i\u015ftirak etm\u0259k \u00fc\u00e7\u00fcn \u0130stanbulda s\u0259f\u0259rd\u0259dir.<\/p>\n\n\n\n<figure class=\"wp-block-embed is-type-video is-provider-youtube wp-block-embed-youtube wp-embed-aspect-16-9 wp-has-aspect-ratio\"><div class=\"wp-block-embed__wrapper\">\n<iframe loading=\"lazy\" title=\"Erdo\u011fan ile Aliyev Aras\u0131nda Koyu Sohbet! O Anlar B\u00f6yle Kaydedildi\" width=\"715\" height=\"402\" src=\"https:\/\/www.youtube.com\/embed\/kBt3MNuGrsw?feature=oembed\" frameborder=\"0\" allow=\"accelerometer; autoplay; clipboard-write; encrypted-media; gyroscope; picture-in-picture\" allowfullscreen><\/iframe>\n<\/div><\/figure>\n","protected":false},"excerpt":{"rendered":"<p>Prezident \u0130lham \u018fliyev \u0130stanbulda T\u00fcrkiy\u0259 lideri R\u0259c\u0259b Tayyib \u018frdo\u011fanla g\u00f6r\u00fc\u015f\u00fcb. Prezidentl\u0259rin \u0130stanbulda, g\u0259mid\u0259 s\u00f6hb\u0259tl\u0259\u015fdikl\u0259rinin g\u00f6r\u00fcnt\u00fcl\u0259ri yay\u0131l\u0131b. Qeyd ed\u0259k ki, Prezident \u0130lham \u018fliyev T\u00fcrk \u015euras\u0131<\/p>\n","protected":false},"author":2,"featured_media":53759,"comment_status":"closed","ping_status":"closed","sticky":false,"template":"","format":"standard","meta":{"footnotes":""},"categories":[3],"tags":[],"class_list":["post-53758","post","type-post","status-publish","format-standard","has-post-thumbnail","hentry","category-gundm"],"aioseo_notices":[],"_links":{"self":[{"href":"https:\/\/fedai.az\/index.php?rest_route=\/wp\/v2\/posts\/53758","targetHints":{"allow":["GET"]}}],"collection":[{"href":"https:\/\/fedai.az\/index.php?rest_route=\/wp\/v2\/posts"}],"about":[{"href":"https:\/\/fedai.az\/index.php?rest_route=\/wp\/v2\/types\/post"}],"author":[{"embeddable":true,"href":"https:\/\/fedai.az\/index.php?rest_route=\/wp\/v2\/users\/2"}],"replies":[{"embeddable":true,"href":"https:\/\/fedai.az\/index.php?rest_route=%2Fwp%2Fv2%2Fcomments&post=53758"}],"version-history":[{"count":1,"href":"https:\/\/fedai.az\/index.php?rest_route=\/wp\/v2\/posts\/53758\/revisions"}],"predecessor-version":[{"id":53760,"href":"https:\/\/fedai.az\/index.php?rest_route=\/wp\/v2\/posts\/53758\/revisions\/53760"}],"wp:featuredmedia":[{"embeddable":true,"href":"https:\/\/fedai.az\/index.php?rest_route=\/wp\/v2\/media\/53759"}],"wp:attachment":[{"href":"https:\/\/fedai.az\/index.php?rest_route=%2Fwp%2Fv2%2Fmedia&parent=53758"}],"wp:term":[{"taxonomy":"category","embeddable":true,"href":"https:\/\/fedai.az\/index.php?rest_route=%2Fwp%2Fv2%2Fcategories&post=53758"},{"taxonomy":"post_tag","embeddable":true,"href":"https:\/\/fedai.az\/index.php?rest_route=%2Fwp%2Fv2%2Ftags&post=53758"}],"curies":[{"name":"wp","href":"https:\/\/api.w.org\/{rel}","templated":true}]}}