{"id":53791,"date":"2021-11-13T01:39:51","date_gmt":"2021-11-12T21:39:51","guid":{"rendered":"https:\/\/fedai.az\/?p=53791"},"modified":"2021-11-13T10:55:57","modified_gmt":"2021-11-13T06:55:57","slug":"beyl%c9%99qanda-s%c9%99hidl%c9%99r%c9%99-ehsan-verilib","status":"publish","type":"post","link":"https:\/\/fedai.az\/?p=53791","title":{"rendered":"Beyl\u0259qanda \u015f\u0259hidl\u0259r\u0259 ehsan verilib"},"content":{"rendered":"\n<p><strong>Az\u0259rbaycan V\u0259t\u0259n M\u00fcharib\u0259si Veteranlar\u0131 \u0130ctimai Birliyi (AVMV\u0130B) Xocav\u0259nd v\u0259 Az\u0259rbaycan V\u0259t\u0259n M\u00fcharib\u0259si Veteranlar\u0131 \u0130ctimai Birliyi (AVMV\u0130B) Beyl\u0259qan rayon \u015f\u00f6b\u0259si veteranlar\u0131 \u015f\u0259hidl\u0259rimizl\u0259 ba\u011fl\u0131 silsil\u0259 t\u0259dbirl\u0259ri davam etdiribl\u0259r.<\/strong><\/p>\n\n\n\n<p><br>Az\u0259rbaycan V\u0259t\u0259n M\u00fcharib\u0259si Veteranlar\u0131 \u0130ctimai Birliyi (AVMV\u0130B) Xocav\u0259nd rayon \u015f\u00f6b\u0259sinin s\u0259dri Akif H\u0259s\u0259nov v\u0259 Az\u0259rbaycan V\u0259t\u0259n M\u00fcharib\u0259si Veteranlar\u0131 \u0130ctimai Birliyi (AVMV\u0130B) Beyl\u0259qan rayon \u015f\u00f6b\u0259sinin s\u0259dri \u018fl\u00f6vs\u0259t M\u0259mm\u0259dovun r\u0259hb\u0259rliyi il\u0259 m\u00fcharib\u0259 veteranlar\u0131m\u0131z Beyl\u0259qan rayonu D\u00fcnyamal\u0131lar k\u0259ndind\u0259 \u015f\u0259hidl\u0259r\u0259 ehsan m\u0259rasimi t\u0259\u015fkil edibl\u0259r.<\/p>\n\n\n\n<figure class=\"wp-block-image size-large\"><img loading=\"lazy\" decoding=\"async\" width=\"1024\" height=\"485\" src=\"https:\/\/fedai.az\/wp-content\/uploads\/2021\/11\/256767134_126102786498434_5687831352180134366_n-1024x485.jpg\" alt=\"\" class=\"wp-image-53792\" srcset=\"https:\/\/fedai.az\/wp-content\/uploads\/2021\/11\/256767134_126102786498434_5687831352180134366_n-1024x485.jpg 1024w, https:\/\/fedai.az\/wp-content\/uploads\/2021\/11\/256767134_126102786498434_5687831352180134366_n-300x142.jpg 300w, https:\/\/fedai.az\/wp-content\/uploads\/2021\/11\/256767134_126102786498434_5687831352180134366_n-150x71.jpg 150w, https:\/\/fedai.az\/wp-content\/uploads\/2021\/11\/256767134_126102786498434_5687831352180134366_n-768x364.jpg 768w, https:\/\/fedai.az\/wp-content\/uploads\/2021\/11\/256767134_126102786498434_5687831352180134366_n.jpg 1032w\" sizes=\"auto, (max-width: 1024px) 100vw, 1024px\" \/><\/figure>\n\n\n\n<p><br>M\u0259rasimd\u0259 Az\u0259rbaycan V\u0259t\u0259n M\u00fcharib\u0259si Veteranlar\u0131 \u0130ctimai Birliyi (AVMV\u0130B) s\u0259drinin s\u0259lahiyy\u0259tli n\u00fcmay\u0259nd\u0259si, Xocav\u0259nd rayon \u015f\u00f6b\u0259sinin s\u0259dri Akif H\u0259s\u0259nov, AVMV\u0130B s\u0259dri F\u00fczuli Rzaquliyevin ad\u0131ndan \u015f\u0259hid ail\u0259l\u0259rin\u0259 ba\u015fsa\u011fl\u0131\u011f\u0131 verib.<\/p>\n\n\n\n<p><br><strong>Allah \u015f\u0259hidl\u0259rimiz\u0259 r\u0259hm\u0259t el\u0259sin!<\/strong><\/p>\n\n\n\n<p><strong><br>El\u00e7in Q\u0259dirov<br>Qaraba\u011f \u00fczr\u0259 m\u00fcxbir, Beyl\u0259qan<\/strong><\/p>\n","protected":false},"excerpt":{"rendered":"<p>Az\u0259rbaycan V\u0259t\u0259n M\u00fcharib\u0259si Veteranlar\u0131 \u0130ctimai Birliyi (AVMV\u0130B) Xocav\u0259nd v\u0259 Az\u0259rbaycan V\u0259t\u0259n M\u00fcharib\u0259si Veteranlar\u0131 \u0130ctimai Birliyi (AVMV\u0130B) Beyl\u0259qan rayon \u015f\u00f6b\u0259si veteranlar\u0131 \u015f\u0259hidl\u0259rimizl\u0259 ba\u011fl\u0131 silsil\u0259 t\u0259dbirl\u0259ri<\/p>\n","protected":false},"author":2,"featured_media":53793,"comment_status":"closed","ping_status":"closed","sticky":false,"template":"","format":"standard","meta":{"footnotes":""},"categories":[5],"tags":[],"class_list":["post-53791","post","type-post","status-publish","format-standard","has-post-thumbnail","hentry","category-veteran"],"aioseo_notices":[],"_links":{"self":[{"href":"https:\/\/fedai.az\/index.php?rest_route=\/wp\/v2\/posts\/53791","targetHints":{"allow":["GET"]}}],"collection":[{"href":"https:\/\/fedai.az\/index.php?rest_route=\/wp\/v2\/posts"}],"about":[{"href":"https:\/\/fedai.az\/index.php?rest_route=\/wp\/v2\/types\/post"}],"author":[{"embeddable":true,"href":"https:\/\/fedai.az\/index.php?rest_route=\/wp\/v2\/users\/2"}],"replies":[{"embeddable":true,"href":"https:\/\/fedai.az\/index.php?rest_route=%2Fwp%2Fv2%2Fcomments&post=53791"}],"version-history":[{"count":2,"href":"https:\/\/fedai.az\/index.php?rest_route=\/wp\/v2\/posts\/53791\/revisions"}],"predecessor-version":[{"id":53821,"href":"https:\/\/fedai.az\/index.php?rest_route=\/wp\/v2\/posts\/53791\/revisions\/53821"}],"wp:featuredmedia":[{"embeddable":true,"href":"https:\/\/fedai.az\/index.php?rest_route=\/wp\/v2\/media\/53793"}],"wp:attachment":[{"href":"https:\/\/fedai.az\/index.php?rest_route=%2Fwp%2Fv2%2Fmedia&parent=53791"}],"wp:term":[{"taxonomy":"category","embeddable":true,"href":"https:\/\/fedai.az\/index.php?rest_route=%2Fwp%2Fv2%2Fcategories&post=53791"},{"taxonomy":"post_tag","embeddable":true,"href":"https:\/\/fedai.az\/index.php?rest_route=%2Fwp%2Fv2%2Ftags&post=53791"}],"curies":[{"name":"wp","href":"https:\/\/api.w.org\/{rel}","templated":true}]}}