{"id":53795,"date":"2021-11-13T01:49:48","date_gmt":"2021-11-12T21:49:48","guid":{"rendered":"https:\/\/fedai.az\/?p=53795"},"modified":"2021-11-13T01:49:51","modified_gmt":"2021-11-12T21:49:51","slug":"nato-dan-belarusla-bagli-s%c9%99rt-b%c9%99yanat","status":"publish","type":"post","link":"https:\/\/fedai.az\/?p=53795","title":{"rendered":"NATO-dan Belarusla ba\u011fl\u0131 S\u018fRT B\u018fYANAT"},"content":{"rendered":"\n<p><strong>NATO Pol\u015fa-Belarus s\u0259rh\u0259dind\u0259ki v\u0259ziyy\u0259tl\u0259 ba\u011fl\u0131 b\u0259yanat yay\u0131b.<\/strong><\/p>\n\n\n\n<p>Bu bar\u0259d\u0259 NATO-nun sayt\u0131nda m\u0259luat verilib.<\/p>\n\n\n\n<p>&#171;\u015eimali Atlantika \u015euras\u0131 siyasi m\u0259qs\u0259dl\u0259r \u00fc\u00e7\u00fcn Pol\u015fa, Litva v\u0259 Latviyaya qar\u015f\u0131 y\u00f6n\u0259lmi\u015f hibrid h\u00fccumlar\u0131n bir hiss\u0259si kimi Belarus t\u0259r\u0259find\u0259n s\u00fcni \u015f\u0259kild\u0259 yarad\u0131lm\u0131\u015f qeyri-qanuni miqrasiyan\u0131n davaml\u0131 al\u0259t\u0259 \u00e7evrilm\u0259sini q\u0259tiyy\u0259tl\u0259 pisl\u0259yir.<\/p>\n\n\n\n<p>Bu q\u0259ddar davran\u0131\u015flar h\u0259ssas insanlar\u0131n h\u0259yat\u0131n\u0131 t\u0259hl\u00fck\u0259 alt\u0131na qoyur. NATO Pol\u015fa, Litva, Latviya v\u0259 t\u0259sir\u0259 m\u0259ruz qalan dig\u0259r m\u00fctt\u0259fiq d\u00f6vl\u0259tl\u0259rl\u0259 h\u0259mr\u0259ydir. Vacib beyn\u0259lxalq t\u0259r\u0259fda\u015flarla yax\u0131n koordinasiya t\u0259l\u0259b ed\u0259n v\u0259ziyy\u0259t\u0259 cavab olaraq fundamental d\u0259y\u0259rl\u0259r\u0259 v\u0259 beyn\u0259lxalq h\u00fcquqa \u0259saslanan m\u00fctt\u0259fiql\u0259r t\u0259r\u0259find\u0259n f\u0259rdi v\u0259 kollektiv \u015f\u0259kild\u0259 at\u0131lan add\u0131mlar\u0131 d\u0259st\u0259kl\u0259yir.<\/p>\n\n\n\n<p>Biz Belarusun Pol\u015fa, Litva v\u0259 Latviya il\u0259 s\u0259rh\u0259dl\u0259rind\u0259 n\u00f6vb\u0259ti eskalasiya v\u0259 t\u0259xribat riskin\u0259 qar\u015f\u0131 ay\u0131q-say\u0131q olaca\u011f\u0131q v\u0259 onun Alyans\u0131n t\u0259hl\u00fck\u0259sizliyin\u0259 t\u0259sirl\u0259rini izl\u0259m\u0259y\u0259 davam ed\u0259c\u0259yik. NATO m\u00fctt\u0259fiql\u0259ri Belarusu bu h\u0259r\u0259k\u0259tl\u0259ri dayand\u0131rma\u011fa, insan h\u00fcquq v\u0259 \u0259sas azadl\u0131qlar\u0131na h\u00f6rm\u0259t etm\u0259y\u0259 v\u0259 beyn\u0259lxalq h\u00fcquqa riay\u0259t etm\u0259y\u0259 \u00e7a\u011f\u0131r\u0131r&#187;, &#8212; b\u0259yanatda qeyd olunub.<\/p>\n\n\n\n<p>M\u0259nb\u0259: Publika.az<\/p>\n","protected":false},"excerpt":{"rendered":"<p>NATO Pol\u015fa-Belarus s\u0259rh\u0259dind\u0259ki v\u0259ziyy\u0259tl\u0259 ba\u011fl\u0131 b\u0259yanat yay\u0131b. Bu bar\u0259d\u0259 NATO-nun sayt\u0131nda m\u0259luat verilib. &#171;\u015eimali Atlantika \u015euras\u0131 siyasi m\u0259qs\u0259dl\u0259r \u00fc\u00e7\u00fcn Pol\u015fa, Litva v\u0259 Latviyaya qar\u015f\u0131<\/p>\n","protected":false},"author":2,"featured_media":53796,"comment_status":"closed","ping_status":"closed","sticky":false,"template":"","format":"standard","meta":{"footnotes":""},"categories":[1],"tags":[],"class_list":["post-53795","post","type-post","status-publish","format-standard","has-post-thumbnail","hentry","category-siyast"],"aioseo_notices":[],"_links":{"self":[{"href":"https:\/\/fedai.az\/index.php?rest_route=\/wp\/v2\/posts\/53795","targetHints":{"allow":["GET"]}}],"collection":[{"href":"https:\/\/fedai.az\/index.php?rest_route=\/wp\/v2\/posts"}],"about":[{"href":"https:\/\/fedai.az\/index.php?rest_route=\/wp\/v2\/types\/post"}],"author":[{"embeddable":true,"href":"https:\/\/fedai.az\/index.php?rest_route=\/wp\/v2\/users\/2"}],"replies":[{"embeddable":true,"href":"https:\/\/fedai.az\/index.php?rest_route=%2Fwp%2Fv2%2Fcomments&post=53795"}],"version-history":[{"count":1,"href":"https:\/\/fedai.az\/index.php?rest_route=\/wp\/v2\/posts\/53795\/revisions"}],"predecessor-version":[{"id":53797,"href":"https:\/\/fedai.az\/index.php?rest_route=\/wp\/v2\/posts\/53795\/revisions\/53797"}],"wp:featuredmedia":[{"embeddable":true,"href":"https:\/\/fedai.az\/index.php?rest_route=\/wp\/v2\/media\/53796"}],"wp:attachment":[{"href":"https:\/\/fedai.az\/index.php?rest_route=%2Fwp%2Fv2%2Fmedia&parent=53795"}],"wp:term":[{"taxonomy":"category","embeddable":true,"href":"https:\/\/fedai.az\/index.php?rest_route=%2Fwp%2Fv2%2Fcategories&post=53795"},{"taxonomy":"post_tag","embeddable":true,"href":"https:\/\/fedai.az\/index.php?rest_route=%2Fwp%2Fv2%2Ftags&post=53795"}],"curies":[{"name":"wp","href":"https:\/\/api.w.org\/{rel}","templated":true}]}}