{"id":53798,"date":"2021-11-13T01:52:27","date_gmt":"2021-11-12T21:52:27","guid":{"rendered":"https:\/\/fedai.az\/?p=53798"},"modified":"2021-11-13T01:55:09","modified_gmt":"2021-11-12T21:55:09","slug":"turk-cografiyasini-birl%c9%99sdir%c9%99n-%c9%99liyevin-istanbuldan-verdiyi-qarabag-mesaji","status":"publish","type":"post","link":"https:\/\/fedai.az\/?p=53798","title":{"rendered":"T\u00fcrk co\u011frafiyas\u0131n\u0131 birl\u0259\u015fdir\u0259n \u018fliyevin \u0130stanbuldan verdiyi QARABA\u011e MESAJI"},"content":{"rendered":"\n<p><strong>T\u00fcrk \u015euras\u0131n\u0131n ad\u0131 T\u00fcrk D\u00f6vl\u0259tl\u0259ri T\u0259\u015fkilat\u0131 olaraq d\u0259yi\u015fdirildi. T\u00fcrkm\u0259nistan t\u0259\u015fkilata m\u00fc\u015fahid\u0259\u00e7i statusda (\u0259vv\u0259lc\u0259 tamh\u00fcquqlu \u00fczv olaca\u011f\u0131 a\u00e7\u0131qlanm\u0131\u015fd\u0131) \u00fczv q\u0259bul edidi.<\/strong><\/p>\n\n\n\n<p>\u018fliyevin \u0130stanbul zirv\u0259sind\u0259 \u00e7\u0131x\u0131\u015f\u0131 da bir ne\u00e7\u0259 kontekstd\u0259 maraql\u0131 idi.<\/p>\n\n\n\n<p><strong>Birincisi<\/strong>, Erm\u0259nistana a\u00e7\u0131q x\u0259b\u0259rdarl\u0131q etdi: \u0130r\u0259van Bak\u0131ya qar\u015f\u0131 Qaraba\u011f iddias\u0131ndan \u0259l \u00e7\u0259km\u0259s\u0259, o c\u00fcml\u0259d\u0259n, Ankaraya qar\u015f\u0131 \u0259razi iddialar\u0131na son qoymasa, daha pis duruma d\u00fc\u015f\u0259c\u0259k;<\/p>\n\n\n\n<figure class=\"wp-block-image size-large is-resized\"><img loading=\"lazy\" decoding=\"async\" src=\"https:\/\/fedai.az\/wp-content\/uploads\/2021\/11\/eliye.jpg\" alt=\"\" class=\"wp-image-53799\" width=\"918\" height=\"516\" srcset=\"https:\/\/fedai.az\/wp-content\/uploads\/2021\/11\/eliye.jpg 800w, https:\/\/fedai.az\/wp-content\/uploads\/2021\/11\/eliye-300x169.jpg 300w, https:\/\/fedai.az\/wp-content\/uploads\/2021\/11\/eliye-150x84.jpg 150w, https:\/\/fedai.az\/wp-content\/uploads\/2021\/11\/eliye-768x432.jpg 768w\" sizes=\"auto, (max-width: 918px) 100vw, 918px\" \/><\/figure>\n\n\n\n<p><strong>\u0130kincisi,&nbsp;<\/strong>Z\u0259ng\u0259zur d\u0259hlizinin t\u00fcrk d\u00fcnyas\u0131n\u0131n co\u011frafi par\u00e7alanmas\u0131n\u0131 aradan qald\u0131raca\u011f\u0131 haqda dedikl\u0259ridir.<\/p>\n\n\n\n<p>T\u00fcrkdilli D\u00f6vl\u0259tl\u0259rin \u018fm\u0259kda\u015fl\u0131q \u015euras\u0131n\u0131n 2009-cu ild\u0259 ke\u00e7iril\u0259n Nax\u00e7\u0131van Zirv\u0259sind\u0259 \u018fliyev Z\u0259ng\u0259zurun t\u00fcrk co\u011frafiyas\u0131n\u0131 par\u00e7alayan n\u00f6qt\u0259 oldu\u011funu dil\u0259 g\u0259tirmi\u015fdi. 10 il sonra \u2013 2019-cu il T\u00fcrk \u015euras\u0131n\u0131n Bak\u0131 Zirv\u0259sind\u0259 bunu yenid\u0259n g\u00fcnd\u0259m\u0259 g\u0259tirdi. V\u0259 bir il sonra ba\u015f ver\u0259n II Qaraba\u011f m\u00fcharib\u0259sinin n\u0259tic\u0259l\u0259rind\u0259n biri d\u0259 d\u0259hlizin a\u00e7\u0131lmas\u0131 \u2013 t\u00fcrk co\u011frafiyas\u0131n\u0131n par\u00e7alanmas\u0131n\u0131n aradan qalxma imkan\u0131n\u0131n yaranmas\u0131d\u0131r. M\u00fcharib\u0259d\u0259n bir il sonra \u018fliyev t\u00fcrk d\u00fcyas\u0131na \u201cbu co\u011frafiyan\u0131 yenid\u0259n birl\u0259\u015fdiririk\u201d mesaj\u0131n\u0131 verir v\u0259 bununla onlar\u0131n da prosesd\u0259 aktiv i\u015ftirak\u0131n\u0131 ist\u0259yir.<\/p>\n\n\n\n<p>V\u0259 zaman g\u00f6st\u0259rir ki, 2009-cu ild\u0259 Zirv\u0259 g\u00f6r\u00fc\u015f\u00fcn\u00fcn m\u0259hz Nax\u00e7\u0131vanda \u2013 T\u00fcrkiy\u0259 il\u0259 Az\u0259rbaycan\u0131 ay\u0131ran, t\u00fcrk co\u011frafiyas\u0131n\u0131 par\u00e7alayan Z\u0259ng\u0259zurun s\u0259rh\u0259dind\u0259 ke\u00e7irilm\u0259si g\u0259l\u0259c\u0259k strategiyan\u0131n t\u0259rkib hiss\u0259si olub.<\/p>\n\n\n\n<p><strong>\u00dc\u00e7\u00fcnc\u00fcs\u00fc,<\/strong>&nbsp;T\u00fcrkiy\u0259nin \u015e\u0259rqi Z\u0259ng\u0259zur v\u0259 Qaraba\u011f b\u00f6lg\u0259l\u0259rinin b\u0259rpas\u0131nda da i\u015ftirak etdiyini dem\u0259kl\u0259, \u00fc\u00e7\u00fcnc\u00fc t\u0259r\u0259fl\u0259r\u0259 \u201cT\u00fcrkiy\u0259 Qaraba\u011fdad\u0131r\u201d mesaj\u0131n\u0131 verir;<\/p>\n\n\n\n<p>Bu Zirv\u0259 g\u00f6r\u00fc\u015f\u00fcn\u00fc, T\u00fcrk \u015euras\u0131n\u0131n T\u00fcrk D\u00f6vl\u0259tl\u0259ri T\u0259\u015fkilat\u0131n\u0131 adland\u0131r\u0131lmas\u0131n\u0131, T\u00fcrkm\u0259nistan\u0131n t\u0259\u015fkilata g\u0259tirilm\u0259si t\u00fcrk co\u011frafiyas\u0131n\u0131n b\u00fct\u00f6vl\u0259\u015fm\u0259si v\u0259 bu co\u011frafiyada g\u00fcc\u0259 \u00e7evrilm\u0259sinin ba\u015flan\u011f\u0131c\u0131 da hesab oluna bil\u0259r.<br><br><strong>Asif N\u0259rimanl\u0131<\/strong><\/p>\n\n\n\n<p>M\u0259nb\u0259: Publika.az<\/p>\n","protected":false},"excerpt":{"rendered":"<p>T\u00fcrk \u015euras\u0131n\u0131n ad\u0131 T\u00fcrk D\u00f6vl\u0259tl\u0259ri T\u0259\u015fkilat\u0131 olaraq d\u0259yi\u015fdirildi. T\u00fcrkm\u0259nistan t\u0259\u015fkilata m\u00fc\u015fahid\u0259\u00e7i statusda (\u0259vv\u0259lc\u0259 tamh\u00fcquqlu \u00fczv olaca\u011f\u0131 a\u00e7\u0131qlanm\u0131\u015fd\u0131) \u00fczv q\u0259bul edidi. \u018fliyevin \u0130stanbul zirv\u0259sind\u0259 \u00e7\u0131x\u0131\u015f\u0131<\/p>\n","protected":false},"author":2,"featured_media":53804,"comment_status":"closed","ping_status":"closed","sticky":false,"template":"","format":"standard","meta":{"footnotes":""},"categories":[4],"tags":[],"class_list":["post-53798","post","type-post","status-publish","format-standard","has-post-thumbnail","hentry","category-qarabag"],"aioseo_notices":[],"_links":{"self":[{"href":"https:\/\/fedai.az\/index.php?rest_route=\/wp\/v2\/posts\/53798","targetHints":{"allow":["GET"]}}],"collection":[{"href":"https:\/\/fedai.az\/index.php?rest_route=\/wp\/v2\/posts"}],"about":[{"href":"https:\/\/fedai.az\/index.php?rest_route=\/wp\/v2\/types\/post"}],"author":[{"embeddable":true,"href":"https:\/\/fedai.az\/index.php?rest_route=\/wp\/v2\/users\/2"}],"replies":[{"embeddable":true,"href":"https:\/\/fedai.az\/index.php?rest_route=%2Fwp%2Fv2%2Fcomments&post=53798"}],"version-history":[{"count":1,"href":"https:\/\/fedai.az\/index.php?rest_route=\/wp\/v2\/posts\/53798\/revisions"}],"predecessor-version":[{"id":53801,"href":"https:\/\/fedai.az\/index.php?rest_route=\/wp\/v2\/posts\/53798\/revisions\/53801"}],"wp:featuredmedia":[{"embeddable":true,"href":"https:\/\/fedai.az\/index.php?rest_route=\/wp\/v2\/media\/53804"}],"wp:attachment":[{"href":"https:\/\/fedai.az\/index.php?rest_route=%2Fwp%2Fv2%2Fmedia&parent=53798"}],"wp:term":[{"taxonomy":"category","embeddable":true,"href":"https:\/\/fedai.az\/index.php?rest_route=%2Fwp%2Fv2%2Fcategories&post=53798"},{"taxonomy":"post_tag","embeddable":true,"href":"https:\/\/fedai.az\/index.php?rest_route=%2Fwp%2Fv2%2Ftags&post=53798"}],"curies":[{"name":"wp","href":"https:\/\/api.w.org\/{rel}","templated":true}]}}