{"id":53808,"date":"2021-11-13T10:22:41","date_gmt":"2021-11-13T06:22:41","guid":{"rendered":"https:\/\/fedai.az\/?p=53808"},"modified":"2021-11-13T10:22:43","modified_gmt":"2021-11-13T06:22:43","slug":"erm%c9%99nistan-prezidentinin-etiraflari","status":"publish","type":"post","link":"https:\/\/fedai.az\/?p=53808","title":{"rendered":"Erm\u0259nistan prezidentinin etiraflar\u0131"},"content":{"rendered":"\n<p><strong>Erm\u0259nistan prezidenti Armen Sarkisyan d\u00fcn\u0259n verdiyi m\u00fcsahib\u0259 zaman\u0131 Az\u0259rbaycan-Erm\u0259nistan s\u0259rh\u0259ddind\u0259 ba\u015f ver\u0259nl\u0259r\u0259 toxunub. <\/strong><\/p>\n\n\n\n<p><strong>Alp.az erm\u0259ni medias\u0131na istinad\u0259n x\u0259b\u0259r verir ki, Armen Sarkisyan m\u00fcharib\u0259d\u0259n sonra Az\u0259rbaycan\u0131n onlar\u0131 t\u0259r\u0259f kimi q\u0259bul etm\u0259diyini etiraf edib.<\/strong><\/p>\n\n\n\n<p>\u201cAz\u0259rbaycan iqtisadi v\u0259 siyasi resuslardan istifad\u0259 ed\u0259r\u0259k bizi dalana dir\u0259yib. Erm\u0259nistan m\u00fcharib\u0259d\u0259 h\u0259m iqtisadi, h\u0259m d\u0259 m\u0259n\u0259vi z\u0259rb\u0259 ald\u0131. \u201c- dey\u0259 Sarkisyan bildirib.<\/p>\n\n\n\n<p>\u201cAz\u0259rbaycan t\u0259r\u0259fi noyabr\u0131n 11-d\u0259n&nbsp; etibar\u0259n Gorus \u2013 Qafan&nbsp; yolunun 21 kilometrlik hiss\u0259sind\u0259 Erm\u0259nistan v\u0259t\u0259nda\u015flar\u0131na v\u0259 mallar\u0131na m\u00fcnasib\u0259td\u0259 d\u0259 g\u00f6mr\u00fck v\u0259 pasport n\u0259zar\u0259ti h\u0259yata ke\u00e7irm\u0259y\u0259 ba\u015flay\u0131b. Biz d\u0259 bu \u0259razid\u0259 \u00f6z k\u00f6mr\u00fck postlar\u0131m\u0131z\u0131 yerl\u0259\u015fdirm\u0259yi d\u00fc\u015f\u00fcn\u00fcr\u00fck. Ancaq Az\u0259rbaycan bizi m\u0259\u011flub etm\u0259kl\u0259 C\u0259nubi Qafqazda t\u0259k g\u00fcc oldu\u011funu g\u00f6st\u0259rdi. \u0130ndi bunu siyasi arenada n\u00fcmayi\u015f etdirm\u0259k ist\u0259yir. Erm\u0259nistan Respublikas\u0131n\u0131n s\u0259rh\u0259dl\u0259rin\u0259, \u0259razi b\u00fct\u00f6vl\u00fcy\u00fcn\u0259 v\u0259 suverenliyin\u0259, v\u0259t\u0259nda\u015flar\u0131m\u0131z\u0131n h\u0259yat\u0131na, onlar\u0131n azad v\u0259 t\u0259hl\u00fck\u0259siz h\u0259r\u0259k\u0259tin\u0259 v\u0259 b\u00fct\u00fcn dig\u0259r fundamental h\u00fcquqlara h\u0259r hans\u0131 t\u0259cav\u00fcz\u00fc biz&nbsp; &nbsp;q\u0259buledilm\u0259z hesab edirik.\u201d- dey\u0259 Armen Sarkisyan bildirib.<\/p>\n","protected":false},"excerpt":{"rendered":"<p>Erm\u0259nistan prezidenti Armen Sarkisyan d\u00fcn\u0259n verdiyi m\u00fcsahib\u0259 zaman\u0131 Az\u0259rbaycan-Erm\u0259nistan s\u0259rh\u0259ddind\u0259 ba\u015f ver\u0259nl\u0259r\u0259 toxunub. Alp.az erm\u0259ni medias\u0131na istinad\u0259n x\u0259b\u0259r verir ki, Armen Sarkisyan m\u00fcharib\u0259d\u0259n sonra<\/p>\n","protected":false},"author":2,"featured_media":53809,"comment_status":"closed","ping_status":"closed","sticky":false,"template":"","format":"standard","meta":{"footnotes":""},"categories":[1],"tags":[],"class_list":["post-53808","post","type-post","status-publish","format-standard","has-post-thumbnail","hentry","category-siyast"],"aioseo_notices":[],"_links":{"self":[{"href":"https:\/\/fedai.az\/index.php?rest_route=\/wp\/v2\/posts\/53808","targetHints":{"allow":["GET"]}}],"collection":[{"href":"https:\/\/fedai.az\/index.php?rest_route=\/wp\/v2\/posts"}],"about":[{"href":"https:\/\/fedai.az\/index.php?rest_route=\/wp\/v2\/types\/post"}],"author":[{"embeddable":true,"href":"https:\/\/fedai.az\/index.php?rest_route=\/wp\/v2\/users\/2"}],"replies":[{"embeddable":true,"href":"https:\/\/fedai.az\/index.php?rest_route=%2Fwp%2Fv2%2Fcomments&post=53808"}],"version-history":[{"count":1,"href":"https:\/\/fedai.az\/index.php?rest_route=\/wp\/v2\/posts\/53808\/revisions"}],"predecessor-version":[{"id":53810,"href":"https:\/\/fedai.az\/index.php?rest_route=\/wp\/v2\/posts\/53808\/revisions\/53810"}],"wp:featuredmedia":[{"embeddable":true,"href":"https:\/\/fedai.az\/index.php?rest_route=\/wp\/v2\/media\/53809"}],"wp:attachment":[{"href":"https:\/\/fedai.az\/index.php?rest_route=%2Fwp%2Fv2%2Fmedia&parent=53808"}],"wp:term":[{"taxonomy":"category","embeddable":true,"href":"https:\/\/fedai.az\/index.php?rest_route=%2Fwp%2Fv2%2Fcategories&post=53808"},{"taxonomy":"post_tag","embeddable":true,"href":"https:\/\/fedai.az\/index.php?rest_route=%2Fwp%2Fv2%2Ftags&post=53808"}],"curies":[{"name":"wp","href":"https:\/\/api.w.org\/{rel}","templated":true}]}}