{"id":53833,"date":"2021-11-13T15:29:08","date_gmt":"2021-11-13T11:29:08","guid":{"rendered":"https:\/\/fedai.az\/?p=53833"},"modified":"2021-11-13T15:29:11","modified_gmt":"2021-11-13T11:29:11","slug":"ilham-%c9%99liyevin-turkiy%c9%99y%c9%99-s%c9%99f%c9%99ri-basa-catdi","status":"publish","type":"post","link":"https:\/\/fedai.az\/?p=53833","title":{"rendered":"\u0130lham \u018fliyevin T\u00fcrkiy\u0259y\u0259 s\u0259f\u0259ri ba\u015fa \u00e7atd\u0131"},"content":{"rendered":"\n<p><strong>Az\u0259rbaycan Respublikas\u0131n\u0131n Prezidenti \u0130lham \u018fliyevin T\u00fcrkiy\u0259 Respublikas\u0131na s\u0259f\u0259ri noyabr\u0131n 13-d\u0259 ba\u015fa \u00e7at\u0131b.<\/strong><\/p>\n\n\n\n<p>H\u0259r iki \u00f6lk\u0259nin d\u00f6vl\u0259t bayraqlar\u0131n\u0131n dal\u011faland\u0131\u011f\u0131 \u0130stanbulun Atat\u00fcrk Hava Liman\u0131nda Az\u0259rbaycan Prezidentinin \u015f\u0259r\u0259fin\u0259 f\u0259xri qarovul d\u0259st\u0259si d\u00fcz\u00fclm\u00fc\u015fd\u00fc.<\/p>\n","protected":false},"excerpt":{"rendered":"<p>Az\u0259rbaycan Respublikas\u0131n\u0131n Prezidenti \u0130lham \u018fliyevin T\u00fcrkiy\u0259 Respublikas\u0131na s\u0259f\u0259ri noyabr\u0131n 13-d\u0259 ba\u015fa \u00e7at\u0131b. H\u0259r iki \u00f6lk\u0259nin d\u00f6vl\u0259t bayraqlar\u0131n\u0131n dal\u011faland\u0131\u011f\u0131 \u0130stanbulun Atat\u00fcrk Hava Liman\u0131nda Az\u0259rbaycan Prezidentinin<\/p>\n","protected":false},"author":2,"featured_media":53834,"comment_status":"closed","ping_status":"closed","sticky":false,"template":"","format":"standard","meta":{"footnotes":""},"categories":[3],"tags":[],"class_list":["post-53833","post","type-post","status-publish","format-standard","has-post-thumbnail","hentry","category-gundm"],"aioseo_notices":[],"_links":{"self":[{"href":"https:\/\/fedai.az\/index.php?rest_route=\/wp\/v2\/posts\/53833","targetHints":{"allow":["GET"]}}],"collection":[{"href":"https:\/\/fedai.az\/index.php?rest_route=\/wp\/v2\/posts"}],"about":[{"href":"https:\/\/fedai.az\/index.php?rest_route=\/wp\/v2\/types\/post"}],"author":[{"embeddable":true,"href":"https:\/\/fedai.az\/index.php?rest_route=\/wp\/v2\/users\/2"}],"replies":[{"embeddable":true,"href":"https:\/\/fedai.az\/index.php?rest_route=%2Fwp%2Fv2%2Fcomments&post=53833"}],"version-history":[{"count":1,"href":"https:\/\/fedai.az\/index.php?rest_route=\/wp\/v2\/posts\/53833\/revisions"}],"predecessor-version":[{"id":53835,"href":"https:\/\/fedai.az\/index.php?rest_route=\/wp\/v2\/posts\/53833\/revisions\/53835"}],"wp:featuredmedia":[{"embeddable":true,"href":"https:\/\/fedai.az\/index.php?rest_route=\/wp\/v2\/media\/53834"}],"wp:attachment":[{"href":"https:\/\/fedai.az\/index.php?rest_route=%2Fwp%2Fv2%2Fmedia&parent=53833"}],"wp:term":[{"taxonomy":"category","embeddable":true,"href":"https:\/\/fedai.az\/index.php?rest_route=%2Fwp%2Fv2%2Fcategories&post=53833"},{"taxonomy":"post_tag","embeddable":true,"href":"https:\/\/fedai.az\/index.php?rest_route=%2Fwp%2Fv2%2Ftags&post=53833"}],"curies":[{"name":"wp","href":"https:\/\/api.w.org\/{rel}","templated":true}]}}