{"id":53850,"date":"2021-11-14T01:41:18","date_gmt":"2021-11-13T21:41:18","guid":{"rendered":"https:\/\/fedai.az\/?p=53850"},"modified":"2021-11-14T01:41:21","modified_gmt":"2021-11-13T21:41:21","slug":"n%c9%99-muharib%c9%99-n%c9%99-sulh-yen%c9%99-%c9%99vv%c9%99lki-qeyri-mu%c9%99yy%c9%99nlik-erm%c9%99ni-jurnalisti-yazdi","status":"publish","type":"post","link":"https:\/\/fedai.az\/?p=53850","title":{"rendered":"&#171;N\u0259 m\u00fcharib\u0259, n\u0259 s\u00fclh, yen\u0259 \u0259vv\u0259lki qeyri m\u00fc\u0259yy\u0259nlik&#187; &#8212; erm\u0259ni jurnalisti yazd\u0131"},"content":{"rendered":"\n<p><strong>Erm\u0259ni jurnalisti Arpi Bekaryan\u0131n 44 g\u00fcnl\u00fck m\u00fcharib\u0259 haqq\u0131nda yaz\u0131s\u0131 \u00e7\u0131x\u0131b. Jurnalist erm\u0259ni xalq\u0131n\u0131 Az\u0259rbaycan qar\u015f\u0131s\u0131nda g\u00fcnahlar\u0131n\u0131 etiraf etm\u0259dikl\u0259rin\u0259 g\u00f6r\u0259 q\u0131nay\u0131b. M\u00fc\u0259llif erm\u0259nil\u0259ri q\u0131nayaraq, d\u00fczg\u00fcn n\u0259tic\u0259 \u00e7\u0131xarma\u011f\u0131 t\u00f6vsiy\u0259 edib. <\/strong><\/p>\n\n\n\n<p><strong>Yaz\u0131n\u0131 diqq\u0259tiniz\u0259 t\u0259qdim edirik:<\/strong>\u00a0<\/p>\n\n\n\n<p>\u0130kinci Qaraba\u011f M\u00fcharib\u0259si &#187;qalib&#187; v\u0259 &#187;m\u0259\u011flub&#187; xalqlar\u0131n\u00a0 dinamikas\u0131n\u0131 d\u0259yi\u015fdir\u0259c\u0259k,\u00a0 Erm\u0259nistan\u0131n\u00a0 m\u00fcnaqi\u015f\u0259 il\u0259 ba\u011fl\u0131 f\u0259rziy\u0259l\u0259rini bildir\u0259n ill\u00fcziyalar\u0131 v\u0259 iki\u00fczl\u00fckl\u0259ri \u00fcz\u0259 \u00e7\u0131xard\u0131.\u00a0 Ancaq buna baxmayaraq, Az\u0259rbaycan v\u0259 Erm\u0259nistan aras\u0131nda yeni dinamika formala\u015fmay\u0131b.<\/p>\n\n\n\n<p><br>\u0130ki il \u0259vv\u0259l az\u0259rbaycanl\u0131 dostumun m\u0259n\u0259 verdiyi 20 q\u0259pik var idi. Onu pul qap\u0131mda dig\u0259r q\u0259pikl\u0259rd\u0259n ayr\u0131 saxlay\u0131rd\u0131m ki, g\u00f6r\u0259n olmas\u0131n, n\u0259 vaxtsa m\u0259ni pis v\u0259ziyy\u0259t\u0259 salmas\u0131n.<\/p>\n\n\n\n<p>T\u0259xmin\u0259n iki ay \u0259vv\u0259l \u0130r\u0259van\u0131n m\u0259rk\u0259zind\u0259n&nbsp; taksi il\u0259 \u015f\u0259h\u0259r k\u0259nar\u0131ndak\u0131 evim\u0259 gedirdim. Taksi&nbsp; getdiyimiz yer\u0259 \u00e7atanda&nbsp; c\u00fczdan\u0131mdan n\u0259yins\u0259 d\u00fc\u015fd\u00fcy\u00fcn\u00fc hiss etdim. Ma\u015f\u0131n qaranl\u0131q idi v\u0259 ilk d\u00fc\u015f\u00fcnc\u0259m &#187;yax\u015f\u0131, tapa bilm\u0259r\u0259m&#187; oldu.&nbsp; Sonra s\u00fcr\u00fcc\u00fcd\u0259n i\u015f\u0131\u011f\u0131 yand\u0131rmas\u0131n\u0131 ist\u0259dim. A\u015fa\u011f\u0131 baxd\u0131m v\u0259 Az\u0259rbaycan q\u0259piyini bacard\u0131\u011f\u0131m q\u0259d\u0259r tez g\u00f6t\u00fcrd\u00fcm. Qorxu il\u0259 s\u00fcr\u00fcc\u00fcn\u00fcn g\u00f6zl\u0259rin\u0259 baxd\u0131m- o, \u0259vv\u0259lc\u0259 n\u0259 ba\u015f verdiyini anlamad\u0131.<\/p>\n\n\n\n<p>Ondan i\u015f\u0131\u011f\u0131 yand\u0131rmas\u0131n\u0131n ist\u0259m\u0259s\u0259ydim n\u0259 olaca\u011f\u0131n\u0131 d\u00fc\u015f\u00fcnd\u00fcm. Bu yaz\u0131q s\u00fcr\u00fcc\u00fc ma\u015f\u0131n\u0131n arxas\u0131nda Az\u0259rbaycan q\u0259piyini tapacaq v\u0259 \u00e7ox g\u00fcman ki, \u0130ravanda hans\u0131sa Az\u0259rbaycanl\u0131n\u0131n oldu\u011funun v\u0259 onun s\u0259rni\u015fini oldu\u011funu d\u00fc\u015f\u00fcn\u0259c\u0259kdi. O d\u00fc\u015f\u00fcn\u0259 bil\u0259rdi ki,casus az\u0259rbaycanl\u0131 q\u0259sd\u0259n pulu ma\u015f\u0131n\u0131n\u0131n ara hiss\u0259sin\u0259 qoyub.<\/p>\n\n\n\n<p>\u015e\u00fcbh\u0259siz ki, dostun h\u0259diyy\u0259si oldu\u011fu \u00fc\u00e7\u00fcn Az\u0259rbaycan q\u0259piyini\u00a0 saxlayan erm\u0259ni q\u0131z\u0131n\u0131n oldu\u011funu d\u00fc\u015f\u00fcnm\u0259kd\u0259n daha m\u0259ntiqli olard\u0131.<\/p>\n\n\n\n<p><br>Niy\u0259 erm\u0259nistanda kimins\u0259 az\u0259rbaycanl\u0131 dostu olsun?.\u00a0 X\u00fcsusil\u0259, son 30 ild\u0259 q\u0259rib\u0259 olayd\u0131.<\/p>\n\n\n\n<p>M\u0259n h\u0259l\u0259 bir il \u0259vv\u0259l m\u00fcharib\u0259d\u0259n \u00e7\u0131xd\u0131\u011f\u0131m\u0131z\u0131 anlamaqda \u00e7\u0259tinlik \u00e7\u0259kir\u0259m. Zaman-zaman ke\u00e7\u0259n ilin xatir\u0259l\u0259ri\u00a0 g\u00f6z \u00f6n\u00fcn\u0259 g\u0259lir v\u0259 m\u00fcharib\u0259 haqq\u0131nda dan\u0131\u015fark\u0259n h\u0259l\u0259 d\u0259 1990- c\u0131 ill\u0259ri n\u0259z\u0259rd\u0259 tuturuq. M\u00fcharib\u0259nin v\u0259 onun n\u0259tic\u0259l\u0259rinin c\u0259miyy\u0259timiz\u0259 f\u0259sadlar\u0131n\u0131 d\u0259rk ed\u0259 bilmir\u0259m.<\/p>\n\n\n\n<p><br>M\u00fcharib\u0259 zaman\u0131 h\u0259m liderl\u0259rin\u0259, h\u0259m d\u0259 g\u00f6zl\u0259nil\u0259n q\u0259l\u0259b\u0259y\u0259 az qala tam inamla birl\u0259\u015f\u0259n erm\u0259ni\u00a0 c\u0259miyy\u0259ti bir g\u00fcnd\u0259 ikiy\u0259 par\u00e7aland\u0131.<\/p>\n\n\n\n<p><br>Erm\u0259ni xalq\u0131 \u00f6z\u00fcn\u0259 qar\u015f\u0131 t\u0259kc\u0259 m\u00fcharib\u0259 illuziyalar\u0131n\u0131 deyil, h\u0259m d\u0259 \u0259vv\u0259lki otuz ilin\u00a0 illuziyalar\u0131n\u0131n saxlayan k\u00f6hn\u0259 hekay\u0259 \u00f6l\u00fcmc\u00fcl bir s\u0131ra sars\u0131nt\u0131lara m\u0259ruz qald\u0131.<\/p>\n\n\n\n<p>M\u00fcharib\u0259nin ilk g\u00fcn\u00fcnd\u0259n v\u0259 h\u0259tta ondan \u0259vv\u0259l d\u0259 m\u00f6vcud olan v\u0259ziyy\u0259t\u0259 baxmayaraq, g\u00f6zl\u0259nilm\u0259z m\u0259\u011flubiyy\u0259tin saf \u015foku var idi. Daha sonra t\u0259kc\u0259 m\u00fcharib\u0259nin \u00f6z\u00fc deyil, son 30 ild\u0259 bizd\u0259n gizl\u0259dil\u0259n bir \u00e7ox faktlar \u00fcz\u0259 \u00e7\u0131xd\u0131.N\u0259hay\u0259t, b\u00fct\u00fcn bunlar\u0131n maddi reall\u0131\u011f\u0131n\u0131n d\u0259rk edilm\u0259si oldu. \u0130tirilmi\u015f \u0259razil\u0259r, qa\u00e7q\u0131nlar h\u0259r h\u0259r \u015feyd\u0259n \u0259vv\u0259l bir daha\u00a0 g\u00f6r\u0259 bilm\u0259y\u0259c\u0259yimiz minl\u0259r\u0259 insan, tan\u0131\u015flar, dostlar, sinif yolda\u015flar\u0131, qarda\u015flar, atalar, o\u011fullar, \u0259rl\u0259r, sevgilil\u0259r&#8230;<\/p>\n\n\n\n<p><strong><br>B\u0259s, bu ironiya deyilmi?<\/strong><\/p>\n\n\n\n<p><br>\u00a0Erm\u0259nil\u0259rin m\u0259\u011flubiyy\u0259t\u0259\u00a0 g\u00f6st\u0259rdiyi b\u00fct\u00fcn reaksiyalardan m\u0259ni heyr\u0259tl\u0259ndir\u0259n q\u0259fil &#187;yer d\u0259yi\u015fikliyi&#187; oldu. Son 30 ild\u0259 biz \u0259min olduq ki, erm\u0259nil\u0259r s\u00fclh sev\u0259rik v\u0259 az\u0259rbaycanl\u0131lara\u00a0 onlar\u0131n nifr\u0259t etdiyi q\u0259d\u0259r nifr\u0259t etmirik. D\u00fc\u015f\u00fcn\u00fcr\u0259m ki, yatan insan\u0131 az\u0259rbaycanl\u0131 oldu\u011fu \u00fc\u00e7\u00fcn \u00f6ld\u00fcrm\u0259zdik. Biz sad\u0259c\u0259 s\u00fclh ist\u0259yirik, onlar is\u0259 raz\u0131 deyil.<\/p>\n\n\n\n<p>Ancaq ba\u015fa d\u00fc\u015fd\u00fcm ki, &#187;qazanan&#187; t\u0259r\u0259fl\u0259 &#187;uduzan&#187; t\u0259r\u0259fin hissl\u0259rini eyni t\u0259r\u0259zid\u0259 \u00f6l\u00e7\u0259 bilm\u0259rik. Az\u0259rbaycanl\u0131larda nifr\u0259t daha \u00e7ox olsa da, Birinci Da\u011fl\u0131q Qaraba\u011f m\u00fcharib\u0259sinin travmas\u0131, itirilmi\u015f \u0259razil\u0259r, 700-800 min k\u00f6\u00e7k\u00fcnl\u0259rl\u0259 izah etm\u0259k\u00a0 olar. Amma bizim t\u0259r\u0259f he\u00e7 vaxt bu bar\u0259d\u0259 d\u00fc\u015f\u00fcnm\u00fcr. H\u0259r il \u015eu\u015fan\u0131n azad edilm\u0259si bayram\u0131n\u0131n qar\u015f\u0131 t\u0259r\u0259f\u0259 nec\u0259 g\u00f6r\u00fcnd\u00fcy\u00fcn\u00fc he\u00e7 vaxt d\u00fc\u015f\u00fcnm\u0259mi\u015fik. Az\u0259rbaycanl\u0131lar\u0131n biz\u0259 nifr\u0259t etdiyind\u0259n dan\u0131\u015fark\u0259n, q\u0259l\u0259b\u0259 m\u00fczeyimiz, tarix, m\u0259kt\u0259b kitablar\u0131m\u0131z, h\u0259tta k\u00fc\u00e7\u0259 s\u0259n\u0259timiz haqq\u0131nda onlarla mahn\u0131 v\u0259 filml\u0259rimizi he\u00e7 d\u00fc\u015f\u00fcnm\u00fcrd\u00fck.<\/p>\n\n\n\n<p>Onlar\u0131n biz\u0259 daha \u00e7ox nifr\u0259t etm\u0259l\u0259ri v\u0259 ya bizim ist\u0259yimiz q\u0259d\u0259r s\u00fclh ist\u0259m\u0259m\u0259l\u0259ri h\u0259mi\u015f\u0259 onlar\u0131n &#187;barbar&#187; v\u0259&nbsp; &#187;zorak\u0131 t\u0259bi\u0259tinin&#187; m\u0259hsulu kimi izah edilirdi, biz is\u0259 s\u00fclh i\u00e7ind\u0259 ya\u015fayan &#187;kas\u0131b insanlar&#187; idik.<\/p>\n\n\n\n<p>Yad\u0131mdad\u0131r, ill\u0259rdir az\u0259rbaycanl\u0131lar\u0131n n\u0259 q\u0259d\u0259r nifr\u0259t dolu xalq oldu\u011funu, he\u00e7 d\u0259 bar\u0131\u015fma\u011fa haz\u0131r mill\u0259t olmad\u0131\u011f\u0131ndan dan\u0131\u015fan bir adam var idi. Bu yax\u0131nlarda o, m\u0259n\u0259 dedi ki, b\u0259zi az\u0259rbaycanl\u0131lar\u0131n s\u0259rh\u0259dl\u0259rin a\u00e7\u0131lmas\u0131ndan v\u0259 m\u00fcnasib\u0259tl\u0259rin normalla\u015fd\u0131r\u0131lmas\u0131ndan dan\u0131\u015fmas\u0131 nec\u0259 ironiyal\u0131 hald\u0131r, indi ist\u0259dikl\u0259ri h\u0259r \u015fey\u0259 nail olublar \u2013 onlar \u00f6z \u015f\u0259rtl\u0259ri il\u0259 birt\u0259h\u0259r bizd\u0259n &#171;s\u00fclh\u0259\u201d raz\u0131la\u015faca\u011f\u0131m\u0131z\u0131 g\u00f6zl\u0259yirl\u0259r.<\/p>\n\n\n\n<p><br>O, bunu dey\u0259nd\u0259 m\u0259nim d\u00fc\u015f\u00fcn\u0259 bil\u0259c\u0259yim t\u0259k \u015fey &#187; biz eyni \u015feyi etmirdikmi&#187;? \u018fg\u0259r onlar barbar v\u0259 zorak\u0131 olduqlar\u0131 \u00fc\u00e7\u00fcn s\u00fclh\u00fc ist\u0259mirdil\u0259rs\u0259, nec\u0259 olur ki, indi Az\u0259rbaycan\u0131n t\u0259klif etdiyi s\u00fclhl\u0259 raz\u0131la\u015fmaqda bel\u0259 \u00e7\u0259tinlik \u00e7\u0259kirik? Nec\u0259 olur ki, s\u00fclh v\u0259 m\u00fcnasib\u0259tl\u0259rin normalla\u015fmas\u0131 bizim \u00fc\u00e7\u00fcn rahat olanda \u0259dal\u0259tsiz g\u0259lir, amma biz uduzan t\u0259r\u0259fd\u0259yiks\u0259, h\u0259m s\u00fclh, h\u0259m d\u0259 \u0259dal\u0259t ist\u0259yirik?<\/p>\n\n\n\n<p><strong><br>Paralel reall\u0131q&#8230;<\/strong><\/p>\n\n\n\n<p><br>\u00a0M\u00fcharib\u0259d\u0259n \u0259vv\u0259l reall\u0131qdan uzaq &#171;v\u0259t\u0259np\u0259rv\u0259r\u201d Erm\u0259nistanda monopoliyaya malik idi, baxmayaraq ki, ki\u00e7ik toplant\u0131larda v\u0259 m\u0259tb\u0259xd\u0259ki sakit s\u00f6hb\u0259tl\u0259rd\u0259 f\u0259rqli tarix izah ed\u0259n ikinci paralel hekay\u0259 h\u0259l\u0259d\u0259 qalmaqda idi.<\/p>\n\n\n\n<p>M\u0259\u011flubiyy\u0259td\u0259n sonra ikinci hekay\u0259 g\u00fcn \u00fcz\u00fcn\u0259 \u00e7\u0131xd\u0131. M\u00fcharib\u0259 ba\u015fa \u00e7atd\u0131qdan sonra yeni s\u00fclh t\u0259\u015f\u0259bb\u00fcsl\u0259rinin \u00e7i\u00e7\u0259kl\u0259nm\u0259si, yeni \u00f6lk\u0259l\u0259raras\u0131 dialoqlar ba\u015f verdi. \u018fvv\u0259ll\u0259r he\u00e7 vaxt s\u00fclh quruculu\u011funda i\u015ftirak etm\u0259y\u0259nl\u0259ri bir araya g\u0259tirdi.<\/p>\n\n\n\n<p>B\u00fct\u00fcn bunlara baxanda \u00f6z\u00fcm\u00fc saxlaya bilmir\u0259m, \u0259g\u0259r onlar m\u00fcharib\u0259d\u0259n \u0259vv\u0259l m\u00f6vcud olsayd\u0131lar? \u018fg\u0259r bu t\u0259\u015f\u0259bb\u00fcsl\u0259r 2020-ci ilin iyulunda v\u0259 ya daha \u0259vv\u0259l toqqu\u015fmalar zaman\u0131 olsayd\u0131, be\u015f-alt\u0131 il \u0259vv\u0259l minl\u0259rl\u0259 \u00fczv\u00fc olan bu c\u00fcr \u0259hat\u0259li, a\u00e7\u0131q qruplar olsayd\u0131, h\u0259l\u0259 d\u0259 m\u00fcharib\u0259 olard\u0131m\u0131?<\/p>\n\n\n\n<p>Amma ola bilsin ki, bel\u0259 d\u00fc\u015f\u00fcnc\u0259 \u00e7ox nikbindi. \u018fg\u0259r g\u0259rginlik yenid\u0259n y\u00fcks\u0259ls\u0259, bu c\u00fcr qruplar\u0131n m\u00f6vcudlu\u011fu yeni m\u00fcharib\u0259ni dayand\u0131ra bil\u0259rmi? Bu qruplardak\u0131 bu insanlar s\u0259ri\u015ft\u0259siz idar\u0259\u00e7ilik v\u0259 ya \u00f6l\u00e7\u00fcy\u0259g\u0259lm\u0259z h\u0259rislikl\u0259 m\u00fcbariz\u0259 apara bil\u0259rdimi? <\/p>\n\n\n\n<p>Az\u0259rbaycan prezidenti \u0130lham \u018fliyevin Erm\u0259nistan\u0131n c\u0259nubundak\u0131 S\u00fcnik vilay\u0259ti il\u0259 ba\u011fl\u0131 bu yax\u0131nlarda s\u0259sl\u0259ndirdiyi iddialara istinad ed\u0259r\u0259k, \u0259ll\u0259rind\u0259 \u00f6lm\u00fc\u015f \u0259sg\u0259rl\u0259rin \u00fczl\u0259ri olan k\u00f6yn\u0259kl\u0259r geyinmi\u015f v\u0259 \u0259ll\u0259rind\u0259 &#171;Syunik deyil, Z\u0259ng\u0259zur\u201d yaz\u0131lm\u0131\u015f plakatlar tutan az\u0259rbaycanl\u0131 m\u0259kt\u0259blil\u0259rin fotolar\u0131n\u0131 g\u00f6r\u0259nd\u0259 bir az d\u00fc\u015f\u00fcnd\u00fcm ki,\u00a0 bunu nec\u0259 bir \u015fey dayand\u0131ra bil\u0259r?<\/p>\n\n\n\n<p>\u0130kinci Da\u011fl\u0131q Qaraba\u011f m\u00fcharib\u0259si zaman\u0131 minl\u0259rl\u0259 insan h\u0259lak oldu v\u0259 hakimiyy\u0259td\u0259 olanlar \u00fc\u00e7\u00fcn qisas yan\u011f\u0131s\u0131n\u0131 davam etdirm\u0259k \u00e7ox asand\u0131r. Birinci m\u00fcharib\u0259 z\u0259d\u0259l\u0259nmi\u015f b\u00fct\u00f6v n\u0259sli do\u011furdu. G\u00f6r\u0259s\u0259n, yeni n\u0259slin ikinci m\u00fcharib\u0259nin z\u0259d\u0259sini miras qalmas\u0131n\u0131n qar\u015f\u0131s\u0131n\u0131 almaq \u00e7ox gecdirmi?<\/p>\n\n\n\n<p>B\u00fct\u00fcn yeni s\u00fclhm\u0259raml\u0131 t\u0259\u015f\u0259bb\u00fcsl\u0259ri, qruplar\u0131 v\u0259 proqramlar\u0131 g\u00f6r\u0259nd\u0259 \u00f6z\u00fcm\u00fc el\u0259 inand\u0131rmaq ist\u0259dim ki, bu insanlar\u0131n, onlar\u0131n h\u0259r birinin \u00f6l\u00fcm\u00fc \u0259b\u0259s deyil. D\u00fc\u015f\u00fcnm\u0259k ist\u0259y\u0259rdim ki, he\u00e7 olmasa indi insanlar bu m\u00fcnaqi\u015f\u0259nin qiym\u0259tini ba\u015fa d\u00fc\u015f\u0259c\u0259kl\u0259r, bir-birimiz\u0259 nifr\u0259timizin nec\u0259 baha ba\u015fa g\u0259ldiyini d\u0259rk ed\u0259c\u0259kl\u0259r.&nbsp;<\/p>\n\n\n\n<p>D\u00fc\u015f\u00fcnd\u00fcm ki, b\u0259lk\u0259 d\u0259 bu m\u00fcharib\u0259d\u0259 itirdikl\u0259rimiz bu m\u00fcnaqi\u015f\u0259y\u0259 g\u00f6r\u0259 \u0259n son \u00f6l\u0259nl\u0259r olacaq. Bel\u0259 bir \u00fcmid tezdir. G\u00f6r\u00fcn\u00fcr, biz yenid\u0259n k\u00f6hn\u0259 &#171;m\u00fcharib\u0259 yox, s\u00fclh yoxdur\u201d qeyri-m\u00fc\u0259yy\u0259nliyind\u0259 qalm\u0131\u015f\u0131q v\u0259 h\u0259r hans\u0131 bir s\u0259hv add\u0131m v\u0259 ya uzun m\u00fcdd\u0259t davam ed\u0259n h\u0259r\u0259k\u0259tsizlik bizi ba\u015fqa bir f\u0259lak\u0259tli m\u00fcharib\u0259y\u0259 do\u011fru apara bil\u0259r.<\/p>\n\n\n\n<p>\u00dcmid edir\u0259m ki, b\u00fct\u00fcn bunlardan bir n\u0259tic\u0259 \u00e7\u0131xarmal\u0131y\u0131q. Amma g\u0259l\u0259c\u0259kd\u0259 bir g\u00fcn t\u0259s\u0259vv\u00fcr etm\u0259y\u0259 \u00e7al\u0131\u015f\u0131ram ki, c\u00fczdan\u0131mda Az\u0259rbaycan sikk\u0259si oldu\u011funa g\u00f6r\u0259 \u00f6z\u00fcm\u00fc cinay\u0259tkar kimi hiss etm\u0259y\u0259c\u0259k, \u0259v\u0259zind\u0259 Az\u0259rbaycana s\u0259f\u0259r edib, ondan istifad\u0259 etm\u0259k azadl\u0131\u011f\u0131na sahib olacam.<\/p>\n\n\n\n<p><strong>T\u0259rc\u00fcm\u0259: Aytac Zeynalova<\/strong><\/p>\n\n\n\n<p>M\u0259nb\u0259: <strong>www.anews.az<\/strong><\/p>\n","protected":false},"excerpt":{"rendered":"<p>Erm\u0259ni jurnalisti Arpi Bekaryan\u0131n 44 g\u00fcnl\u00fck m\u00fcharib\u0259 haqq\u0131nda yaz\u0131s\u0131 \u00e7\u0131x\u0131b. Jurnalist erm\u0259ni xalq\u0131n\u0131 Az\u0259rbaycan qar\u015f\u0131s\u0131nda g\u00fcnahlar\u0131n\u0131 etiraf etm\u0259dikl\u0259rin\u0259 g\u00f6r\u0259 q\u0131nay\u0131b. M\u00fc\u0259llif erm\u0259nil\u0259ri q\u0131nayaraq, d\u00fczg\u00fcn<\/p>\n","protected":false},"author":2,"featured_media":53852,"comment_status":"closed","ping_status":"closed","sticky":false,"template":"","format":"standard","meta":{"footnotes":""},"categories":[4],"tags":[],"class_list":["post-53850","post","type-post","status-publish","format-standard","has-post-thumbnail","hentry","category-qarabag"],"aioseo_notices":[],"_links":{"self":[{"href":"https:\/\/fedai.az\/index.php?rest_route=\/wp\/v2\/posts\/53850","targetHints":{"allow":["GET"]}}],"collection":[{"href":"https:\/\/fedai.az\/index.php?rest_route=\/wp\/v2\/posts"}],"about":[{"href":"https:\/\/fedai.az\/index.php?rest_route=\/wp\/v2\/types\/post"}],"author":[{"embeddable":true,"href":"https:\/\/fedai.az\/index.php?rest_route=\/wp\/v2\/users\/2"}],"replies":[{"embeddable":true,"href":"https:\/\/fedai.az\/index.php?rest_route=%2Fwp%2Fv2%2Fcomments&post=53850"}],"version-history":[{"count":1,"href":"https:\/\/fedai.az\/index.php?rest_route=\/wp\/v2\/posts\/53850\/revisions"}],"predecessor-version":[{"id":53853,"href":"https:\/\/fedai.az\/index.php?rest_route=\/wp\/v2\/posts\/53850\/revisions\/53853"}],"wp:featuredmedia":[{"embeddable":true,"href":"https:\/\/fedai.az\/index.php?rest_route=\/wp\/v2\/media\/53852"}],"wp:attachment":[{"href":"https:\/\/fedai.az\/index.php?rest_route=%2Fwp%2Fv2%2Fmedia&parent=53850"}],"wp:term":[{"taxonomy":"category","embeddable":true,"href":"https:\/\/fedai.az\/index.php?rest_route=%2Fwp%2Fv2%2Fcategories&post=53850"},{"taxonomy":"post_tag","embeddable":true,"href":"https:\/\/fedai.az\/index.php?rest_route=%2Fwp%2Fv2%2Ftags&post=53850"}],"curies":[{"name":"wp","href":"https:\/\/api.w.org\/{rel}","templated":true}]}}