{"id":53854,"date":"2021-11-14T02:10:41","date_gmt":"2021-11-13T22:10:41","guid":{"rendered":"https:\/\/fedai.az\/?p=53854"},"modified":"2021-11-14T02:15:53","modified_gmt":"2021-11-13T22:15:53","slug":"t%c9%99brik-k%c9%99rimov-aslan-m%c9%99mm%c9%99dhuseyin-oglu-58","status":"publish","type":"post","link":"https:\/\/fedai.az\/?p=53854","title":{"rendered":"T\u018fBR\u0130K: K\u018fR\u0130MOV ASLAN M\u018fMM\u018fDH\u00dcSEY\u0130N \u00d6\u011eLU &#8212; 58"},"content":{"rendered":"\n<p><strong>&nbsp; <span class=\"has-inline-color has-vivid-red-color\">H\u0259mi\u015f\u0259 m\u00fcq\u0259dd\u0259s pe\u015f\u0259sin\u0259 layiq, y\u00fcks\u0259k i\u015f qabiliyy\u0259tl\u0259ri il\u0259 f\u0259rql\u0259n\u0259n, f\u0259dakarl\u0131\u011f\u0131, q\u0259hramanl\u0131\u011f\u0131 il\u0259&nbsp;&nbsp; v\u0259t\u0259nda\u015fl\u0131\u011f\u0131n \u0259sas meyar\u0131 hesab ed\u0259n ,c\u0259fake\u015f&nbsp; h\u0259kiml\u0259rmizd\u0259n biri olan m\u00fcharib\u0259 veteran\u0131 ehtiyatda olan tibb xidm\u0259ti mayoru K\u0259rimov Aslan M\u0259mm\u0259dh\u00fcseyin \u00f6\u011flunun 15 noyabr 58 ya\u015f\u0131 tamam olur.<\/span><\/strong><\/p>\n\n\n\n<p><strong>&nbsp;&nbsp;&nbsp;&nbsp; Bu g\u00fcn m\u00fcnasib\u0259til\u0259 Avmvib r\u0259hb\u0259rliyi v\u0259 Az\u0259rbaycan V\u0259t\u0259n M\u00fcharib\u0259si Veteranlar\u0131 \u0130ctimai Birliyinin s\u0259dr m\u00fcavini polkovnik Salman Musayev M\u00fcharib\u0259 Veteran\u0131&nbsp; ehtiyatda olan tibb xidm\u0259ti mayoru K\u0259rimov Aslan M\u0259mm\u0259dh\u00fcseyin o\u011flunu do\u011fum g\u00fcn\u00fc m\u00fcnasib\u0259til\u0259 s\u0259mimi q\u0259lbd\u0259n t\u0259brik edir, ona h\u0259yatda insan \u00fc\u00e7\u00fcn \u0259n \u015firin nem\u0259t olan m\u00f6hk\u0259m&nbsp; can sa\u011fl\u0131\u011f\u0131, ail\u0259 s\u0259ad\u0259ti&nbsp; v\u0259 h\u0259yat yollar\u0131nda bitib &#8212; t\u00fck\u0259nm\u0259y\u0259n nailiyy\u0259tl\u0259r arzulay\u0131r.<\/strong><\/p>\n\n\n\n<p><strong>&nbsp;&nbsp;&nbsp;&nbsp;&nbsp; Qoy ya\u015f\u0131n\u0131n \u00fcst\u0259 g\u0259l\u0259n bu ya\u015f ona sevinc dolu g\u00fcnl\u0259r b\u0259x\u015f etsin v\u0259 h\u0259r yeni g\u00fcn\u00fc is\u0259 \u00f6t\u0259n g\u00fcnl\u0259rd\u0259n daha g\u00f6z\u0259l ist\u0259kl\u0259rin\u0259 uy\u011fun onu xo\u015fb\u0259xt ed\u0259c\u0259k \u015f\u0259kild\u0259 ke\u00e7sin. Amin!<\/strong><\/p>\n\n\n\n<figure class=\"wp-block-gallery columns-2 is-cropped wp-block-gallery-1 is-layout-flex wp-block-gallery-is-layout-flex\"><ul class=\"blocks-gallery-grid\"><li class=\"blocks-gallery-item\"><figure><img loading=\"lazy\" decoding=\"async\" width=\"768\" height=\"1024\" src=\"https:\/\/fedai.az\/wp-content\/uploads\/2021\/11\/IMG-20211111-WA0014-768x1024.jpg\" alt=\"\" data-id=\"53855\" data-link=\"https:\/\/fedai.az\/?attachment_id=53855\" class=\"wp-image-53855\" srcset=\"https:\/\/fedai.az\/wp-content\/uploads\/2021\/11\/IMG-20211111-WA0014-768x1024.jpg 768w, https:\/\/fedai.az\/wp-content\/uploads\/2021\/11\/IMG-20211111-WA0014-225x300.jpg 225w, https:\/\/fedai.az\/wp-content\/uploads\/2021\/11\/IMG-20211111-WA0014-113x150.jpg 113w, https:\/\/fedai.az\/wp-content\/uploads\/2021\/11\/IMG-20211111-WA0014.jpg 780w\" sizes=\"auto, (max-width: 768px) 100vw, 768px\" \/><\/figure><\/li><li class=\"blocks-gallery-item\"><figure><img decoding=\"async\" src=\"https:\/\/fedai.az\/wp-content\/uploads\/2021\/11\/IMG-20211111-WA0007-768x1024.jpg\" alt=\"\" data-id=\"53856\" data-full-url=\"https:\/\/fedai.az\/wp-content\/uploads\/2021\/11\/IMG-20211111-WA0007.jpg\" data-link=\"https:\/\/fedai.az\/?attachment_id=53856\" class=\"wp-image-53856\"\/><\/figure><\/li><\/ul><\/figure>\n\n\n\n<p>&nbsp;&nbsp;&nbsp;&nbsp; M\u00fcharib\u0259 veteran\u0131 ehtiyatda olan tibb xidm\u0259ti mayoru K\u0259rimov Aslan M\u0259mm\u0259dh\u00fcseyin o\u011flu 15 noyabr 1963-c\u00fc&nbsp; ild\u0259 Lerik rayonunun \u00c7ayrud k\u0259ndind\u0259 d\u00fcnyaya g\u00f6z a\u00e7\u0131b.<\/p>\n\n\n\n<p>&nbsp;&nbsp;&nbsp;&nbsp; O,1980-ci ild\u0259 Lerik rayonunun \u00c7ayrud k\u0259nd orta m\u0259kt\u0259bini, 1992-ci ild\u0259 Az\u0259rbaycan D\u00f6vl\u0259t Tibb Universitetini , Daxili Qo\u015funlar\u0131n Bas \u0130dar\u0259sinin h\u0259rbi hiss\u0259l\u0259rind\u0259 v\u0259 ali h\u0259rbi m\u0259kt\u0259bind\u0259 xidm\u0259t etdiyi ill\u0259r \u0259rzind\u0259 is\u0259 h\u0259kiml\u0259rin t\u0259kimill\u0259\u015fdirm\u0259&nbsp; \u0130nstitutunun ixtisas art\u0131rma&nbsp; kurslar\u0131n\u0131 bitirib.<\/p>\n\n\n\n<p>&nbsp;&nbsp;&nbsp;&nbsp; K\u0259rimov Aslan M\u0259mm\u0259dh\u00fcseyin o\u011flu&nbsp; 1982-1984-c\u00fc ill\u0259rd\u0259 Sovet ordusunun Orenburq&nbsp; vilay\u0259tind\u0259 yerl\u0259\u015f\u0259n h\u0259rbi hiss\u0259d\u0259 snayper v\u0259zif\u0259sind\u0259&nbsp; m\u00fcddd\u0259tli h\u0259qiqi h\u0259rbi xidm\u0259td\u0259 olub,1984-1985- ci ill\u0259rd\u0259 istehsalat tikinti idar\u0259sind\u0259 beton\u00e7u, 1992- 1993-c\u00fc ill\u0259rd\u0259 Respublika Klinik&nbsp;&nbsp; x\u0259st\u0259xanas\u0131nda h\u0259kim terapevt v\u0259zif\u0259sind\u0259 i\u015fl\u0259yib. 1993-2015-ci ill\u0259rd\u0259 Daxili \u0130\u015fl\u0259r Nazirliyinin Daxili Qo\u015funlar\u0131n Ba\u015f \u0130dar\u0259sinin Sumqay\u0131t \u015f\u0259h\u0259rind\u0259, N\u0259rimanov, X\u0259z\u0259r&nbsp; rayonlar\u0131nda yerl\u0259\u015f\u0259n h\u0259rbi hiss\u0259l\u0259rind\u0259 v\u0259 ali h\u0259rbi m\u0259kt\u0259bind\u0259 tibb xidm\u0259t r\u0259isi&nbsp; v\u0259zif\u0259l\u0259rind\u0259 xidm\u0259t edib, 2015-2021- c\u00fc ill\u0259rd\u0259 is\u0259 Lerik rayonunun \u00c7ayrud k\u0259nd x\u0259st\u0259xanas\u0131nda ba\u015f h\u0259kim v\u0259zif\u0259sind\u0259 i\u015fl\u0259mi\u015fdir.<\/p>\n\n\n\n<figure class=\"wp-block-image size-large is-resized\"><img loading=\"lazy\" decoding=\"async\" src=\"https:\/\/fedai.az\/wp-content\/uploads\/2021\/11\/IMG-20211111-WA0008-768x1024.jpg\" alt=\"\" class=\"wp-image-53857\" width=\"908\" height=\"1211\" srcset=\"https:\/\/fedai.az\/wp-content\/uploads\/2021\/11\/IMG-20211111-WA0008-768x1024.jpg 768w, https:\/\/fedai.az\/wp-content\/uploads\/2021\/11\/IMG-20211111-WA0008-225x300.jpg 225w, https:\/\/fedai.az\/wp-content\/uploads\/2021\/11\/IMG-20211111-WA0008-113x150.jpg 113w, https:\/\/fedai.az\/wp-content\/uploads\/2021\/11\/IMG-20211111-WA0008.jpg 780w\" sizes=\"auto, (max-width: 908px) 100vw, 908px\" \/><\/figure>\n\n\n\n<p>&nbsp;&nbsp;&nbsp;&nbsp; O, Az\u0259rbaycan Respublikas\u0131 Konstitusiyas\u0131na v\u0259 qanunlar\u0131na \u0259m\u0259l etm\u0259kd\u0259 el\u0259c\u0259d\u0259&nbsp; h\u0259rbi and\u0131n v\u0259 h\u0259rbi nizamnam\u0259l\u0259rin t\u0259l\u0259bl\u0259rinin yerin\u0259 yetirilm\u0259sind\u0259&nbsp; bir \u00e7ox h\u0259rbi qulluq\u00e7ulara \u015f\u0259xsi n\u00fcmun\u0259 olaraq V\u0259t\u0259n\u0259 D\u00f6vl\u0259t\u0259 v\u0259 xalqa s\u0259daq\u0259tl\u0259 xidm\u0259t etmi\u015fdir. Hippokrat and\u0131 i\u00e7\u0259n Aslan h\u0259kim o anda&nbsp; sona q\u0259d\u0259r sadiq qalaraq&nbsp; ona h\u0259val\u0259 edilmi\u015f v\u0259zif\u0259 v\u0259 tap\u015f\u0131r\u0131qlar\u0131n \u00f6hd\u0259sind\u0259n layiqinc\u0259&nbsp; g\u0259lmi\u015fdir.<\/p>\n\n\n\n<p>&nbsp;&nbsp;&nbsp;&nbsp;&nbsp; Tibb Xidm\u0259ti mayoru Aslan&nbsp; K\u0259rimov Daxili \u0130\u015fl\u0259r Nazirliyinin Daxili Qo\u015funlar\u0131nda&nbsp; xidm\u0259t etdiyi ill\u0259r \u0259rzind\u0259 Az\u0259rbaycan\u0131n \u0259razi b\u00fct\u00f6vl\u00fcy\u00fc u\u011frunda (F\u00fczuli v\u0259 Cabray\u0131l rayonlar\u0131 istiqam\u0259td\u0259) ged\u0259n d\u00f6y\u00fc\u015fl\u0259rd\u0259 f\u0259al i\u015ftirak ed\u0259r\u0259k ona h\u0259val\u0259 edilmi\u015f v\u0259zif\u0259 v\u0259 tap\u015f\u0131r\u0131qlar\u0131 m\u0259suliyy\u0259t v\u0259 \u015f\u0259r\u0259f hissi il\u0259 yer\u0131n\u0259 yetirmi\u015fdir.<\/p>\n\n\n\n<figure class=\"wp-block-image size-large is-resized\"><img loading=\"lazy\" decoding=\"async\" src=\"https:\/\/fedai.az\/wp-content\/uploads\/2021\/11\/IMG-20211111-WA0009-768x1024.jpg\" alt=\"\" class=\"wp-image-53858\" width=\"911\" height=\"1215\" srcset=\"https:\/\/fedai.az\/wp-content\/uploads\/2021\/11\/IMG-20211111-WA0009-768x1024.jpg 768w, https:\/\/fedai.az\/wp-content\/uploads\/2021\/11\/IMG-20211111-WA0009-225x300.jpg 225w, https:\/\/fedai.az\/wp-content\/uploads\/2021\/11\/IMG-20211111-WA0009-113x150.jpg 113w, https:\/\/fedai.az\/wp-content\/uploads\/2021\/11\/IMG-20211111-WA0009.jpg 780w\" sizes=\"auto, (max-width: 911px) 100vw, 911px\" \/><\/figure>\n\n\n\n<p>\u00a0\u00a0\u00a0\u00a0 O,Daxili Qo\u015funlarda xidm\u0259t etdiyi ill\u0259r \u0259rzind\u0259 \u00f6z\u00fcn\u00fc u\u015faq vaxtlar\u0131ndan, g\u00f6z\u0259l ail\u0259 v\u0259 m\u0259kt\u0259b t\u0259rbiy\u0259si il\u0259 b\u00f6y\u00fcm\u00fc\u015f, \u0259xlaq\u0131 t\u0259rbiy\u0259si yerind\u0259 olan, nizam v\u0259 intizaml\u0131 h\u0259rb\u00e7i kimi g\u00f6st\u0259rmi\u015fdir. O i\u015fl\u0259diyi v\u0259 oxudu\u011fu\u00a0\u00a0 t\u0259hsil m\u00fc\u0259ssis\u0259l\u0259rind\u0259, ya\u015fad\u0131\u011f\u0131 \u0259razid\u0259\u00a0 kollektiv aras\u0131nda h\u0259mi\u015f\u0259 m\u00fcsb\u0259t m\u0259nada se\u00e7il\u0259r\u0259k, ba\u015fqalar\u0131 \u00fc\u00e7\u00fcn\u00a0 n\u00fcmun\u0259 olmu\u015fdur.<\/p>\n\n\n\n<p>&nbsp;&nbsp;&nbsp;&nbsp;&nbsp; O, Az\u0259rbaycan Respublikas\u0131n\u0131n Konstitusiyas\u0131na v\u0259 qanunlar\u0131na \u0259m\u0259l etm\u0259kd\u0259, h\u0259rbi and\u0131n v\u0259 h\u0259rbi nizamnam\u0259l\u0259rin t\u0259l\u0259bl\u0259rinin yerin\u0259 yetirilm\u0259sind\u0259 \u00fcz\u0259rin\u0259 d\u00fcs\u0259n v\u0259zif\u0259 v\u0259 tap\u015f\u0131r\u0131qlar\u0131n \u00f6hd\u0259sind\u0259n layiqinc\u0259 g\u0259l\u0259r\u0259k, V\u0259t\u0259n\u0259, D\u00f6vl\u0259t\u0259 v\u0259 Xalqa s\u0259daq\u0259tl\u0259 xidm\u0259t etmi\u015fdir. Hippokrat and\u0131 i\u00e7\u0259n Aslan h\u0259kim o anda sona q\u0259d\u0259r sadiq qalaraq ona h\u0259val\u0259 edilmi\u015f v\u0259zif\u0259 v\u0259 tap\u015f\u0131r\u0131qlar\u0131 m\u0259suliyy\u0259t v\u0259 \u015f\u0259r\u0259f hissi il\u0259 yer\u0131n\u0259 yetirmi\u015fdir.<\/p>\n\n\n\n<figure class=\"wp-block-image size-large is-resized\"><img loading=\"lazy\" decoding=\"async\" src=\"https:\/\/fedai.az\/wp-content\/uploads\/2021\/11\/69l.jpg\" alt=\"\" class=\"wp-image-53859\" width=\"916\" height=\"713\" srcset=\"https:\/\/fedai.az\/wp-content\/uploads\/2021\/11\/69l.jpg 779w, https:\/\/fedai.az\/wp-content\/uploads\/2021\/11\/69l-300x233.jpg 300w, https:\/\/fedai.az\/wp-content\/uploads\/2021\/11\/69l-150x117.jpg 150w, https:\/\/fedai.az\/wp-content\/uploads\/2021\/11\/69l-768x597.jpg 768w\" sizes=\"auto, (max-width: 916px) 100vw, 916px\" \/><\/figure>\n\n\n\n<p>&nbsp;&nbsp;&nbsp;&nbsp;&nbsp;&nbsp; Az\u0259rbaycan Respublikas\u0131nda ictimai qaydan\u0131n&nbsp; v\u0259 ictimai t\u0259hl\u00fck\u0259sizliyin qorunmas\u0131nda, \u015f\u0259h\u0259rd\u0259 v\u0259 ya\u015fay\u0131\u015f m\u0259nt\u0259q\u0259l\u0259rind\u0259 ba\u015f vermi\u015f k\u00fctl\u0259vi ixti\u015fa\u015flar\u0131n qar\u015fls\u0131n\u0131n al\u0131nmas\u0131nda, m\u00fct\u0259\u015f\u0259kkil cinay\u0259tkarl\u0131\u011fa, terror\u00e7\u00fclu\u011fa v\u0259 dig\u0259r t\u0259hl\u00fck\u0259li cinay\u0259tl\u0259r\u0259 qar\u015f\u0131 m\u00fcbariz\u0259d\u0259, qanunsuz silahl\u0131 d\u0259st\u0259l\u0259rin z\u0259r\u0259rsizl\u0259\u015fdirilm\u0259sind\u0259, d\u00f6vl\u0259tin \u0259razi b\u00fct\u00f6vl\u00fcy\u00fcn\u00fcn t\u0259min edilm\u0259sind\u0259, f\u00f6vqalad\u0259 v\u0259ziyy\u0259t zaman\u0131 h\u00fcquqi rejim t\u0259dbirl\u0259rinin h\u0259yata ke\u00e7irilm\u0259sind\u0259 \u00fcz\u0259rin\u0259 d\u00fc\u015f\u0259n v\u0259zif\u0259 v\u0259 tap\u015f\u0131r\u0131qlar\u0131 m\u0259suliyy\u0259t v\u0259 \u015f\u0259r\u0259f hissi il\u0259 yerin\u0259 yetirmi\u015fdir.<\/p>\n\n\n\n<p>\u00a0\u00a0\u00a0\u00a0\u00a0 M\u00fcharib\u0259 veteran\u0131, ehtiyyatda olan tibb xidm\u0259ti mayoru Aslan K\u0259rimov h\u0259rbi hiss\u0259nin\u00a0zabitl\u0259ri il\u0259, gizir v\u0259 m\u00fcdd\u0259td\u0259n art\u0131q xidm\u0259t h\u0259rbi qulluq\u00e7ular\u0131 il\u0259, \u0259sg\u0259r v\u0259 \u00e7avu\u015flar\u0131 il\u0259, kursantlar\u0131 v\u0259 sanitar-t\u0259limat\u00e7\u0131lar\u0131 il\u0259\u00a0 d\u00f6y\u00fc\u015f v\u0259 ictimai siyasi haz\u0131rl\u0131\u011f\u0131 \u00fczr\u0259 m\u0259\u015f\u011f\u0259l\u0259l\u0259rin\u00a0 v\u0259\u00a0 marifl\u0259ndirm\u0259 i\u015fl\u0259rinin apar\u0131lmas\u0131 istiqam\u0259tind\u0259 \u00fcz\u0259rin\u0259 d\u00fc\u015f\u0259n v\u0259zif\u0259l\u0259rin \u00f6hd\u0259sind\u0259n layiqinc\u0259 g\u0259lmi\u015fdir.<\/p>\n\n\n\n<p>\u00a0\u00a0 Aslan h\u0259kim qorxmaz, insanp\u0259rv\u0259r, saxav\u0259tli, \u0259liac\u0131q, v\u0259fal\u0131, z\u0259hm\u0259tke\u015f h\u0259kimdir.\u00a0O, ist\u0259r t\u0259hsil ald\u0131\u011f\u0131 ali v\u0259 orta t\u0259hsil m\u00fc\u0259ssis\u0259l\u0259rind , ist\u0259rs\u0259 xidm\u0259t etdiyi\u00a0 v\u0259 i\u015fl\u0259diyi kollektivl\u0259rd\u0259, dost-tan\u0131\u015f qohum-\u0259qr\u0259b aras\u0131nda \u00f6z\u00fcn\u0259 layiq h\u00f6rm\u0259t qazanm\u0131\u015fd\u0131r.<\/p>\n\n\n\n<figure class=\"wp-block-image size-large is-resized\"><img loading=\"lazy\" decoding=\"async\" src=\"https:\/\/fedai.az\/wp-content\/uploads\/2021\/11\/o900.jpg\" alt=\"\" class=\"wp-image-53860\" width=\"919\" height=\"926\" srcset=\"https:\/\/fedai.az\/wp-content\/uploads\/2021\/11\/o900.jpg 779w, https:\/\/fedai.az\/wp-content\/uploads\/2021\/11\/o900-298x300.jpg 298w, https:\/\/fedai.az\/wp-content\/uploads\/2021\/11\/o900-150x150.jpg 150w, https:\/\/fedai.az\/wp-content\/uploads\/2021\/11\/o900-768x774.jpg 768w\" sizes=\"auto, (max-width: 919px) 100vw, 919px\" \/><\/figure>\n\n\n\n<p>\u00a0\u00a0\u00a0\u00a0 H\u0259rbi xidm\u0259ti v\u0259zif\u0259l\u0259rinin icras\u0131 zaman\u0131 y\u00fcks\u0259k m\u0259n\u0259vi- d\u00f6y\u00fc\u015f\u00a0\u00a0 keyfiyy\u0259tl\u0259ri g\u00f6st\u0259rdiyin\u0259 g\u00f6r\u0259, d\u00f6y\u00fc\u015f v\u0259 ictimai siyas\u0131 haz\u0131rl\u0131\u011f\u0131nda , h\u0259rbi intizam\u0131n m\u00f6hk\u0259ml\u0259ndirilm\u0259sind\u0259 y\u00fcks\u0259k g\u00f6st\u0259ricil\u0259r\u0259 nail oldu\u011funa , n\u00fcmun\u0259vi xidm\u0259tin\u0259\u00a0 v\u0259 h\u0259rbi v\u0259zif\u0259l\u0259rinin yerin\u0259 yetirilm\u0259sin\u0259 m\u0259suliyy\u0259tl\u0259 yana\u015fd\u0131\u011f\u0131na g\u00f6r\u0259 Daxili \u0130\u015fl\u0259r Nazirinin, Daxili Qo\u015funlar Komandan\u0131n v\u0259 onun m\u00fcavinl\u0259rinin, ali h\u0259rbi m\u0259kt\u0259b r\u0259isinin v\u0259 h\u0259rbi hiss\u0259 komandirinin m\u00fcvafiq \u0259mrl\u0259ri il\u0259 \u0259la xidm\u0259tl\u0259r\u0259 g\u00f6r\u0259 d\u00f6\u015f v\u0259 yubley nisanlar\u0131 il\u0259, pul m\u00fckafatlar\u0131 il\u0259, f\u0259xri f\u0259rmanlarla, qiym\u0259tli h\u0259diyy\u0259l\u0259rl\u0259 m\u00fckafatland\u0131r\u0131l\u0131b v\u0259 ona t\u0259\u015f\u0259kk\u00fcr elan edilib.<\/p>\n\n\n\n<p>&nbsp;&nbsp;&nbsp;&nbsp;&nbsp; Xidm\u0259td\u0259 f\u0259riql\u0259ndiyin\u0259 g\u00f6r\u0259 Az\u0259rbaycan Respublikas\u0131n\u0131n Prezidenti ad\u0131ndan Daxili \u0130\u015fl\u0259r Nazirnin m\u00fcvafiq \u0259mrl\u0259ri il\u0259 &#171;Q\u00fcsursuz Xidm\u0259tl\u0259r\u0259 g\u00f6r\u0259 1-ci, 2-ci v\u0259 3-c\u00fc d\u0259r\u0259c\u0259li, &#171;Silahl\u0131 Q\u00fcvv\u0259l\u0259rin yaranmas\u0131n\u0131n&#187; 10-illiyi, 90-illiyi v\u0259 95-illiyi yubiley medallar\u0131 il\u0259 t\u0259ltif edilib.<\/p>\n\n\n\n<p>&nbsp;&nbsp;&nbsp;&nbsp; Y\u00fcks\u0259k insan\u0131 keyfiyy\u0259tl\u0259r\u0259 v\u0259 kamil&nbsp;&nbsp; h\u0259kimlik&nbsp; pe\u015f\u0259sin\u0259 qadir Aslan h\u0259kim&nbsp; sa\u011flaml\u0131q b\u0259x\u015f etdiyi insanlar\u0131n&nbsp; \u00f6mr\u00fcnd\u0259 v\u0259 \u015f\u0259r\u0259fli h\u0259kim pe\u015f\u0259sinin tarixind\u0259 ya\u015fayacaq.<\/p>\n\n\n\n<p><strong>DO\u011eUM G\u00dcN\u00dcN M\u00dcBAR\u018fK OLSUN<\/strong>, <strong>ASLAN H\u018fK\u0130M!<\/strong><\/p>\n\n\n\n<p><strong>B\u0130R \u0130L DAHA B\u0130TD\u0130, AMMA HE\u00c7 VAXT K\u018fD\u018fRL\u018fNM\u018f&nbsp;&#171;ZAMAN TEZ KE\u00c7\u0130R&#187; DEY\u018f. UNUTMA K\u0130, H\u018fR&nbsp; K\u018fS EYN\u0130 \u015eEY\u0130 YA\u015eAYIR. BU \u0130L\u0130N SONUNDA GER\u0130Y\u018f BAXDI\u011eINDA \u00dcM\u00dcD ED\u0130R\u018fM B\u0130R &#171;M\u00d6C\u00dcZ\u018f&nbsp; \u0130LD\u0130 &#187; DEY\u018fRS\u018fN. B\u00dcT\u00dcN ARZULARLNIN REALA\u015eMASI D\u0130L\u018fY\u0130ML\u018f. XO\u015eB\u018fXT \u0130LL\u018fR\u018f&#8230;<\/strong><\/p>\n\n\n\n<p><strong>D\u0259rin h\u00f6rm\u0259tl\u0259, Az\u0259rbaycan V\u0259t\u0259n M\u00fcharib\u0259si Veteranlar\u0131 \u0130ctimai Birliyinin s\u0259dr m\u00fcavini polkovnik Salman Musayev<\/strong><\/p>\n\n\n\n<figure class=\"wp-block-gallery columns-2 is-cropped wp-block-gallery-2 is-layout-flex wp-block-gallery-is-layout-flex\"><ul class=\"blocks-gallery-grid\"><li class=\"blocks-gallery-item\"><figure><img loading=\"lazy\" decoding=\"async\" width=\"768\" height=\"1024\" src=\"https:\/\/fedai.az\/wp-content\/uploads\/2021\/11\/IMG-20211111-WA0007-1-768x1024.jpg\" alt=\"\" data-id=\"53861\" data-full-url=\"https:\/\/fedai.az\/wp-content\/uploads\/2021\/11\/IMG-20211111-WA0007-1.jpg\" data-link=\"https:\/\/fedai.az\/?attachment_id=53861\" class=\"wp-image-53861\" srcset=\"https:\/\/fedai.az\/wp-content\/uploads\/2021\/11\/IMG-20211111-WA0007-1-768x1024.jpg 768w, https:\/\/fedai.az\/wp-content\/uploads\/2021\/11\/IMG-20211111-WA0007-1-225x300.jpg 225w, https:\/\/fedai.az\/wp-content\/uploads\/2021\/11\/IMG-20211111-WA0007-1-113x150.jpg 113w, https:\/\/fedai.az\/wp-content\/uploads\/2021\/11\/IMG-20211111-WA0007-1.jpg 780w\" sizes=\"auto, (max-width: 768px) 100vw, 768px\" \/><\/figure><\/li><li class=\"blocks-gallery-item\"><figure><img loading=\"lazy\" decoding=\"async\" width=\"600\" height=\"600\" src=\"https:\/\/fedai.az\/wp-content\/uploads\/2021\/11\/8265a327389da9fe4fdc2714b309120e-2.jpg\" alt=\"\" data-id=\"52693\" data-full-url=\"https:\/\/fedai.az\/wp-content\/uploads\/2021\/11\/8265a327389da9fe4fdc2714b309120e-2.jpg\" data-link=\"https:\/\/fedai.az\/?attachment_id=52693\" class=\"wp-image-52693\" srcset=\"https:\/\/fedai.az\/wp-content\/uploads\/2021\/11\/8265a327389da9fe4fdc2714b309120e-2.jpg 600w, https:\/\/fedai.az\/wp-content\/uploads\/2021\/11\/8265a327389da9fe4fdc2714b309120e-2-300x300.jpg 300w, https:\/\/fedai.az\/wp-content\/uploads\/2021\/11\/8265a327389da9fe4fdc2714b309120e-2-150x150.jpg 150w, https:\/\/fedai.az\/wp-content\/uploads\/2021\/11\/8265a327389da9fe4fdc2714b309120e-2-215x215.jpg 215w\" sizes=\"auto, (max-width: 600px) 100vw, 600px\" \/><\/figure><\/li><\/ul><\/figure>\n","protected":false},"excerpt":{"rendered":"<p>&nbsp; H\u0259mi\u015f\u0259 m\u00fcq\u0259dd\u0259s pe\u015f\u0259sin\u0259 layiq, y\u00fcks\u0259k i\u015f qabiliyy\u0259tl\u0259ri il\u0259 f\u0259rql\u0259n\u0259n, f\u0259dakarl\u0131\u011f\u0131, q\u0259hramanl\u0131\u011f\u0131 il\u0259&nbsp;&nbsp; v\u0259t\u0259nda\u015fl\u0131\u011f\u0131n \u0259sas meyar\u0131 hesab ed\u0259n ,c\u0259fake\u015f&nbsp; h\u0259kiml\u0259rmizd\u0259n biri olan m\u00fcharib\u0259 veteran\u0131<\/p>\n","protected":false},"author":2,"featured_media":53862,"comment_status":"closed","ping_status":"closed","sticky":false,"template":"","format":"standard","meta":{"footnotes":""},"categories":[5],"tags":[],"class_list":["post-53854","post","type-post","status-publish","format-standard","has-post-thumbnail","hentry","category-veteran"],"aioseo_notices":[],"_links":{"self":[{"href":"https:\/\/fedai.az\/index.php?rest_route=\/wp\/v2\/posts\/53854","targetHints":{"allow":["GET"]}}],"collection":[{"href":"https:\/\/fedai.az\/index.php?rest_route=\/wp\/v2\/posts"}],"about":[{"href":"https:\/\/fedai.az\/index.php?rest_route=\/wp\/v2\/types\/post"}],"author":[{"embeddable":true,"href":"https:\/\/fedai.az\/index.php?rest_route=\/wp\/v2\/users\/2"}],"replies":[{"embeddable":true,"href":"https:\/\/fedai.az\/index.php?rest_route=%2Fwp%2Fv2%2Fcomments&post=53854"}],"version-history":[{"count":2,"href":"https:\/\/fedai.az\/index.php?rest_route=\/wp\/v2\/posts\/53854\/revisions"}],"predecessor-version":[{"id":53865,"href":"https:\/\/fedai.az\/index.php?rest_route=\/wp\/v2\/posts\/53854\/revisions\/53865"}],"wp:featuredmedia":[{"embeddable":true,"href":"https:\/\/fedai.az\/index.php?rest_route=\/wp\/v2\/media\/53862"}],"wp:attachment":[{"href":"https:\/\/fedai.az\/index.php?rest_route=%2Fwp%2Fv2%2Fmedia&parent=53854"}],"wp:term":[{"taxonomy":"category","embeddable":true,"href":"https:\/\/fedai.az\/index.php?rest_route=%2Fwp%2Fv2%2Fcategories&post=53854"},{"taxonomy":"post_tag","embeddable":true,"href":"https:\/\/fedai.az\/index.php?rest_route=%2Fwp%2Fv2%2Ftags&post=53854"}],"curies":[{"name":"wp","href":"https:\/\/api.w.org\/{rel}","templated":true}]}}