{"id":53866,"date":"2021-11-14T02:20:13","date_gmt":"2021-11-13T22:20:13","guid":{"rendered":"https:\/\/fedai.az\/?p=53866"},"modified":"2021-11-14T02:26:12","modified_gmt":"2021-11-13T22:26:12","slug":"avmvib-s%c9%99dri-ali-bas-komandani-t%c9%99brik-etdi-2","status":"publish","type":"post","link":"https:\/\/fedai.az\/?p=53866","title":{"rendered":"AVMV\u0130B s\u0259dri Ali Ba\u015f Komandan\u0131 t\u0259brik etdi"},"content":{"rendered":"\n<p><strong>Az\u0259rbaycan V\u0259t\u0259n M\u00fcharib\u0259si Veteranlar\u0131 \u0130ctimai Birliyinin (AVMV\u0130B) s\u0259dri F\u00fczuli Rzaquliyev T\u00fcrk \u015euras\u0131n\u0131n \u0130stanbulda ke\u00e7iril\u0259n VIII Zirv\u0259 G\u00f6r\u00fc\u015f\u00fcnd\u0259 Az\u0259rbaycan Prezidenti \u0130lham \u018fliyev\u0259 \u201cT\u00fcrk D\u00fcnyas\u0131n\u0131n Ali Ni\u015fan\u0131\u00bb il\u0259 t\u0259ltif olunmas\u0131 il\u0259 ba\u011fl\u0131 Ali Ba\u015f Komandan c\u0259nab \u0130lham \u018fliyev\u0259 t\u0259brik \u00fcnvanlay\u0131b.<\/strong><\/p>\n\n\n\n<figure class=\"wp-block-image size-large is-resized\"><img loading=\"lazy\" decoding=\"async\" src=\"https:\/\/fedai.az\/wp-content\/uploads\/2021\/11\/195357292_255022979755264_227244203583497212_n-1-1024x683-1-715x400-1.jpg\" alt=\"\" class=\"wp-image-53867\" width=\"916\" height=\"512\" srcset=\"https:\/\/fedai.az\/wp-content\/uploads\/2021\/11\/195357292_255022979755264_227244203583497212_n-1-1024x683-1-715x400-1.jpg 715w, https:\/\/fedai.az\/wp-content\/uploads\/2021\/11\/195357292_255022979755264_227244203583497212_n-1-1024x683-1-715x400-1-300x168.jpg 300w, https:\/\/fedai.az\/wp-content\/uploads\/2021\/11\/195357292_255022979755264_227244203583497212_n-1-1024x683-1-715x400-1-150x84.jpg 150w\" sizes=\"auto, (max-width: 916px) 100vw, 916px\" \/><\/figure>\n\n\n\n<p><br>T\u0259brikd\u0259 deyilir:<\/p>\n\n\n\n<p><br><strong>&#171;M\u00f6ht\u0259r\u0259m Przident!<br>C\u0259nab Ali Ba\u015f Komandan!<\/strong><\/p>\n\n\n\n<p><br>Sizin T\u00fcrk d\u00fcnyas\u0131n\u0131n bu d\u0259y\u0259rli &#8212; \u201cT\u00fcrk D\u00fcnyas\u0131n\u0131n Ali Ordeni\u201d il\u0259 t\u0259ltif olunman\u0131z 83 minlik veteranlar ordusu t\u0259r\u0259find\u0259n co\u015fquyla qar\u015f\u0131land\u0131 v\u0259 m\u00fcharib\u0259 veteranlar\u0131 ad\u0131ndan bu ali m\u00fckafat\u0131n Siz\u0259 verilm\u0259si m\u00fcnasib\u0259tiyl\u0259 s\u0259mimi q\u0259lbd\u0259n t\u0259brik edirik!<\/p>\n\n\n\n<p><br>Az\u0259rbaycan Respublikas\u0131n\u0131n Prezidenti \u0130lham \u018fliyevin \u201cT\u00fcrk D\u00fcnyas\u0131n\u0131n Ali Ordeni\u201d il\u0259 t\u0259ltif olunmas\u0131 d\u00f6vl\u0259timizin ba\u015f\u00e7\u0131s\u0131n\u0131n t\u00fcrk d\u00fcnyas\u0131 qar\u015f\u0131s\u0131ndak\u0131 xidm\u0259tl\u0259rin\u0259 veril\u0259n \u0259dal\u0259tli qiym\u0259tdir. Az\u0259rbaycan Liderinin ist\u0259r T\u00fcrk \u015euras\u0131n\u0131n yaranmas\u0131 v\u0259 f\u0259aliyy\u0259tinin t\u0259\u015fkili, ist\u0259r bu t\u0259\u015fkilat\u0131n geni\u015fl\u0259nm\u0259si v\u0259 beyn\u0259lxalq n\u00fcfuzunun artmas\u0131 istiqam\u0259tind\u0259 g\u00f6rd\u00fcy\u00fc i\u015fl\u0259r strateji \u0259h\u0259miyy\u0259t k\u0259sb edir.<\/p>\n\n\n\n<p><br>\u018fb\u0259s deyil ki, T\u00fcrkiy\u0259 Prezidenti R\u0259c\u0259b Tayyib \u018frdo\u011fan Az\u0259rbaycan Prezidentin\u0259 Ali Ordeni t\u0259qdim ed\u0259rk\u0259n Onu M\u00fcz\u0259ff\u0259r Ali Ba\u015f Komandan adland\u0131rd\u0131 v\u0259 Qaraba\u011fda t\u0259xmin\u0259n 30 il davam ed\u0259n i\u015f\u011fala m\u0259hz onun q\u0259tiyy\u0259tli r\u0259hb\u0259rliyi il\u0259 44 g\u00fcnd\u0259 son qoyuldu\u011funu bildirdi. T\u00fcrkiy\u0259 Lideri bunun t\u0259kc\u0259 az\u0259rbaycanl\u0131lar \u00fc\u00e7\u00fcn deyil, b\u00fct\u00fcn t\u00fcrk d\u00fcnyas\u0131 \u00fc\u00e7\u00fcn b\u00f6y\u00fck \u0259h\u0259miyy\u0259t da\u015f\u0131d\u0131\u011f\u0131n\u0131 diqq\u0259t\u0259 \u00e7atd\u0131rd\u0131.<\/p>\n\n\n\n<p><br>Siz hakimiyy\u0259td\u0259 oldu\u011funuz ill\u0259rd\u0259 y\u00fcr\u00fctd\u00fcy\u00fcn\u00fcz siyasi d\u0259sti-x\u0259tt v\u0259 qar\u015f\u0131ya qoydu\u011funuz h\u0259d\u0259fl\u0259rin realla\u015fd\u0131r\u0131lmas\u0131 d\u00fcnya siyasi arenas\u0131nda bir siyasi Lider kimi n\u00fcfuzunuzu art\u0131rm\u0131\u015f v\u0259 bu g\u00fcn T\u00fcrk d\u00fcnyas\u0131 liderl\u0259rinin i\u015ftirak\u0131yla veril\u0259n bu m\u00fckafat T\u00fcrk d\u00fcnyas\u0131nda Sizin apar\u0131c\u0131 rolunuzu bir daha t\u0259sdiql\u0259mi\u015fdir.<\/p>\n\n\n\n<p><br>Ali Ba\u015f Komandan\u0131m\u0131za t\u0259qdim edil\u0259n Ali Ordeni Az\u0259rbaycan xalq\u0131n\u0131n ad\u0131ndan q\u0259bul etm\u0259si, milli liderin \u00f6z xalq\u0131 il\u0259 birliyinin bir daha t\u0259sdiqidir. H\u0259qiq\u0259t\u0259n d\u0259 &#171;Biz birlikd\u0259 g\u00fccl\u00fcy\u00fck!&#187; v\u0259 &#171;Biz daim Sizinl\u0259yik!&#187;<\/p>\n\n\n\n<p><br><strong>Biz Sizinl\u0259 f\u0259xr edirik v\u0259 \u201cT\u00fcrk D\u00fcnyas\u0131n\u0131n Ali Ordeni\u201dnin ilkin olaraq Siz\u0259 verilm\u0259si il\u0259 q\u00fcrur duyuruq!<\/strong><\/p>\n\n\n\n<p><strong><br>Tanr\u0131 Sizi qorusun!&#187;<\/strong><\/p>\n","protected":false},"excerpt":{"rendered":"<p>Az\u0259rbaycan V\u0259t\u0259n M\u00fcharib\u0259si Veteranlar\u0131 \u0130ctimai Birliyinin (AVMV\u0130B) s\u0259dri F\u00fczuli Rzaquliyev T\u00fcrk \u015euras\u0131n\u0131n \u0130stanbulda ke\u00e7iril\u0259n VIII Zirv\u0259 G\u00f6r\u00fc\u015f\u00fcnd\u0259 Az\u0259rbaycan Prezidenti \u0130lham \u018fliyev\u0259 \u201cT\u00fcrk D\u00fcnyas\u0131n\u0131n Ali<\/p>\n","protected":false},"author":2,"featured_media":53871,"comment_status":"closed","ping_status":"closed","sticky":false,"template":"","format":"standard","meta":{"footnotes":""},"categories":[11],"tags":[],"class_list":["post-53866","post","type-post","status-publish","format-standard","has-post-thumbnail","hentry","category-tbrik"],"aioseo_notices":[],"_links":{"self":[{"href":"https:\/\/fedai.az\/index.php?rest_route=\/wp\/v2\/posts\/53866","targetHints":{"allow":["GET"]}}],"collection":[{"href":"https:\/\/fedai.az\/index.php?rest_route=\/wp\/v2\/posts"}],"about":[{"href":"https:\/\/fedai.az\/index.php?rest_route=\/wp\/v2\/types\/post"}],"author":[{"embeddable":true,"href":"https:\/\/fedai.az\/index.php?rest_route=\/wp\/v2\/users\/2"}],"replies":[{"embeddable":true,"href":"https:\/\/fedai.az\/index.php?rest_route=%2Fwp%2Fv2%2Fcomments&post=53866"}],"version-history":[{"count":2,"href":"https:\/\/fedai.az\/index.php?rest_route=\/wp\/v2\/posts\/53866\/revisions"}],"predecessor-version":[{"id":53870,"href":"https:\/\/fedai.az\/index.php?rest_route=\/wp\/v2\/posts\/53866\/revisions\/53870"}],"wp:featuredmedia":[{"embeddable":true,"href":"https:\/\/fedai.az\/index.php?rest_route=\/wp\/v2\/media\/53871"}],"wp:attachment":[{"href":"https:\/\/fedai.az\/index.php?rest_route=%2Fwp%2Fv2%2Fmedia&parent=53866"}],"wp:term":[{"taxonomy":"category","embeddable":true,"href":"https:\/\/fedai.az\/index.php?rest_route=%2Fwp%2Fv2%2Fcategories&post=53866"},{"taxonomy":"post_tag","embeddable":true,"href":"https:\/\/fedai.az\/index.php?rest_route=%2Fwp%2Fv2%2Ftags&post=53866"}],"curies":[{"name":"wp","href":"https:\/\/api.w.org\/{rel}","templated":true}]}}