{"id":53903,"date":"2021-11-14T11:05:01","date_gmt":"2021-11-14T07:05:01","guid":{"rendered":"https:\/\/fedai.az\/?p=53903"},"modified":"2021-11-14T11:05:04","modified_gmt":"2021-11-14T07:05:04","slug":"avmvib-nin-b%c9%99yanati-ruslar-ya-qarabagi-t%c9%99rk-etm%c9%99li-ya-da-terrorcunu-az%c9%99rbaycana-t%c9%99hvil-verm%c9%99lidir","status":"publish","type":"post","link":"https:\/\/fedai.az\/?p=53903","title":{"rendered":"AVMV\u0130B-nin b\u0259yanat\u0131: &#171;Ruslar ya Qaraba\u011f\u0131 t\u0259rk etm\u0259li, ya da terror\u00e7unu Az\u0259rbaycana t\u0259hvil verm\u0259lidir&#187;"},"content":{"rendered":"\n<p><strong>Az\u0259rbaycan V\u0259t\u0259n M\u00fcharib\u0259si Veteranlar\u0131 \u0130ctimai Birliyi (AVMV\u0130B) Qaraba\u011fda ba\u015f ver\u0259n son olaylarla ba\u011fl\u0131 b\u0259yanat verdi.<\/strong><\/p>\n\n\n\n<p><br>B\u0259yanatda deyilir:<\/p>\n\n\n\n<p><br>-Son ay \u0259rzind\u0259 \u00f6z\u00fcn\u00fc &#171;S\u00fclhm\u0259raml\u0131&#187; ad\u0131yla Qaraba\u011fa p\u0259r\u00e7iml\u0259mi\u015f Rus ordu birlikl\u0259rinin m\u00fcv\u0259qq\u0259ti n\u0259zar\u0259tind\u0259 olan La\u00e7\u0131n koridoru vasit\u0259siyl\u0259 Az\u0259rbaycan\u0131\u0131n suveren h\u00fcquqlar\u0131 d\u0259f\u0259l\u0259rl\u0259 pozulub. Bu pozuntularda \u00f6z missiyas\u0131n\u0131 burax\u0131b in\u015faatla, pin\u0259\u00e7ilikl\u0259, \u00e7ax\u0131r \u00e7\u0259km\u0259kl\u0259 v\u0259 s. m\u0259\u015f\u011ful olan Rusiya &#171;s\u00fclhm\u0259raml\u0131lar\u0131&#187; daim \u00f6z \u00f6hd\u0259likl\u0259rini pozmaqla ortada olur.<\/p>\n\n\n\n<p><br><strong>Erm\u0259nistan M\u00fcdafi\u0259 nazirinin \u00f6lk\u0259miz\u0259 qanunsuz s\u0259f\u0259ri, separat\u00e7\u0131 h\u0259rbi canil\u0259r Ko\u00e7aryan v\u0259 Sarqsyan\u0131n s\u0259f\u0259ri, axtar\u0131\u015fda olan yaramaz bloqqer Peqovun s\u0259f\u0259rinin t\u0259\u015fkil edilm\u0259si, haqq\u0131nda cinay\u0259t i\u015fi qald\u0131r\u0131lm\u0131\u015f Araik Aruyunyanla birg\u0259 f\u0259aliyy\u0259t, separat\u00e7\u0131lar\u0131n \u00f6lk\u0259mizd\u0259 qanunsuz olaraq h\u0259rbi \u00e7a\u011f\u0131r\u0131\u015f h\u0259yata ke\u00e7irm\u0259si, \u015eu\u015fa v\u0259 K\u0259lb\u0259c\u0259r istiqam\u0259tind\u0259ki m\u00f6vqel\u0259rimizin at\u0259\u015f\u0259 tutulmas\u0131 v\u0259 \u0259n son faktiki h\u0259rbi cinay\u0259tl\u0259rd\u0259 i\u015ftirak ed\u0259n Norayr Mirzoyan\u0131n separat\u015f\u0131lara t\u0259hvil verilm\u0259si rus h\u0259rbi birlikl\u0259rinin sonunu yax\u0131nla\u015fd\u0131rmaq \u00fc\u00e7\u00fcn kifay\u0259tdir. 1 il \u0259rzind\u0259 bir n\u0259f\u0259r d\u0259 olsun az\u0259rbaycanl\u0131 k\u00f6\u00e7k\u00fcn\u00fcn onlar\u0131n n\u0259zar\u0259tind\u0259 olan \u0259razil\u0259r\u0259 k\u00f6\u00e7\u00fcr\u00fclm\u0259sinin t\u0259\u015fkil edilm\u0259m\u0259si Rusiyan\u0131n &#171;s\u00fclh&#187; ist\u0259kl\u0259rinin olmamas\u0131 il\u0259 ba\u011fl\u0131d\u0131r.<\/strong><\/p>\n\n\n\n<p><br>Art\u0131q ordumuz qar\u015f\u0131s\u0131na qoyulan v\u0259zif\u0259ni yerin\u0259 yetirm\u0259k \u00fc\u00e7\u00fcn antiterror \u0259m\u0259liyyatlar\u0131n\u0131n ikinci m\u0259rh\u0259l\u0259sin\u0259 ba\u015flamal\u0131d\u0131r. 44 g\u00fcnl\u00fck Qaraba\u011f sava\u015f\u0131n\u0131n qalibi kimi h\u0259rb\u00e7il\u0259rimiz\u0259 qumbara atan terror\u00e7unun \u0259m\u0259lin\u0259 v\u0259 K\u0259lb\u0259c\u0259rd\u0259 davam ed\u0259n at\u0131\u015fmaya cavab olaraq h\u0259m b\u00f6lg\u0259nin silahs\u0131zland\u0131r\u0131lmas\u0131na nail olmal\u0131y\u0131q, h\u0259m d\u0259 La\u00e7\u0131n d\u0259hlizin\u0259 n\u0259zar\u0259ti bird\u0259f\u0259lik t\u0259min etm\u0259li v\u0259 bu istiqam\u0259td\u0259 s\u0259rh\u0259d postlar\u0131 qurmal\u0131y\u0131q.<\/p>\n\n\n\n<p><strong>Ya b\u00f6lg\u0259y\u0259 s\u00fclh\u00fc t\u0259min etm\u0259k ad\u0131yla soxulmu\u015f ruslar Qaraba\u011f\u0131 t\u0259rk etm\u0259li, ya da terror\u00e7unu Az\u0259rbaycana t\u0259hvil verm\u0259lidir.<\/strong> \u00c7\u00fcnki terror\u00e7u il\u0259 ba\u011fl\u0131 erm\u0259nil\u0259r art\u0131q <strong>&#171;Biz ham\u0131m\u0131z Norayr Mirzoyan\u0131q!&#187; <\/strong>kompaniyas\u0131 aparmas\u0131 v\u0259 qanuni proseduru icra etm\u0259y\u0259 m\u0259cbur olan rus h\u0259rbi kontingentini terrorla t\u0259hdid etm\u0259l\u0259ri he\u00e7 d\u0259 s\u0259b\u0259bsiz deyil. Bu terror\u00e7unun c\u0259zas\u0131z qalmas\u0131 bu c\u00fcr presidentl\u0259rin artmas\u0131na v\u0259 \u0259n\u0259n\u0259vi hal almas\u0131na g\u0259tirib \u00e7\u0131xara bil\u0259r.<\/p>\n\n\n\n<p><br>Separat\u00e7\u0131 terroristl\u0259r bilm\u0259lidil\u0259r ki, Az\u0259rbaycan Ordusuna at\u0259\u015f a\u00e7an h\u0259r k\u0259sin terror\u00e7u kimi m\u0259hv edilm\u0259si beyn\u0259lxalq qanunlarla t\u0259sbit edilmi\u015f h\u00fcquq normas\u0131d\u0131r.<\/p>\n\n\n\n<p>83 minlik V\u0259t\u0259n m\u00fcharib\u0259si veteranlar\u0131 ad\u0131ndan bu g\u00fcn\u0259d\u0259k &#171;Az\u0259rbaycan Respublikas\u0131n\u0131n Prezidenti, Erm\u0259nistan Respublikas\u0131n\u0131n Ba\u015f naziri v\u0259 Rusiya Federasiyas\u0131n\u0131n Prezidentinin B\u0259yanat\u0131&#187;n\u0131n 4-c\u00fc madd\u0259sini el\u0259 ilk add\u0131m\u0131yla pozan &#171;Rusiya Federasiyas\u0131n\u0131n s\u00fclhm\u0259raml\u0131 kontingenti erm\u0259ni silahl\u0131 q\u00fcvv\u0259l\u0259rinin \u00e7\u0131xar\u0131lmas\u0131 il\u0259 paralel \u015f\u0259kild\u0259 yerl\u0259\u015fdirilm\u0259si&#187; \u00f6hd\u0259liyini yerin\u0259 yetirm\u0259y\u0259n v\u0259 separat\u00e7\u0131larla qol-boyun f\u0259aliyy\u0259t quran bir h\u0259rbi kontingent\u0259 qar\u015f\u0131 h\u0259r k\u0259si k\u00f6hn\u0259 d\u00f6y\u00fc\u015f\u00e7\u00fcl\u0259r ad\u0131ndan m\u00fcbariz\u0259y\u0259 qalxma\u011fa s\u0259sl\u0259y\u0259c\u0259yimizi b\u0259yan edirik!<\/p>\n\n\n\n<p><br><strong>Az\u0259rbaycan V\u0259t\u0259n M\u00fcharib\u0259si Veteranlar\u0131 \u0130ctimai Birliyi (AVMV\u0130B) \u0130dar\u0259 Hey\u0259ti<\/strong><\/p>\n","protected":false},"excerpt":{"rendered":"<p>Az\u0259rbaycan V\u0259t\u0259n M\u00fcharib\u0259si Veteranlar\u0131 \u0130ctimai Birliyi (AVMV\u0130B) Qaraba\u011fda ba\u015f ver\u0259n son olaylarla ba\u011fl\u0131 b\u0259yanat verdi. B\u0259yanatda deyilir: -Son ay \u0259rzind\u0259 \u00f6z\u00fcn\u00fc &#171;S\u00fclhm\u0259raml\u0131&#187; ad\u0131yla Qaraba\u011fa<\/p>\n","protected":false},"author":2,"featured_media":53904,"comment_status":"closed","ping_status":"closed","sticky":false,"template":"","format":"standard","meta":{"footnotes":""},"categories":[3],"tags":[],"class_list":["post-53903","post","type-post","status-publish","format-standard","has-post-thumbnail","hentry","category-gundm"],"aioseo_notices":[],"_links":{"self":[{"href":"https:\/\/fedai.az\/index.php?rest_route=\/wp\/v2\/posts\/53903","targetHints":{"allow":["GET"]}}],"collection":[{"href":"https:\/\/fedai.az\/index.php?rest_route=\/wp\/v2\/posts"}],"about":[{"href":"https:\/\/fedai.az\/index.php?rest_route=\/wp\/v2\/types\/post"}],"author":[{"embeddable":true,"href":"https:\/\/fedai.az\/index.php?rest_route=\/wp\/v2\/users\/2"}],"replies":[{"embeddable":true,"href":"https:\/\/fedai.az\/index.php?rest_route=%2Fwp%2Fv2%2Fcomments&post=53903"}],"version-history":[{"count":1,"href":"https:\/\/fedai.az\/index.php?rest_route=\/wp\/v2\/posts\/53903\/revisions"}],"predecessor-version":[{"id":53905,"href":"https:\/\/fedai.az\/index.php?rest_route=\/wp\/v2\/posts\/53903\/revisions\/53905"}],"wp:featuredmedia":[{"embeddable":true,"href":"https:\/\/fedai.az\/index.php?rest_route=\/wp\/v2\/media\/53904"}],"wp:attachment":[{"href":"https:\/\/fedai.az\/index.php?rest_route=%2Fwp%2Fv2%2Fmedia&parent=53903"}],"wp:term":[{"taxonomy":"category","embeddable":true,"href":"https:\/\/fedai.az\/index.php?rest_route=%2Fwp%2Fv2%2Fcategories&post=53903"},{"taxonomy":"post_tag","embeddable":true,"href":"https:\/\/fedai.az\/index.php?rest_route=%2Fwp%2Fv2%2Ftags&post=53903"}],"curies":[{"name":"wp","href":"https:\/\/api.w.org\/{rel}","templated":true}]}}