{"id":53906,"date":"2021-11-14T23:59:51","date_gmt":"2021-11-14T19:59:51","guid":{"rendered":"https:\/\/fedai.az\/?p=53906"},"modified":"2021-11-14T23:59:56","modified_gmt":"2021-11-14T19:59:56","slug":"az%c9%99rbaycan-ordusu-erm%c9%99nil%c9%99rin-postunu-%c9%99l%c9%99-kecirdi","status":"publish","type":"post","link":"https:\/\/fedai.az\/?p=53906","title":{"rendered":"Az\u0259rbaycan Ordusu erm\u0259nil\u0259rin postunu \u0259l\u0259 ke\u00e7irdi"},"content":{"rendered":"\n<p><strong>Az\u0259rbaycan Ordusu erm\u0259ni h\u0259rb\u00e7il\u0259rinin postunu \u0259l\u0259 ke\u00e7irib v\u0259 onlar\u0131 \u0259razid\u0259n \u00e7\u0131xar\u0131b.<\/strong><\/p>\n\n\n\n<p><strong>KONKRET.az<\/strong>-\u0131n \u0259ld\u0259 etdiyi m\u0259lumata g\u00f6r\u0259, erm\u0259ni h\u0259rb\u00e7il\u0259r bizim posta h\u00fccum edib v\u0259 buna qar\u015f\u0131 ordumuz adekvat t\u0259dbir g\u00f6r\u00fcb. N\u0259tic\u0259d\u0259 erm\u0259nil\u0259r yerl\u0259\u015fdikl\u0259ri postu t\u0259rk etm\u0259li olublar.<\/p>\n\n\n\n<p>Videoda dan\u0131\u015f\u0131qlardan ba\u015fa d\u00fc\u015fm\u0259k olur ki, erm\u0259nil\u0259r \u0259vv\u0259ll\u0259r d\u0259 postumuza h\u00fccum c\u0259hdl\u0259ri edibl\u0259r v\u0259 bunun qar\u00e7\u0131l\u0131\u011f\u0131n\u0131 laz\u0131m\u0131nca h\u0259rb\u00e7il\u0259rimiz t\u0259r\u0259find\u0259n al\u0131blar.<\/p>\n\n\n\n<p>H\u0259min g\u00f6r\u00fcnt\u00fcl\u0259ri t\u0259qdim edirik:<\/p>\n\n\n\n<figure class=\"wp-block-video\"><video controls src=\"https:\/\/konkret.az\/cloud\/uploads\/2021\/11\/video5226533036643848453.mp4?_=1\"><\/video><\/figure>\n\n\n\n<figure class=\"wp-block-video\"><video controls src=\"https:\/\/konkret.az\/cloud\/uploads\/2021\/11\/IMG_6970.mp4?_=2\"><\/video><\/figure>\n","protected":false},"excerpt":{"rendered":"<p>Az\u0259rbaycan Ordusu erm\u0259ni h\u0259rb\u00e7il\u0259rinin postunu \u0259l\u0259 ke\u00e7irib v\u0259 onlar\u0131 \u0259razid\u0259n \u00e7\u0131xar\u0131b. KONKRET.az-\u0131n \u0259ld\u0259 etdiyi m\u0259lumata g\u00f6r\u0259, erm\u0259ni h\u0259rb\u00e7il\u0259r bizim posta h\u00fccum edib v\u0259 buna<\/p>\n","protected":false},"author":2,"featured_media":53907,"comment_status":"closed","ping_status":"closed","sticky":false,"template":"","format":"standard","meta":{"footnotes":""},"categories":[4],"tags":[],"class_list":["post-53906","post","type-post","status-publish","format-standard","has-post-thumbnail","hentry","category-qarabag"],"aioseo_notices":[],"_links":{"self":[{"href":"https:\/\/fedai.az\/index.php?rest_route=\/wp\/v2\/posts\/53906","targetHints":{"allow":["GET"]}}],"collection":[{"href":"https:\/\/fedai.az\/index.php?rest_route=\/wp\/v2\/posts"}],"about":[{"href":"https:\/\/fedai.az\/index.php?rest_route=\/wp\/v2\/types\/post"}],"author":[{"embeddable":true,"href":"https:\/\/fedai.az\/index.php?rest_route=\/wp\/v2\/users\/2"}],"replies":[{"embeddable":true,"href":"https:\/\/fedai.az\/index.php?rest_route=%2Fwp%2Fv2%2Fcomments&post=53906"}],"version-history":[{"count":1,"href":"https:\/\/fedai.az\/index.php?rest_route=\/wp\/v2\/posts\/53906\/revisions"}],"predecessor-version":[{"id":53908,"href":"https:\/\/fedai.az\/index.php?rest_route=\/wp\/v2\/posts\/53906\/revisions\/53908"}],"wp:featuredmedia":[{"embeddable":true,"href":"https:\/\/fedai.az\/index.php?rest_route=\/wp\/v2\/media\/53907"}],"wp:attachment":[{"href":"https:\/\/fedai.az\/index.php?rest_route=%2Fwp%2Fv2%2Fmedia&parent=53906"}],"wp:term":[{"taxonomy":"category","embeddable":true,"href":"https:\/\/fedai.az\/index.php?rest_route=%2Fwp%2Fv2%2Fcategories&post=53906"},{"taxonomy":"post_tag","embeddable":true,"href":"https:\/\/fedai.az\/index.php?rest_route=%2Fwp%2Fv2%2Ftags&post=53906"}],"curies":[{"name":"wp","href":"https:\/\/api.w.org\/{rel}","templated":true}]}}