{"id":53912,"date":"2021-11-15T00:28:28","date_gmt":"2021-11-14T20:28:28","guid":{"rendered":"https:\/\/fedai.az\/?p=53912"},"modified":"2021-11-15T00:38:44","modified_gmt":"2021-11-14T20:38:44","slug":"ordumuz-z%c9%99ng%c9%99zurda-daha-bir-post-qurur","status":"publish","type":"post","link":"https:\/\/fedai.az\/?p=53912","title":{"rendered":"Ordumuz Z\u0259ng\u0259zurda daha bir POST QURUR"},"content":{"rendered":"\n<p><strong>Noyabr\u0131n 15-d\u0259n etibar\u0259n Az\u0259rbaycan Qafan-\u00c7akaten yolunda g\u00f6mr\u00fck m\u0259nt\u0259q\u0259si quracaq.<\/strong><\/p>\n\n\n\n<p>Publika.az&nbsp;&#171;Sputnik Erm\u0259nistan&#187;a istinadla x\u0259b\u0259r verir ki, bu bar\u0259d\u0259 Erm\u0259nistan Milli T\u0259hl\u00fck\u0259sizlik Xidm\u0259ti m\u0259lumat yay\u0131b.<\/p>\n\n\n\n<p>&#171;Noyabr\u0131n 15-d\u0259 saat 00:00-da Az\u0259rbaycan t\u0259r\u0259fi s\u0259rh\u0259d-g\u00f6mr\u00fck n\u0259zar\u0259tinin h\u0259yata ke\u00e7irilm\u0259si \u00fc\u00e7\u00fcn Qafan-\u00c7\u0259k\u0259t\u0259n yolunda s\u0259rh\u0259d-g\u00f6mr\u00fck n\u0259zar\u0259ti m\u0259nt\u0259q\u0259si yaradacaq.<\/p>\n\n\n\n<p>Erm\u0259nistan t\u0259r\u0259fi d\u0259 g\u00fczg\u00fc prinsipi il\u0259 s\u0259rh\u0259d v\u0259 g\u00f6mr\u00fck n\u0259zar\u0259ti m\u0259nt\u0259q\u0259l\u0259ri yaradacaq.<\/p>\n\n\n\n<p>Eyni zamanda, alternativ yolun bu ilin sonuna kimi haz\u0131r olaca\u011f\u0131 bildirilir&#187;, &#8212; m\u0259lumatda deyilir.<\/p>\n\n\n\n<p>Xat\u0131rladaq ki, Az\u0259rbaycan art\u0131q Qoris-Kapan yolunun bir hiss\u0259sind\u0259 s\u0259rh\u0259d-g\u00f6mr\u00fck n\u0259zar\u0259ti postu qurub. H\u0259r\u0259k\u0259t alternativ \u015eunuayr-Tatev-Qafan yolu il\u0259 h\u0259yata ke\u00e7irilir. Bundan \u0259lav\u0259, Vorotan v\u0259 dig\u0259r yax\u0131n k\u0259ndl\u0259r\u0259 alternativ yollar \u00e7\u0259kilir. Lakin bu yollar tam haz\u0131r olana q\u0259d\u0259r Vorotan, \u015eurnux v\u0259 Bart\u00e7ravan k\u0259ndl\u0259rini ancaq ki\u00e7ik s\u0259rni\u015fin avtomobill\u0259ri idar\u0259 ed\u0259 bilirl\u0259r.<\/p>\n","protected":false},"excerpt":{"rendered":"<p>Noyabr\u0131n 15-d\u0259n etibar\u0259n Az\u0259rbaycan Qafan-\u00c7akaten yolunda g\u00f6mr\u00fck m\u0259nt\u0259q\u0259si quracaq. Publika.az&nbsp;&#171;Sputnik Erm\u0259nistan&#187;a istinadla x\u0259b\u0259r verir ki, bu bar\u0259d\u0259 Erm\u0259nistan Milli T\u0259hl\u00fck\u0259sizlik Xidm\u0259ti m\u0259lumat yay\u0131b. &#171;Noyabr\u0131n<\/p>\n","protected":false},"author":2,"featured_media":53914,"comment_status":"closed","ping_status":"closed","sticky":false,"template":"","format":"standard","meta":{"footnotes":""},"categories":[4],"tags":[],"class_list":["post-53912","post","type-post","status-publish","format-standard","has-post-thumbnail","hentry","category-qarabag"],"aioseo_notices":[],"_links":{"self":[{"href":"https:\/\/fedai.az\/index.php?rest_route=\/wp\/v2\/posts\/53912","targetHints":{"allow":["GET"]}}],"collection":[{"href":"https:\/\/fedai.az\/index.php?rest_route=\/wp\/v2\/posts"}],"about":[{"href":"https:\/\/fedai.az\/index.php?rest_route=\/wp\/v2\/types\/post"}],"author":[{"embeddable":true,"href":"https:\/\/fedai.az\/index.php?rest_route=\/wp\/v2\/users\/2"}],"replies":[{"embeddable":true,"href":"https:\/\/fedai.az\/index.php?rest_route=%2Fwp%2Fv2%2Fcomments&post=53912"}],"version-history":[{"count":2,"href":"https:\/\/fedai.az\/index.php?rest_route=\/wp\/v2\/posts\/53912\/revisions"}],"predecessor-version":[{"id":53915,"href":"https:\/\/fedai.az\/index.php?rest_route=\/wp\/v2\/posts\/53912\/revisions\/53915"}],"wp:featuredmedia":[{"embeddable":true,"href":"https:\/\/fedai.az\/index.php?rest_route=\/wp\/v2\/media\/53914"}],"wp:attachment":[{"href":"https:\/\/fedai.az\/index.php?rest_route=%2Fwp%2Fv2%2Fmedia&parent=53912"}],"wp:term":[{"taxonomy":"category","embeddable":true,"href":"https:\/\/fedai.az\/index.php?rest_route=%2Fwp%2Fv2%2Fcategories&post=53912"},{"taxonomy":"post_tag","embeddable":true,"href":"https:\/\/fedai.az\/index.php?rest_route=%2Fwp%2Fv2%2Ftags&post=53912"}],"curies":[{"name":"wp","href":"https:\/\/api.w.org\/{rel}","templated":true}]}}