{"id":53934,"date":"2021-11-15T01:21:39","date_gmt":"2021-11-14T21:21:39","guid":{"rendered":"https:\/\/fedai.az\/?p=53934"},"modified":"2021-11-15T10:38:25","modified_gmt":"2021-11-15T06:38:25","slug":"az%c9%99rbaycan-qanunlari-xirdalanda-is%c9%99mir","status":"publish","type":"post","link":"https:\/\/fedai.az\/?p=53934","title":{"rendered":"Az\u0259rbaycan Qanunlar\u0131 X\u0131rdalanda i\u015fl\u0259mir?"},"content":{"rendered":"\n<p><strong>Ab\u015feron rayon \u0130cra v\u0259 probasiya \u015f\u00f6b\u0259sinin icra m\u0259muru, II d\u0259r\u0259c\u0259li \u018fdliyy\u0259 qulluq\u00e7usu Eltac \u0130sk\u0259nd\u0259rov icra m\u0259ktubunu t\u0259rtib ed\u0259rk\u0259n m\u00fc\u0259llim i\u015fl\u0259y\u0259n, \u015eu\u015fa \u015f\u0259h\u0259rind\u0259n m\u0259cburi k\u00f6\u00e7k\u00fcn, II qrup \u0259lil, Yeni Az\u0259rbaycan Partiyas\u0131n\u0131n \u00fczv\u00fc, Qaraba\u011f qazisinin o\u011flu Nurlan M\u0259mm\u0259dovun \u00e7\u0259tin h\u0259yat \u015f\u0259raitini, ail\u0259 v\u0259ziyy\u0259tini v\u0259 dig\u0259r diqq\u0259t\u0259layiq hallar\u0131 n\u0259z\u0259r\u0259 almam\u0131\u015f, yaln\u0131z iddia\u00e7\u0131 il\u0259 g\u00f6r\u00fc\u015f\u00fcb qanunu ayaqlayaraq onun ist\u0259kl\u0259ri \u0259sas\u0131nda aliment kimi, vergi tutulmalar\u0131ndan v\u0259 bank kreditl\u0259rinin \u00e7\u0131x\u0131lmas\u0131ndan sonra yerd\u0259 qalan \u0259m\u0259k haqq\u0131m\u0131n 50%-nin tutulmas\u0131 bar\u0259d\u0259 icra s\u0259n\u0259di (16.08.2021-ci il tarixli, 158933\/14E sayl\u0131) t\u0259rtib etmi\u015fdir.<\/strong><\/p>\n\n\n\n<figure class=\"wp-block-image size-large is-resized\"><img loading=\"lazy\" decoding=\"async\" src=\"https:\/\/fedai.az\/wp-content\/uploads\/2021\/11\/257428419_126610019781044_8535653551741652137_n.jpg\" alt=\"\" class=\"wp-image-53935\" width=\"918\" height=\"918\" srcset=\"https:\/\/fedai.az\/wp-content\/uploads\/2021\/11\/257428419_126610019781044_8535653551741652137_n.jpg 526w, https:\/\/fedai.az\/wp-content\/uploads\/2021\/11\/257428419_126610019781044_8535653551741652137_n-300x300.jpg 300w, https:\/\/fedai.az\/wp-content\/uploads\/2021\/11\/257428419_126610019781044_8535653551741652137_n-150x150.jpg 150w, https:\/\/fedai.az\/wp-content\/uploads\/2021\/11\/257428419_126610019781044_8535653551741652137_n-215x215.jpg 215w\" sizes=\"auto, (max-width: 918px) 100vw, 918px\" \/><\/figure>\n\n\n\n<p>Haz\u0131rda h\u0259min icra s\u0259n\u0259di t\u0259hsil m\u00fc\u0259ssis\u0259si t\u0259r\u0259find\u0259n diqq\u0259t\u0259layiq hallar n\u0259z\u0259r\u0259 al\u0131nmadan, qeyri-humanist m\u00f6vqe s\u0259rgil\u0259n\u0259r\u0259k icra edildiyi \u00fc\u00e7\u00fcn m\u00fc\u0259llim faktiki olaraq \u0259m\u0259k haqq\u0131 ala bilmir. N.R.M\u0259mm\u0259dov bunun \u00fc\u00e7\u00fcn i\u015f yolda\u015flar\u0131ndan yol pulu \u00fc\u00e7\u00fcn borc al\u0131r v\u0259 kommunal \u00f6d\u0259ni\u015fl\u0259ri \u00f6d\u0259y\u0259 bilm\u0259diyi \u00fc\u00e7\u00fcn yataqxanada gec\u0259l\u0259yir. \u00dcst\u0259lik anas\u0131n\u0131n d\u0259rmanlara ehtiyac\u0131 var. Bu n\u00fcanslar\u0131 n\u0259z\u0259r\u0259 al\u0131nmas\u0131 bir yana, \u00f6lk\u0259 qanunlar\u0131ndan k\u0259nar bir \u015f\u0259kild\u0259 aliment \u00f6d\u0259ni\u015fl\u0259rinin t\u0259yin edilm\u0259si yoxlan\u0131lmal\u0131d\u0131r.<\/p>\n\n\n\n<p>Qeyd ed\u0259k ki, \u015eu\u015fa Rayon M\u0259hk\u0259m\u0259sinin (<strong>hakim C\u0259mil\u0259 S\u0259fyeva<\/strong>) 2(077)-22\/21 sayl\u0131, i\u015f \u00fczr\u0259 22 aprel 2021-ci il tarixli q\u0259tnam\u0259sind\u0259 v\u0259t\u0259nda\u015f N.R.M\u0259mm\u0259dovun qovuldu\u011fu m\u0259nzild\u0259 ya\u015famaq h\u00fcququ b\u0259rpa edilmi\u015f v\u0259 k\u00f6\u00e7\u00fcr\u00fclm\u0259 il\u0259 ba\u011fl\u0131 q\u0259tnam\u0259 \u00e7\u0131xar\u0131lm\u0131\u015fd\u0131r. Lakin m\u0259hk\u0259m\u0259 q\u0259tnam\u0259sinin m\u0259hz bu hiss\u0259si il\u0259 ba\u011fl\u0131 q\u0259rar h\u0259l\u0259 d\u0259 icra olunmam\u0131\u015f qal\u0131r. Ab\u015feron rayon \u0130cra v\u0259 probasiya \u015f\u00f6b\u0259si bu q\u0259tnam\u0259y\u0259 qeyri-konstruktiv yana\u015fmaqla X\u0131rdalan \u015f\u0259h\u0259ri \u0259razisind\u0259 Az\u0259rbaycan Respublikas\u0131n\u0131n Konstitusiyas\u0131 il\u0259 t\u0259sbit olunan <strong>insan h\u00fcquq v\u0259 \u0259sas azadl\u0131qlar\u0131 haqq\u0131nda<\/strong> h\u0259m yerli, h\u0259m d\u0259 Az\u0259rbaycan Respublikas\u0131n\u0131n t\u0259r\u0259fda\u015f \u00e7\u0131xd\u0131\u011f\u0131 Avropa \u0130nsan H\u00fcquqlar\u0131 Konvensiyas\u0131n\u0131 <strong>kobud sur\u0259td\u0259 pozur<\/strong>. Bu fakt Az\u0259rbaycan Respublikas\u0131n\u0131n h\u00fcquq-m\u0259hk\u0259m\u0259 sistemind\u0259 bir qrup korrupsioner m\u0259murun f\u0259aliyy\u0259t g\u00f6st\u0259rm\u0259sin\u0259, <strong>Az\u0259rbayan Respublikas\u0131 Prezidenti c\u0259nab \u0130lham \u018fliyevin demokratik c\u0259miyy\u0259td\u0259 d\u00f6vl\u0259tin h\u00fcquq siyas\u0259tinin h\u0259yata ke\u00e7irilm\u0259sind\u0259, qanunun aliliyinin, insan h\u00fcquq v\u0259 azadl\u0131qlar\u0131n\u0131n t\u0259min olunmas\u0131n; \u0259dliyy\u0259 sistemini bir qrup m\u0259murun iflic etm\u0259sin\u0259 bariz n\u00fcmun\u0259dir.<\/strong><\/p>\n\n\n\n<p>Qeyd ed\u0259k ki, v\u0259t\u0259nda\u015f N.R.M\u0259mm\u0259dova iddia qald\u0131ran t\u0259r\u0259f Az\u0259rbaycan Respublikas\u0131n\u0131n Daxili \u0130\u015fl\u0259r Nazirliyi Orqanlar\u0131n\u0131n&nbsp; \u0259m\u0259kda\u015f\u0131, haz\u0131rda m\u00fcv\u0259qq\u0259ti olaraq s\u0259r\u0259ncama g\u00f6t\u00fcr\u00fcl\u0259n <strong>Allahverdiyev Anar Elxan o\u011fludur<\/strong>. M\u0259lumata g\u00f6r\u0259, ondan \u015fikay\u0259t olunmas\u0131n v\u0259 ad\u0131 hallanmas\u0131n dey\u0259 <strong>nazirlikd\u0259 i\u015fl\u0259y\u0259n himay\u0259dar\u0131<\/strong> v\u0259 <strong>S\u0259bael Rayon D\u00f6vl\u0259t Yol Polisi \u0130dar\u0259sinin r\u0259hb\u0259rliyi<\/strong> ona bu i\u015fl\u0259ri rahat g\u00f6rm\u0259si&nbsp; \u00fc\u00e7\u00fcn \u015f\u0259rait yaratm\u0131\u015flar. Bac\u0131s\u0131n\u0131n \u0259li v\u0259 yax\u0131n qohumlar\u0131n\u0131n d\u00f6vl\u0259t orqanlar\u0131nda hakimiyy\u0259t imtiyazlar\u0131ndan v\u0259 v\u0259zif\u0259 s\u0259lahiyy\u0259tl\u0259rind\u0259n sui-istifad\u0259 etm\u0259kl\u0259 v\u0259t\u0259nda\u015fa qar\u015f\u0131 inkvizisiya h\u0259yata ke\u00e7ir\u0259n Anar Allahverdiyev\u0259 m\u00fcxt\u0259lif nazirlikl\u0259rd\u0259 i\u015fl\u0259y\u0259n qohumlar\u0131 \u00fc\u00e7\u00fcnc\u00fc neytral \u015f\u0259xsl\u0259rin \u0259li il\u0259 d\u0259st\u0259k verir v\u0259 bununla <strong>Az\u0259rbaycan Respublikas\u0131nda Qanunun Aliliyi prinsipini<\/strong> tapdalay\u0131rlar.<\/p>\n\n\n\n<p>Allahverdiyev Anar Elxan o\u011fluna Az\u0259rbaycan Respublikas\u0131 Qanunlar\u0131n\u0131n tapdanmas\u0131na k\u00f6m\u0259klik g\u00f6st\u0259r\u0259n v\u0259 v\u0259zif\u0259 s\u0259lahiyy\u0259tl\u0259rind\u0259n sui-istifad\u0259 etm\u0259kl\u0259 d\u0259st\u0259k n\u00fcmayi\u015f etdir\u0259n <strong>m\u0259murlarla<\/strong> ba\u011fl\u0131 silisl\u0259 yaz\u0131lar yax\u0131n g\u00fcnl\u0259rd\u0259 portal\u0131m\u0131zda d\u0259rc olunacaqd\u0131r.<\/p>\n\n\n\n<p>\u00dcmid edirik ki, adl\u0131 siyah\u0131 d\u0259rc edildikd\u0259n sonra <strong>Ab\u015feron rayon \u0130cra v\u0259 probasiya \u015f\u00f6b\u0259sinin<\/strong> <strong>icra m\u0259muru, II d\u0259r\u0259c\u0259li \u018fdliyy\u0259 qulluq\u00e7usu Eltac \u0130sk\u0259nd\u0259rov aprel ay\u0131ndan indiy\u0259 q\u0259d\u0259r m\u0259hk\u0259m\u0259 q\u0259tnam\u0259sini hans\u0131 s\u0259b\u0259bd\u0259n icra etm\u0259diyini m\u0259tbuata a\u00e7\u0131qlaya bil\u0259c\u0259kdir.<\/strong><\/p>\n\n\n\n<p><strong>P.S. \u00dcmid edirik ki, \u018fdliyy\u0259 nazirliyi Qaraba\u011f m\u00fcharib\u0259si veteran\u0131n\u0131n o\u011flu, II qrup \u0259lil v\u0259 \u0259n \u0259sas\u0131 Fedai.az k\u00f6n\u00fcll\u00fcs\u00fc v\u0259 Veteran.az sayt\u0131n\u0131n redaktorunun bu haray\u0131na \u0259m\u0259li cavab ver\u0259c\u0259kdir. M\u0259hk\u0259m\u0259 v\u0259 \u0130cra v\u0259 probasiya \u015f\u00f6b\u0259sinin icra m\u0259murlar\u0131n\u0131n kiml\u0259rins\u0259 sifari\u015fiyl\u0259 \u00f6lk\u0259 qanunlar\u0131na \u0259m\u0259l etm\u0259m\u0259l\u0259ri fakt\u0131 ortadad\u0131r. II qrup \u0259lil \u00f6z haqq\u0131n\u0131 harada aramal\u0131d\u0131r?<\/strong><\/p>\n","protected":false},"excerpt":{"rendered":"<p>Ab\u015feron rayon \u0130cra v\u0259 probasiya \u015f\u00f6b\u0259sinin icra m\u0259muru, II d\u0259r\u0259c\u0259li \u018fdliyy\u0259 qulluq\u00e7usu Eltac \u0130sk\u0259nd\u0259rov icra m\u0259ktubunu t\u0259rtib ed\u0259rk\u0259n m\u00fc\u0259llim i\u015fl\u0259y\u0259n, \u015eu\u015fa \u015f\u0259h\u0259rind\u0259n m\u0259cburi k\u00f6\u00e7k\u00fcn,<\/p>\n","protected":false},"author":2,"featured_media":53936,"comment_status":"closed","ping_status":"closed","sticky":false,"template":"","format":"standard","meta":{"footnotes":""},"categories":[15],"tags":[],"class_list":["post-53934","post","type-post","status-publish","format-standard","has-post-thumbnail","hentry","category-atmaca"],"aioseo_notices":[],"_links":{"self":[{"href":"https:\/\/fedai.az\/index.php?rest_route=\/wp\/v2\/posts\/53934","targetHints":{"allow":["GET"]}}],"collection":[{"href":"https:\/\/fedai.az\/index.php?rest_route=\/wp\/v2\/posts"}],"about":[{"href":"https:\/\/fedai.az\/index.php?rest_route=\/wp\/v2\/types\/post"}],"author":[{"embeddable":true,"href":"https:\/\/fedai.az\/index.php?rest_route=\/wp\/v2\/users\/2"}],"replies":[{"embeddable":true,"href":"https:\/\/fedai.az\/index.php?rest_route=%2Fwp%2Fv2%2Fcomments&post=53934"}],"version-history":[{"count":3,"href":"https:\/\/fedai.az\/index.php?rest_route=\/wp\/v2\/posts\/53934\/revisions"}],"predecessor-version":[{"id":53959,"href":"https:\/\/fedai.az\/index.php?rest_route=\/wp\/v2\/posts\/53934\/revisions\/53959"}],"wp:featuredmedia":[{"embeddable":true,"href":"https:\/\/fedai.az\/index.php?rest_route=\/wp\/v2\/media\/53936"}],"wp:attachment":[{"href":"https:\/\/fedai.az\/index.php?rest_route=%2Fwp%2Fv2%2Fmedia&parent=53934"}],"wp:term":[{"taxonomy":"category","embeddable":true,"href":"https:\/\/fedai.az\/index.php?rest_route=%2Fwp%2Fv2%2Fcategories&post=53934"},{"taxonomy":"post_tag","embeddable":true,"href":"https:\/\/fedai.az\/index.php?rest_route=%2Fwp%2Fv2%2Ftags&post=53934"}],"curies":[{"name":"wp","href":"https:\/\/api.w.org\/{rel}","templated":true}]}}