{"id":53938,"date":"2021-11-15T01:25:12","date_gmt":"2021-11-14T21:25:12","guid":{"rendered":"https:\/\/fedai.az\/?p=53938"},"modified":"2021-11-15T01:25:16","modified_gmt":"2021-11-14T21:25:16","slug":"lavrov-m%c9%99n%c9%99-dedi-ki-erm%c9%99nil%c9%99r-yeddi-rayon-verm%c9%99y%c9%99-hazirlasmirdilar-sergey-markov","status":"publish","type":"post","link":"https:\/\/fedai.az\/?p=53938","title":{"rendered":"\u201cLavrov m\u0259n\u0259 dedi ki, erm\u0259nil\u0259r yeddi rayon verm\u0259y\u0259 haz\u0131rla\u015fm\u0131rd\u0131lar &#8230;\u201d &#8212; SERGEY MARKOV"},"content":{"rendered":"\n<p><strong>&#171;Da\u011f\u0131nt\u0131lara g\u0259linc\u0259, biz \u0259lb\u0259tt\u0259 b\u00fct\u00fcn bunlar\u0131 g\u00f6r\u0259c\u0259yimizi g\u00f6zl\u0259yirdik, \u0259lb\u0259tt\u0259 ki, ac\u0131l\u0131q, \u0259dal\u0259tsizlik, x\u00fcsus\u0259n d\u0259 Qaraba\u011f xanl\u0131\u011f\u0131n\u0131n q\u0259dim paytaxt\u0131 bel\u0259 da\u011f\u0131d\u0131l\u0131b. Bu, \u0259lb\u0259tt\u0259 ki, faci\u0259vi t\u0259s\u0259vv\u00fcrd\u00fcr. Prinsipc\u0259, biz buna haz\u0131r idik, \u00e7\u00fcnki bu yax\u0131nlarda A\u011fdamda ox\u015far\u0131n\u0131 g\u00f6rm\u00fc\u015fd\u00fck\u201d.<\/strong><\/p>\n\n\n\n<p>Bunu Rusiya Siyasi Ara\u015fd\u0131rmalar \u0130nstitunun direktoru Sergey Markov deyib.<\/p>\n\n\n\n<p>Onun s\u00f6zl\u0259rin\u0259 g\u00f6r\u0259, b\u00fct\u00fcn bunlar ya\u015f\u0131ll\u0131qlar aras\u0131nda ail\u0259 q\u0259biristanl\u0131\u011f\u0131 kimi q\u0259bul edilir. \u201cEyni yerd\u0259, bu k\u0259ndl\u0259rd\u0259 uzun \u0259srl\u0259r boyu evl\u0259rd\u0259 30 il \u0259vv\u0259l erm\u0259ni yaraql\u0131lar\u0131n\u0131n \u00f6l\u00fcm qorxusu, etnik t\u0259mizl\u0259m\u0259si qar\u015f\u0131s\u0131nda qa\u00e7ma\u011fa m\u0259cbur olmu\u015f insanlar ya\u015fay\u0131blar\u201d, &#8212; o deyib.<\/p>\n\n\n\n<p><strong>&#171;M\u0259ni \u00e7oxlu sayda beton dir\u0259kl\u0259rin \u00fcz\u0259rind\u0259 tikanl\u0131 m\u0259ftill\u0259r v\u0259 hasarlar heyr\u0259tl\u0259ndirdi. Ax\u0131 b\u00fct\u00fcn bunlar erm\u0259nil\u0259r t\u0259r\u0259find\u0259n h\u0259rbi \u0259m\u0259liyyatlar \u00fc\u00e7\u00fcn haz\u0131rlanm\u0131\u015fd\u0131. Sergey Lavrovun s\u00f6zl\u0259rini xat\u0131rlad\u0131m (Rusiyan\u0131n Xarici \u0130\u015fl\u0259r Nazirliyinin ba\u015f\u00e7\u0131s\u0131 &#8212; red.), hans\u0131 ki, m\u0259n\u0259 \u015f\u0259xs\u0259n dedi ki, Az\u0259rbaycan t\u0259r\u0259fi bu yerl\u0259rd\u0259n ilk fotonu g\u00f6st\u0259r\u0259nd\u0259 anlad\u0131q ki, erm\u0259nil\u0259r bu yeddi rayon verm\u0259y\u0259 haz\u0131rla\u015fm\u0131rd\u0131lar&#187;,<\/strong>\u00a0&#8212; Markov qeyd edib.<\/p>\n\n\n\n<p>M\u0259nb\u0259: Report<\/p>\n","protected":false},"excerpt":{"rendered":"<p>&#171;Da\u011f\u0131nt\u0131lara g\u0259linc\u0259, biz \u0259lb\u0259tt\u0259 b\u00fct\u00fcn bunlar\u0131 g\u00f6r\u0259c\u0259yimizi g\u00f6zl\u0259yirdik, \u0259lb\u0259tt\u0259 ki, ac\u0131l\u0131q, \u0259dal\u0259tsizlik, x\u00fcsus\u0259n d\u0259 Qaraba\u011f xanl\u0131\u011f\u0131n\u0131n q\u0259dim paytaxt\u0131 bel\u0259 da\u011f\u0131d\u0131l\u0131b. Bu, \u0259lb\u0259tt\u0259 ki, faci\u0259vi<\/p>\n","protected":false},"author":2,"featured_media":53939,"comment_status":"closed","ping_status":"closed","sticky":false,"template":"","format":"standard","meta":{"footnotes":""},"categories":[4],"tags":[],"class_list":["post-53938","post","type-post","status-publish","format-standard","has-post-thumbnail","hentry","category-qarabag"],"aioseo_notices":[],"_links":{"self":[{"href":"https:\/\/fedai.az\/index.php?rest_route=\/wp\/v2\/posts\/53938","targetHints":{"allow":["GET"]}}],"collection":[{"href":"https:\/\/fedai.az\/index.php?rest_route=\/wp\/v2\/posts"}],"about":[{"href":"https:\/\/fedai.az\/index.php?rest_route=\/wp\/v2\/types\/post"}],"author":[{"embeddable":true,"href":"https:\/\/fedai.az\/index.php?rest_route=\/wp\/v2\/users\/2"}],"replies":[{"embeddable":true,"href":"https:\/\/fedai.az\/index.php?rest_route=%2Fwp%2Fv2%2Fcomments&post=53938"}],"version-history":[{"count":1,"href":"https:\/\/fedai.az\/index.php?rest_route=\/wp\/v2\/posts\/53938\/revisions"}],"predecessor-version":[{"id":53940,"href":"https:\/\/fedai.az\/index.php?rest_route=\/wp\/v2\/posts\/53938\/revisions\/53940"}],"wp:featuredmedia":[{"embeddable":true,"href":"https:\/\/fedai.az\/index.php?rest_route=\/wp\/v2\/media\/53939"}],"wp:attachment":[{"href":"https:\/\/fedai.az\/index.php?rest_route=%2Fwp%2Fv2%2Fmedia&parent=53938"}],"wp:term":[{"taxonomy":"category","embeddable":true,"href":"https:\/\/fedai.az\/index.php?rest_route=%2Fwp%2Fv2%2Fcategories&post=53938"},{"taxonomy":"post_tag","embeddable":true,"href":"https:\/\/fedai.az\/index.php?rest_route=%2Fwp%2Fv2%2Ftags&post=53938"}],"curies":[{"name":"wp","href":"https:\/\/api.w.org\/{rel}","templated":true}]}}