{"id":53960,"date":"2021-11-15T10:53:49","date_gmt":"2021-11-15T06:53:49","guid":{"rendered":"https:\/\/fedai.az\/?p=53960"},"modified":"2021-11-15T10:53:53","modified_gmt":"2021-11-15T06:53:53","slug":"az%c9%99rbaycan-erm%c9%99nistanla-s%c9%99rh%c9%99dd%c9%99-butun-strateji-movqel%c9%99ri-%c9%99l%c9%99-kecirdi-abrahamyan","status":"publish","type":"post","link":"https:\/\/fedai.az\/?p=53960","title":{"rendered":"Az\u0259rbaycan Erm\u0259nistanla s\u0259rh\u0259dd\u0259 b\u00fct\u00fcn strateji m\u00f6vqel\u0259ri \u0259l\u0259 ke\u00e7irdi&#8230; &#8212; Abrahamyan"},"content":{"rendered":"\n<p><strong>\u201cAz\u0259rbaycan a\u00e7\u0131q \u015f\u0259kild\u0259 b\u0259yan edir ki, s\u0259rh\u0259dl\u0259rin delimitasiyas\u0131\/demarkasiyas\u0131 il\u0259 ba\u011fl\u0131 \u00f6z prioritetl\u0259ri var; bu m\u0259s\u0259l\u0259l\u0259rin h\u0259llind\u0259 laz\u0131m bildiyi kimi h\u0259r\u0259k\u0259t etm\u0259k h\u00fcququnu \u00f6z\u00fcnd\u0259 saxlay\u0131r\u201d.\u00a0<\/strong><\/p>\n\n\n\n<p>EDNews.net\u00a0x\u0259b\u0259r verir ki, bunu\u00a0 Erm\u0259nistan\u0131n terror\u00e7u eks-prezidenti Serjik S\u0259rksiyan\u0131n lideri oldu\u011fu\u00a0 &#171;\u015e\u0259r\u0259f duyuram&#187;\u00a0 blokunun\u00a0 parlament fraksiyas\u0131n\u0131n deputat\u0131 Tiqran Abramyan sosial \u015f\u0259b\u0259k\u0259d\u0259 payla\u015fd\u0131\u011f\u0131\u00a0 postunda yaz\u0131b.<\/p>\n\n\n\n<p>\u00a0\u201cM\u00fcharib\u0259d\u0259n sonrak\u0131 situasiyada Az\u0259rbaycan \u00f6z\u00fcn\u00fcn minimal v\u0259zif\u0259sini &#8212; dem\u0259k olar ki, Erm\u0259nistanla s\u0259rh\u0259dd\u0259ki b\u00fct\u00fcn strateji y\u00fcks\u0259klikl\u0259rd\u0259 m\u00f6vqe tutma\u011f\u0131 h\u0259ll etdi&#8230;<\/p>\n\n\n\n<p>\u00a0\u0130ndiki \u015f\u0259raitd\u0259 Erm\u0259nistan hakimiyy\u0259ti \u00f6lk\u0259mizin \u0259razi b\u00fct\u00f6vl\u00fcy\u00fcn\u00fcn qorunub saxlan\u0131lmas\u0131 v\u0259 b\u0259rpas\u0131 istiqam\u0259tind\u0259 situasiyaya uy\u011fun add\u0131mlar atmaqdansa, reall\u0131\u011f\u0131 gizl\u0259tm\u0259k, c\u0259miyy\u0259ti yalan v\u0259 saxtakarl\u0131qla \u201cqidaland\u0131rmaq\u201d \u00fc\u00e7\u00fcn daha \u00e7ox s\u0259y g\u00f6st\u0259rir\u201d \u2013dey\u0259 erm\u0259ni deputat bildirir.<\/p>\n","protected":false},"excerpt":{"rendered":"<p>\u201cAz\u0259rbaycan a\u00e7\u0131q \u015f\u0259kild\u0259 b\u0259yan edir ki, s\u0259rh\u0259dl\u0259rin delimitasiyas\u0131\/demarkasiyas\u0131 il\u0259 ba\u011fl\u0131 \u00f6z prioritetl\u0259ri var; bu m\u0259s\u0259l\u0259l\u0259rin h\u0259llind\u0259 laz\u0131m bildiyi kimi h\u0259r\u0259k\u0259t etm\u0259k h\u00fcququnu \u00f6z\u00fcnd\u0259 saxlay\u0131r\u201d.\u00a0<\/p>\n","protected":false},"author":2,"featured_media":53961,"comment_status":"closed","ping_status":"closed","sticky":false,"template":"","format":"standard","meta":{"footnotes":""},"categories":[4],"tags":[],"class_list":["post-53960","post","type-post","status-publish","format-standard","has-post-thumbnail","hentry","category-qarabag"],"aioseo_notices":[],"_links":{"self":[{"href":"https:\/\/fedai.az\/index.php?rest_route=\/wp\/v2\/posts\/53960","targetHints":{"allow":["GET"]}}],"collection":[{"href":"https:\/\/fedai.az\/index.php?rest_route=\/wp\/v2\/posts"}],"about":[{"href":"https:\/\/fedai.az\/index.php?rest_route=\/wp\/v2\/types\/post"}],"author":[{"embeddable":true,"href":"https:\/\/fedai.az\/index.php?rest_route=\/wp\/v2\/users\/2"}],"replies":[{"embeddable":true,"href":"https:\/\/fedai.az\/index.php?rest_route=%2Fwp%2Fv2%2Fcomments&post=53960"}],"version-history":[{"count":1,"href":"https:\/\/fedai.az\/index.php?rest_route=\/wp\/v2\/posts\/53960\/revisions"}],"predecessor-version":[{"id":53962,"href":"https:\/\/fedai.az\/index.php?rest_route=\/wp\/v2\/posts\/53960\/revisions\/53962"}],"wp:featuredmedia":[{"embeddable":true,"href":"https:\/\/fedai.az\/index.php?rest_route=\/wp\/v2\/media\/53961"}],"wp:attachment":[{"href":"https:\/\/fedai.az\/index.php?rest_route=%2Fwp%2Fv2%2Fmedia&parent=53960"}],"wp:term":[{"taxonomy":"category","embeddable":true,"href":"https:\/\/fedai.az\/index.php?rest_route=%2Fwp%2Fv2%2Fcategories&post=53960"},{"taxonomy":"post_tag","embeddable":true,"href":"https:\/\/fedai.az\/index.php?rest_route=%2Fwp%2Fv2%2Ftags&post=53960"}],"curies":[{"name":"wp","href":"https:\/\/api.w.org\/{rel}","templated":true}]}}