{"id":53970,"date":"2021-11-15T11:52:26","date_gmt":"2021-11-15T07:52:26","guid":{"rendered":"https:\/\/fedai.az\/?p=53970"},"modified":"2021-11-15T11:52:29","modified_gmt":"2021-11-15T07:52:29","slug":"veteranlar-s%c9%99hidin-anim-m%c9%99rasimind%c9%99-istirak-edibl%c9%99r","status":"publish","type":"post","link":"https:\/\/fedai.az\/?p=53970","title":{"rendered":"Veteranlar \u015f\u0259hidin An\u0131m m\u0259rasimind\u0259 i\u015ftirak edibl\u0259r"},"content":{"rendered":"\n<p><strong>Az\u0259rbaycan V\u0259t\u0259n M\u00fcharib\u0259si Veteranlar\u0131 \u0130ctimai Birliyi (AVMV\u0130B) Xocav\u0259nd v\u0259 Az\u0259rbaycan V\u0259t\u0259n M\u00fcharib\u0259si Veteranlar\u0131 \u0130ctimai Birliyi (AVMV\u0130B) Beyl\u0259qan rayon \u015f\u00f6b\u0259si veteranlar\u0131 \u015f\u0259hidl\u0259rimizl\u0259 ba\u011fl\u0131 silsil\u0259 t\u0259dbirl\u0259ri davam etdiribl\u0259r.<\/strong><\/p>\n\n\n\n<p><br>Az\u0259rbaycan V\u0259t\u0259n M\u00fcharib\u0259si Veteranlar\u0131 \u0130ctimai Birliyi (AVMV\u0130B) s\u0259drinin s\u0259lahiyy\u0259tli n\u00fcmay\u0259nd\u0259si, Xocav\u0259nd rayon \u015f\u00f6b\u0259sinin s\u0259dri Akif H\u0259s\u0259nov v\u0259 Az\u0259rbaycan V\u0259t\u0259n M\u00fcharib\u0259si Veteranlar\u0131 \u0130ctimai Birliyi (AVMV\u0130B) Beyl\u0259qan rayon \u015f\u00f6b\u0259sinin s\u0259dri \u018fl\u00f6vs\u0259t M\u0259mm\u0259dovun r\u0259hb\u0259rliyi il\u0259 m\u00fcharib\u0259 veteranlar\u0131m\u0131z Beyl\u0259qan rayonu \u018fhm\u0259dli k\u0259ndind\u0259 \u015f\u0259hid F\u0259rid G\u00fclo\u011flan o\u011flu V\u0259liyevin An\u0131m t\u0259dbirind\u0259 i\u015ftirak edibl\u0259r.<\/p>\n\n\n\n<figure class=\"wp-block-image size-large\"><img loading=\"lazy\" decoding=\"async\" width=\"1024\" height=\"485\" src=\"https:\/\/fedai.az\/wp-content\/uploads\/2021\/11\/257543613_126703986438314_5516284673839362750_n-1024x485.jpg\" alt=\"\" class=\"wp-image-53971\" srcset=\"https:\/\/fedai.az\/wp-content\/uploads\/2021\/11\/257543613_126703986438314_5516284673839362750_n-1024x485.jpg 1024w, https:\/\/fedai.az\/wp-content\/uploads\/2021\/11\/257543613_126703986438314_5516284673839362750_n-300x142.jpg 300w, https:\/\/fedai.az\/wp-content\/uploads\/2021\/11\/257543613_126703986438314_5516284673839362750_n-150x71.jpg 150w, https:\/\/fedai.az\/wp-content\/uploads\/2021\/11\/257543613_126703986438314_5516284673839362750_n-768x364.jpg 768w, https:\/\/fedai.az\/wp-content\/uploads\/2021\/11\/257543613_126703986438314_5516284673839362750_n.jpg 1032w\" sizes=\"auto, (max-width: 1024px) 100vw, 1024px\" \/><\/figure>\n\n\n\n<p><br>M\u0259rasimd\u0259 Az\u0259rbaycan V\u0259t\u0259n M\u00fcharib\u0259si Veteranlar\u0131 \u0130ctimai Birliyi (AVMV\u0130B) s\u0259drinin s\u0259lahiyy\u0259tli n\u00fcmay\u0259nd\u0259si, Xocav\u0259nd rayon \u015f\u00f6b\u0259sinin s\u0259dri Akif H\u0259s\u0259nov v\u0259 AVMV\u0130B Beyl\u0259qan rayon \u015f\u00f6b\u0259sinin s\u0259dri \u018fl\u00f6vs\u0259t M\u0259mm\u0259dov AVMV\u0130B s\u0259dri F\u00fczuli Rzaquliyevin ad\u0131ndan \u015f\u0259hid ail\u0259sin\u0259 ba\u015fsa\u011fl\u0131\u011f\u0131 verib v\u0259 AVMV\u0130B ad\u0131ndan F\u0259xri f\u0259rman\u0131\u015f\u0259hidin atas\u0131na t\u0259qdim edibl\u0259r.<\/p>\n\n\n\n<p><br>\u015e\u0259hid D\u0130N DQ X\u00fcsusi T\u0259yinatl\u0131s\u0131 F\u0259rid V\u0259liyev C\u0259bray\u0131l rayonunun azad edilm\u0259si u\u011frunda q\u0259hr\u0259manl\u0131qlar g\u00f6st\u0259rmi\u015f v\u0259 \u015eu\u015fan\u0131n azad edilm\u0259si u\u011frunda ged\u0259n d\u00f6y\u00fc\u015fl\u0259rd\u0259 \u015f\u0259hid olmu\u015fdur.<\/p>\n\n\n\n<p>Onun d\u00f6y\u00fc\u015f xidm\u0259tl\u0259ri bir s\u0131ra medallarla t\u0259ltif olunub.<\/p>\n\n\n\n<figure class=\"wp-block-image size-large\"><img loading=\"lazy\" decoding=\"async\" width=\"1024\" height=\"485\" src=\"https:\/\/fedai.az\/wp-content\/uploads\/2021\/11\/257614407_126703923104987_567031316150391285_n-1024x485.jpg\" alt=\"\" class=\"wp-image-53972\" srcset=\"https:\/\/fedai.az\/wp-content\/uploads\/2021\/11\/257614407_126703923104987_567031316150391285_n-1024x485.jpg 1024w, https:\/\/fedai.az\/wp-content\/uploads\/2021\/11\/257614407_126703923104987_567031316150391285_n-300x142.jpg 300w, https:\/\/fedai.az\/wp-content\/uploads\/2021\/11\/257614407_126703923104987_567031316150391285_n-150x71.jpg 150w, https:\/\/fedai.az\/wp-content\/uploads\/2021\/11\/257614407_126703923104987_567031316150391285_n-768x364.jpg 768w, https:\/\/fedai.az\/wp-content\/uploads\/2021\/11\/257614407_126703923104987_567031316150391285_n.jpg 1032w\" sizes=\"auto, (max-width: 1024px) 100vw, 1024px\" \/><\/figure>\n\n\n\n<p><br>An\u0131m m\u0259rasimind\u0259 m\u00fcharib\u0259 veteranlar\u0131 il\u0259 yana\u015f\u0131, Beyl\u0259qan rayon \u0130cra Hakimiyy\u0259tinin Ba\u015f\u00e7\u0131s\u0131 Asif A\u011fayev, \u0130cra Hakimiyy\u0259ti n\u00fcmay\u0259nd\u0259l\u0259ri, \u015f\u0259hidin d\u00f6y\u00fc\u015f dostlar\u0131, k\u0259nd sakinl\u0259ri d\u0259 i\u015ftirak edibl\u0259r.<\/p>\n\n\n\n<p><strong>Allah \u015f\u0259hidl\u0259rimiz\u0259 r\u0259hm\u0259t el\u0259sin!<\/strong><\/p>\n\n\n\n<p><strong><br>El\u00e7in Q\u0259dirov<br>Qaraba\u011f \u00fczr\u0259 m\u00fcxbir, Beyl\u0259qan<\/strong><\/p>\n\n\n\n<figure class=\"wp-block-gallery columns-2 is-cropped wp-block-gallery-1 is-layout-flex wp-block-gallery-is-layout-flex\"><ul class=\"blocks-gallery-grid\"><li class=\"blocks-gallery-item\"><figure><img loading=\"lazy\" decoding=\"async\" width=\"485\" height=\"1024\" src=\"https:\/\/fedai.az\/wp-content\/uploads\/2021\/11\/258130378_126703746438338_5169046676304066186_n-485x1024.jpg\" alt=\"\" data-id=\"53973\" data-link=\"https:\/\/fedai.az\/?attachment_id=53973\" class=\"wp-image-53973\" srcset=\"https:\/\/fedai.az\/wp-content\/uploads\/2021\/11\/258130378_126703746438338_5169046676304066186_n-485x1024.jpg 485w, https:\/\/fedai.az\/wp-content\/uploads\/2021\/11\/258130378_126703746438338_5169046676304066186_n-142x300.jpg 142w, https:\/\/fedai.az\/wp-content\/uploads\/2021\/11\/258130378_126703746438338_5169046676304066186_n-71x150.jpg 71w, https:\/\/fedai.az\/wp-content\/uploads\/2021\/11\/258130378_126703746438338_5169046676304066186_n.jpg 489w\" sizes=\"auto, (max-width: 485px) 100vw, 485px\" \/><\/figure><\/li><li class=\"blocks-gallery-item\"><figure><img loading=\"lazy\" decoding=\"async\" width=\"485\" height=\"1024\" src=\"https:\/\/fedai.az\/wp-content\/uploads\/2021\/11\/258008607_126703829771663_4137436426666699167_n-485x1024.jpg\" alt=\"\" data-id=\"53974\" data-full-url=\"https:\/\/fedai.az\/wp-content\/uploads\/2021\/11\/258008607_126703829771663_4137436426666699167_n.jpg\" data-link=\"https:\/\/fedai.az\/?attachment_id=53974\" class=\"wp-image-53974\" srcset=\"https:\/\/fedai.az\/wp-content\/uploads\/2021\/11\/258008607_126703829771663_4137436426666699167_n-485x1024.jpg 485w, https:\/\/fedai.az\/wp-content\/uploads\/2021\/11\/258008607_126703829771663_4137436426666699167_n-142x300.jpg 142w, https:\/\/fedai.az\/wp-content\/uploads\/2021\/11\/258008607_126703829771663_4137436426666699167_n-71x150.jpg 71w, https:\/\/fedai.az\/wp-content\/uploads\/2021\/11\/258008607_126703829771663_4137436426666699167_n.jpg 489w\" sizes=\"auto, (max-width: 485px) 100vw, 485px\" \/><\/figure><\/li><\/ul><\/figure>\n","protected":false},"excerpt":{"rendered":"<p>Az\u0259rbaycan V\u0259t\u0259n M\u00fcharib\u0259si Veteranlar\u0131 \u0130ctimai Birliyi (AVMV\u0130B) Xocav\u0259nd v\u0259 Az\u0259rbaycan V\u0259t\u0259n M\u00fcharib\u0259si Veteranlar\u0131 \u0130ctimai Birliyi (AVMV\u0130B) Beyl\u0259qan rayon \u015f\u00f6b\u0259si veteranlar\u0131 \u015f\u0259hidl\u0259rimizl\u0259 ba\u011fl\u0131 silsil\u0259 t\u0259dbirl\u0259ri<\/p>\n","protected":false},"author":2,"featured_media":53975,"comment_status":"closed","ping_status":"closed","sticky":false,"template":"","format":"standard","meta":{"footnotes":""},"categories":[5],"tags":[],"class_list":["post-53970","post","type-post","status-publish","format-standard","has-post-thumbnail","hentry","category-veteran"],"aioseo_notices":[],"_links":{"self":[{"href":"https:\/\/fedai.az\/index.php?rest_route=\/wp\/v2\/posts\/53970","targetHints":{"allow":["GET"]}}],"collection":[{"href":"https:\/\/fedai.az\/index.php?rest_route=\/wp\/v2\/posts"}],"about":[{"href":"https:\/\/fedai.az\/index.php?rest_route=\/wp\/v2\/types\/post"}],"author":[{"embeddable":true,"href":"https:\/\/fedai.az\/index.php?rest_route=\/wp\/v2\/users\/2"}],"replies":[{"embeddable":true,"href":"https:\/\/fedai.az\/index.php?rest_route=%2Fwp%2Fv2%2Fcomments&post=53970"}],"version-history":[{"count":1,"href":"https:\/\/fedai.az\/index.php?rest_route=\/wp\/v2\/posts\/53970\/revisions"}],"predecessor-version":[{"id":53976,"href":"https:\/\/fedai.az\/index.php?rest_route=\/wp\/v2\/posts\/53970\/revisions\/53976"}],"wp:featuredmedia":[{"embeddable":true,"href":"https:\/\/fedai.az\/index.php?rest_route=\/wp\/v2\/media\/53975"}],"wp:attachment":[{"href":"https:\/\/fedai.az\/index.php?rest_route=%2Fwp%2Fv2%2Fmedia&parent=53970"}],"wp:term":[{"taxonomy":"category","embeddable":true,"href":"https:\/\/fedai.az\/index.php?rest_route=%2Fwp%2Fv2%2Fcategories&post=53970"},{"taxonomy":"post_tag","embeddable":true,"href":"https:\/\/fedai.az\/index.php?rest_route=%2Fwp%2Fv2%2Ftags&post=53970"}],"curies":[{"name":"wp","href":"https:\/\/api.w.org\/{rel}","templated":true}]}}