{"id":53989,"date":"2021-11-15T17:33:01","date_gmt":"2021-11-15T13:33:01","guid":{"rendered":"https:\/\/fedai.az\/?p=53989"},"modified":"2021-11-15T17:36:36","modified_gmt":"2021-11-15T13:36:36","slug":"pasinyan-bu-mudafi%c9%99-nazirini-d%c9%99-qovdu","status":"publish","type":"post","link":"https:\/\/fedai.az\/?p=53989","title":{"rendered":"Pa\u015finyan bu m\u00fcdafi\u0259 nazirini d\u0259 qovdu"},"content":{"rendered":"\n<p>&nbsp;<strong>Simonyan\u0131n Sputnik-i yaz\u0131r ki, Erm\u0259nistan\u0131n m\u00fcdafi\u0259 naziri Ar\u015fak Karapetyan istefaya g\u00f6nd\u0259rilib. Qeyd olunur ki, Ar\u015fak Karapetyan v\u0259zif\u0259sind\u0259n azad olunub v\u0259 onun yerin\u0259 ba\u015f nazirin m\u00fcavini Suren Papikyan t\u0259yin olunub.<\/strong><\/p>\n\n\n\n<p>Pa\u015finyan faktla ba\u011fl\u0131 Erm\u0259nistan T\u0259hl\u00fck\u0259sizlik \u015euras\u0131n\u0131n iclas\u0131nda \u00e7\u0131x\u0131\u015f\u0131 zaman\u0131 dan\u0131\u015f\u0131b.<\/p>\n\n\n\n<p>O, bildirib ki, Ar\u015fak Karapetyan\u0131n v\u0259zif\u0259sind\u0259n azad olunmas\u0131na s\u0259b\u0259b kimi \u00f6t\u0259n g\u00fcn Az\u0259rbaycanla s\u0259rh\u0259dd\u0259 ba\u015f ver\u0259n hadis\u0259l\u0259r\u0259 g\u00f6r\u0259 bu add\u0131m\u0131 at\u0131b.<\/p>\n","protected":false},"excerpt":{"rendered":"<p>&nbsp;Simonyan\u0131n Sputnik-i yaz\u0131r ki, Erm\u0259nistan\u0131n m\u00fcdafi\u0259 naziri Ar\u015fak Karapetyan istefaya g\u00f6nd\u0259rilib. Qeyd olunur ki, Ar\u015fak Karapetyan v\u0259zif\u0259sind\u0259n azad olunub v\u0259 onun yerin\u0259 ba\u015f nazirin<\/p>\n","protected":false},"author":2,"featured_media":53991,"comment_status":"closed","ping_status":"closed","sticky":false,"template":"","format":"standard","meta":{"footnotes":""},"categories":[1],"tags":[],"class_list":["post-53989","post","type-post","status-publish","format-standard","has-post-thumbnail","hentry","category-siyast"],"aioseo_notices":[],"_links":{"self":[{"href":"https:\/\/fedai.az\/index.php?rest_route=\/wp\/v2\/posts\/53989","targetHints":{"allow":["GET"]}}],"collection":[{"href":"https:\/\/fedai.az\/index.php?rest_route=\/wp\/v2\/posts"}],"about":[{"href":"https:\/\/fedai.az\/index.php?rest_route=\/wp\/v2\/types\/post"}],"author":[{"embeddable":true,"href":"https:\/\/fedai.az\/index.php?rest_route=\/wp\/v2\/users\/2"}],"replies":[{"embeddable":true,"href":"https:\/\/fedai.az\/index.php?rest_route=%2Fwp%2Fv2%2Fcomments&post=53989"}],"version-history":[{"count":2,"href":"https:\/\/fedai.az\/index.php?rest_route=\/wp\/v2\/posts\/53989\/revisions"}],"predecessor-version":[{"id":53992,"href":"https:\/\/fedai.az\/index.php?rest_route=\/wp\/v2\/posts\/53989\/revisions\/53992"}],"wp:featuredmedia":[{"embeddable":true,"href":"https:\/\/fedai.az\/index.php?rest_route=\/wp\/v2\/media\/53991"}],"wp:attachment":[{"href":"https:\/\/fedai.az\/index.php?rest_route=%2Fwp%2Fv2%2Fmedia&parent=53989"}],"wp:term":[{"taxonomy":"category","embeddable":true,"href":"https:\/\/fedai.az\/index.php?rest_route=%2Fwp%2Fv2%2Fcategories&post=53989"},{"taxonomy":"post_tag","embeddable":true,"href":"https:\/\/fedai.az\/index.php?rest_route=%2Fwp%2Fv2%2Ftags&post=53989"}],"curies":[{"name":"wp","href":"https:\/\/api.w.org\/{rel}","templated":true}]}}