{"id":54001,"date":"2021-11-16T00:52:06","date_gmt":"2021-11-15T20:52:06","guid":{"rendered":"https:\/\/fedai.az\/?p=54001"},"modified":"2021-11-16T00:52:10","modified_gmt":"2021-11-15T20:52:10","slug":"prezident-h%c9%99rbi-qulluqcularinin-sosial-mudafi%c9%99sinin-gucl%c9%99ndirilm%c9%99si-t%c9%99dbirl%c9%99ri-bar%c9%99d%c9%99-f%c9%99rmanda-d%c9%99yisiklik-edib","status":"publish","type":"post","link":"https:\/\/fedai.az\/?p=54001","title":{"rendered":"Prezident \u201cH\u0259rbi qulluq\u00e7ular\u0131n\u0131n sosial m\u00fcdafi\u0259sinin g\u00fccl\u0259ndirilm\u0259si t\u0259dbirl\u0259ri bar\u0259d\u0259\u201d f\u0259rmanda d\u0259yi\u015fiklik edib"},"content":{"rendered":"\n<p><strong>Prezident \u0130lham \u018fliyev \u201cAz\u0259rbaycan Respublikas\u0131 Silahl\u0131 Q\u00fcvv\u0259l\u0259rinin h\u0259rbi qulluq\u00e7ular\u0131n\u0131n sosial m\u00fcdafi\u0259sinin g\u00fccl\u0259ndirilm\u0259si t\u0259dbirl\u0259ri bar\u0259d\u0259\u201d f\u0259rmanda d\u0259yi\u015fiklik edib.<\/strong><\/p>\n\n\n\n<p>Hit.az x\u0259b\u0259r verir ki, f\u0259rmana a\u015fa\u011f\u0131dak\u0131 d\u0259yi\u015fiklikl\u0259\u00f6r edilib:<\/p>\n\n\n\n<p>1. Ad\u0131nda v\u0259 1-ci hiss\u0259d\u0259 \u201cAz\u0259rbaycan Respublikas\u0131 Silahl\u0131 Q\u00fcvv\u0259l\u0259rinin\u201d s\u00f6zl\u0259ri \u201cAz\u0259rbaycan Ordusunun\u201d s\u00f6zl\u0259ri il\u0259 \u0259v\u0259z edilsin.<\/p>\n\n\n\n<p>2. Preambulan\u0131n \u00fc\u00e7\u00fcnc\u00fc abzas\u0131nda \u201csilahl\u0131 q\u00fcvv\u0259l\u0259rd\u0259\u201d s\u00f6zl\u0259ri \u201cAz\u0259rbaycan Ordusunda\u201d s\u00f6zl\u0259ri il\u0259 \u0259v\u0259z edilsin.<\/p>\n\n\n\n<p>3. 2-ci hiss\u0259sinin ikinci \u2013 s\u0259kkizinci abzaslar\u0131 a\u015fa\u011f\u0131dak\u0131 redaksiyada verilsin:<\/p>\n\n\n\n<p>\u201cKomissiyan\u0131n s\u0259dri<\/p>\n\n\n\n<p>Az\u0259rbaycan Respublikas\u0131n\u0131n maliyy\u0259 naziri<\/p>\n\n\n\n<p>Komissiyan\u0131n \u00fczvl\u0259ri:<\/p>\n\n\n\n<p>Az\u0259rbaycan Respublikas\u0131 m\u00fcdafi\u0259 nazirinin m\u00fcavini<\/p>\n\n\n\n<p>Az\u0259rbaycan Respublikas\u0131n\u0131n D\u00f6vl\u0259t \u015e\u0259h\u0259rsalma v\u0259 Arxitektura Komit\u0259si s\u0259drinin m\u00fcavini<\/p>\n\n\n\n<p>Az\u0259rbaycan Respublikas\u0131n\u0131n \u0130qtisadiyyat Nazirliyi yan\u0131nda \u018fmlak M\u0259s\u0259l\u0259l\u0259ri D\u00f6vl\u0259t Xidm\u0259ti r\u0259isinin m\u00fcavini<\/p>\n\n\n\n<p>Az\u0259rbaycan Respublikas\u0131 Prezidentinin Administrasiyas\u0131n\u0131n H\u0259rbi m\u0259s\u0259l\u0259l\u0259r \u015f\u00f6b\u0259si m\u00fcdirinin m\u00fcavini.\u201d.<\/p>\n\n\n\n<p>4. A\u015fa\u011f\u0131dak\u0131 m\u0259zmunda 3-1-ci, 3-2-ci v\u0259 3-3-c\u00fc hiss\u0259l\u0259r \u0259lav\u0259 edilsin:<\/p>\n\n\n\n<p>\u201c3-1. M\u00fc\u0259yy\u0259n edilsin ki, bu F\u0259rman\u0131n m\u0259qs\u0259dl\u0259ri \u00fc\u00e7\u00fcn \u201cq\u00fcsursuz xidm\u0259t\u201d m\u00fcdd\u0259ti dedikd\u0259, bu F\u0259rman\u0131n 3-2-ci hiss\u0259sind\u0259 n\u0259z\u0259rd\u0259 tutulan m\u00fcdd\u0259t istisna olmaqla, h\u0259rbi qulluq\u00e7ular\u0131n h\u0259qiqi h\u0259rbi xidm\u0259t m\u00fcdd\u0259ti n\u0259z\u0259rd\u0259 tutulur.<\/p>\n\n\n\n<p>3-2. A\u015fa\u011f\u0131dak\u0131 m\u00fcdd\u0259tl\u0259r h\u0259rbi qulluq\u00e7unun q\u00fcsursuz h\u0259rbi xidm\u0259t m\u00fcdd\u0259tin\u0259 daxil edilmir:<\/p>\n\n\n\n<p>3-2.1. h\u0259rbi r\u00fctb\u0259ni a\u015fa\u011f\u0131 salma intizam t\u0259nbehinin daha \u0259vv\u0259l h\u0259rbi qulluq\u00e7unun \u00fcz\u0259rind\u0259n g\u00f6t\u00fcr\u00fclm\u0259si hallar\u0131 istisna olmaqla, h\u0259min intizam t\u0259nbehi t\u0259tbiq edildiyi g\u00fcnd\u0259n bir il m\u00fcdd\u0259ti;<\/p>\n\n\n\n<p>3-2.2. h\u0259rbi xidm\u0259t \u0259leyhin\u0259 olan inzibati x\u0259ta t\u00f6r\u0259dilm\u0259sin\u0259 g\u00f6r\u0259 \u00e7\u0131xar\u0131lm\u0131\u015f inzibati t\u0259nbeh verm\u0259 haqq\u0131nda q\u0259rar\u0131n icras\u0131n\u0131 bitirdiyi g\u00fcnd\u0259n bir il m\u00fcdd\u0259ti;<\/p>\n\n\n\n<p>3-2.3. m\u0259hkumlu\u011fun oldu\u011fu m\u00fcdd\u0259t.<\/p>\n\n\n\n<p>3-3. Az\u0259rbaycan Ordusunun 20 t\u0259qvim ili v\u0259 daha \u00e7ox xidm\u0259t etmi\u015f h\u0259rbi qulluq\u00e7usu bu F\u0259rman\u0131n 3-2-ci hiss\u0259sind\u0259 n\u0259z\u0259rd\u0259 tutulmu\u015f m\u00fcdd\u0259tl\u0259rd\u0259 bu F\u0259rmana uy\u011fun olaraq d\u00f6vl\u0259t v\u0259saiti hesab\u0131na m\u0259nzill\u0259 t\u0259min edil\u0259 bilm\u0259z.\u201d.<\/p>\n\n\n\n<p>5. 4-c\u00fc hiss\u0259d\u0259 \u201cMaliyy\u0259 Nazirliyi\u201d s\u00f6zl\u0259rind\u0259n sonra \u201cKomissiyan\u0131n katibliyi funksiyalar\u0131n\u0131 h\u0259yata ke\u00e7irsin v\u0259\u201d s\u00f6zl\u0259ri \u0259lav\u0259 edilsin.<\/p>\n","protected":false},"excerpt":{"rendered":"<p>Prezident \u0130lham \u018fliyev \u201cAz\u0259rbaycan Respublikas\u0131 Silahl\u0131 Q\u00fcvv\u0259l\u0259rinin h\u0259rbi qulluq\u00e7ular\u0131n\u0131n sosial m\u00fcdafi\u0259sinin g\u00fccl\u0259ndirilm\u0259si t\u0259dbirl\u0259ri bar\u0259d\u0259\u201d f\u0259rmanda d\u0259yi\u015fiklik edib. Hit.az x\u0259b\u0259r verir ki, f\u0259rmana a\u015fa\u011f\u0131dak\u0131 d\u0259yi\u015fiklikl\u0259\u00f6r<\/p>\n","protected":false},"author":2,"featured_media":54002,"comment_status":"closed","ping_status":"closed","sticky":false,"template":"","format":"standard","meta":{"footnotes":""},"categories":[12],"tags":[],"class_list":["post-54001","post","type-post","status-publish","format-standard","has-post-thumbnail","hentry","category-sosial"],"aioseo_notices":[],"_links":{"self":[{"href":"https:\/\/fedai.az\/index.php?rest_route=\/wp\/v2\/posts\/54001","targetHints":{"allow":["GET"]}}],"collection":[{"href":"https:\/\/fedai.az\/index.php?rest_route=\/wp\/v2\/posts"}],"about":[{"href":"https:\/\/fedai.az\/index.php?rest_route=\/wp\/v2\/types\/post"}],"author":[{"embeddable":true,"href":"https:\/\/fedai.az\/index.php?rest_route=\/wp\/v2\/users\/2"}],"replies":[{"embeddable":true,"href":"https:\/\/fedai.az\/index.php?rest_route=%2Fwp%2Fv2%2Fcomments&post=54001"}],"version-history":[{"count":1,"href":"https:\/\/fedai.az\/index.php?rest_route=\/wp\/v2\/posts\/54001\/revisions"}],"predecessor-version":[{"id":54003,"href":"https:\/\/fedai.az\/index.php?rest_route=\/wp\/v2\/posts\/54001\/revisions\/54003"}],"wp:featuredmedia":[{"embeddable":true,"href":"https:\/\/fedai.az\/index.php?rest_route=\/wp\/v2\/media\/54002"}],"wp:attachment":[{"href":"https:\/\/fedai.az\/index.php?rest_route=%2Fwp%2Fv2%2Fmedia&parent=54001"}],"wp:term":[{"taxonomy":"category","embeddable":true,"href":"https:\/\/fedai.az\/index.php?rest_route=%2Fwp%2Fv2%2Fcategories&post=54001"},{"taxonomy":"post_tag","embeddable":true,"href":"https:\/\/fedai.az\/index.php?rest_route=%2Fwp%2Fv2%2Ftags&post=54001"}],"curies":[{"name":"wp","href":"https:\/\/api.w.org\/{rel}","templated":true}]}}