{"id":54010,"date":"2021-11-16T01:11:34","date_gmt":"2021-11-15T21:11:34","guid":{"rendered":"https:\/\/fedai.az\/?p=54010"},"modified":"2021-11-16T12:55:22","modified_gmt":"2021-11-16T08:55:22","slug":"77-ildir-qurb%c9%99td%c9%99-yasayan-turk-toplumu-axisxa-turkl%c9%99ri","status":"publish","type":"post","link":"https:\/\/fedai.az\/?p=54010","title":{"rendered":"77 \u0130LD\u0130R Q\u00dcRB\u018fTD\u018f YA\u015eAYAN T\u00dcRK TOPLUMU &#8212; Ax\u0131sxa T\u00fcrkl\u0259ri"},"content":{"rendered":"\n<p><strong>Ax\u0131ska T\u00fcrkl\u0259rinin \u00f6z tarixi v\u0259t\u0259nl\u0259rind\u0259n s\u00fcrg\u00fcn edilm\u0259l\u0259rinin 77-ci ild\u00f6n\u00fcm\u00fc T\u00fcrkiy\u0259ni \u201cMilat\u201d q\u0259zetind\u0259 (milatgazetesi.com) d\u0259 geni\u015f&nbsp;i\u015f\u0131qland\u0131r\u0131l\u0131b.<\/strong><\/p>\n\n\n\n<p><strong>Qafqaz.media&nbsp;<\/strong>x\u0259b\u0259r verir ki, m\u00fc\u0259llif m\u0259qal\u0259sind\u0259 77 il \u0259vv\u0259l \u2013 14 noyabr 1944-c\u00fc ild\u0259 Sovetl\u0259r Birliyinini r\u0259hb\u0259ri Stalinin g\u00f6st\u0259ri\u015fi il\u0259 v\u0259t\u0259nl\u0259rind\u0259n zorla deportasiya edil\u0259n Ax\u0131sxa T\u00fcrkl\u0259rinin a\u011fr\u0131-ac\u0131lara, v\u0259t\u0259n h\u0259sr\u0259tin\u0259 baxmayaraq, b\u00fct\u00fcn \u00e7\u0259tinlikl\u0259r\u0259 sin\u0259 g\u0259r\u0259r\u0259k h\u0259yatda qald\u0131qlar\u0131n\u0131 bildirir.<\/p>\n\n\n\n<p>Yaz\u0131da&nbsp;<strong>D\u00fcnya Ah\u0131ska T\u00fcrkl\u0259ri Birliyinin (DAT\u00dcB) s\u0259dri Ziy\u0259ddin Kassanovun&nbsp;<\/strong>fikirl\u0259rin\u0259 d\u0259 yer verilir: \u201cS\u00fcrg\u00fcn yolu il\u0259 m\u0259hv edilm\u0259y\u0259 \u00e7al\u0131\u015f\u0131lan Ax\u0131sxa T\u00fcrkl\u0259ri b\u00fct\u00fcn \u00e7\u0259tinlikl\u0259ri a\u015fm\u0131\u015f, birlik v\u0259 h\u0259mr\u0259ylikl\u0259rini t\u0259min ed\u0259r\u0259k, \u0259z\u0259m\u0259tli bir xalq olmu\u015fdur. 77 il milli kimliyini, m\u0259d\u0259niyy\u0259tini, dilini, dinini unutmadan bu d\u0259y\u0259rl\u0259rl\u0259 ya\u015fay\u0131b. Onlar ya\u015fad\u0131qlar\u0131 \u00f6lk\u0259l\u0259rd\u0259 yerli xalqla qarda\u015fcas\u0131na ya\u015fayan, \u00f6lk\u0259l\u0259rin\u0259 iqtisadi t\u00f6hf\u0259 ver\u0259n, eyni zamanda z\u0259hm\u0259tke\u015f bir xalqa \u00e7evrilibl\u0259r. DAT\u00dcB olaraq v\u0259t\u0259nimiz Ax\u0131sxaya d\u00f6nm\u0259k ist\u0259y\u0259n mill\u0259timizin h\u00fcquqlar\u0131n\u0131n b\u0259rpas\u0131, yerl\u0259\u015fdiyi \u00f6lk\u0259l\u0259rd\u0259ki probleml\u0259rinin h\u0259lli v\u0259 daha g\u00f6z\u0259l sabahlar \u00fc\u00e7\u00fcn f\u0259aliyy\u0259t g\u00f6st\u0259rm\u0259k \u0259n m\u00fch\u00fcm prinsipl\u0259rimiz olacaq. Bu hissl\u0259rl\u0259 76 il \u0259vv\u0259l s\u00fcrg\u00fcnd\u0259 h\u0259yat\u0131n\u0131 itir\u0259n \u015f\u0259hidl\u0259rimiz\u0259 Allahdan r\u0259hm\u0259t dil\u0259yir\u0259m. Ruhlar\u0131 \u015fad, m\u0259kanlar\u0131 c\u0259nn\u0259t olsun. Allah mill\u0259timiz\u0259 bir daha bel\u0259 \u0259zab-\u0259ziyy\u0259t ya\u015fatmas\u0131n\u201d.<\/p>\n\n\n\n<figure class=\"wp-block-gallery columns-2 is-cropped wp-block-gallery-1 is-layout-flex wp-block-gallery-is-layout-flex\"><ul class=\"blocks-gallery-grid\"><li class=\"blocks-gallery-item\"><figure><img loading=\"lazy\" decoding=\"async\" width=\"564\" height=\"354\" src=\"https:\/\/fedai.az\/wp-content\/uploads\/2021\/11\/kassanov1.jpg\" alt=\"\" data-id=\"54011\" data-link=\"https:\/\/fedai.az\/?attachment_id=54011\" class=\"wp-image-54011\" srcset=\"https:\/\/fedai.az\/wp-content\/uploads\/2021\/11\/kassanov1.jpg 564w, https:\/\/fedai.az\/wp-content\/uploads\/2021\/11\/kassanov1-300x188.jpg 300w, https:\/\/fedai.az\/wp-content\/uploads\/2021\/11\/kassanov1-150x94.jpg 150w, https:\/\/fedai.az\/wp-content\/uploads\/2021\/11\/kassanov1-115x73.jpg 115w\" sizes=\"auto, (max-width: 564px) 100vw, 564px\" \/><\/figure><\/li><li class=\"blocks-gallery-item\"><figure><img loading=\"lazy\" decoding=\"async\" width=\"396\" height=\"284\" src=\"https:\/\/fedai.az\/wp-content\/uploads\/2021\/11\/Fuat-Ucar.jpg\" alt=\"\" data-id=\"54012\" data-full-url=\"https:\/\/fedai.az\/wp-content\/uploads\/2021\/11\/Fuat-Ucar.jpg\" data-link=\"https:\/\/fedai.az\/?attachment_id=54012\" class=\"wp-image-54012\" srcset=\"https:\/\/fedai.az\/wp-content\/uploads\/2021\/11\/Fuat-Ucar.jpg 396w, https:\/\/fedai.az\/wp-content\/uploads\/2021\/11\/Fuat-Ucar-300x215.jpg 300w, https:\/\/fedai.az\/wp-content\/uploads\/2021\/11\/Fuat-Ucar-150x108.jpg 150w\" sizes=\"auto, (max-width: 396px) 100vw, 396px\" \/><\/figure><\/li><\/ul><\/figure>\n\n\n\n<p><strong>D\u00fcnya Ah\u0131ska T\u00fcrkl\u0259ri Birliyinin (DATUB) Ba\u015f katibi Fuat U\u00e7ar<\/strong>&nbsp;is\u0259 Ax\u0131sxa T\u00fcrkl\u0259rinin s\u00fcrg\u00fcnl\u0259rinin 77-ci ilind\u0259 sa\u011f qalma\u011f\u0131 bacard\u0131\u011f\u0131n\u0131 ifad\u0259 ed\u0259r\u0259k, \u201cBu g\u00fcn DAT\u00dcB \u0259traf\u0131nda birl\u0259\u015f\u0259n Ax\u0131sxa T\u00fcrkl\u0259ri, k\u00f6\u00e7 v\u0259 s\u00fcrg\u00fcnl\u0259r\u0259, v\u0259t\u0259nd\u0259n uzaq qalmalar\u0131na baxmayaraq, doqquz \u00f6lk\u0259d\u0259 varl\u0131qlar\u0131n\u0131 davam etdirirl\u0259r. 1994-c\u00fc ilin s\u00fcrg\u00fcn\u00fcnd\u0259n bu yana ayaqlar\u0131 \u00fcst\u00fcnd\u0259 durma\u011f\u0131 bacaran Ax\u0131sxa T\u00fcrkl\u0259ri bir toplum olaraq ya\u015fad\u0131qlar\u0131 \u00f6lk\u0259l\u0259r\u0259 s\u0259daq\u0259tl\u0259ri il\u0259 n\u00fcmun\u0259 g\u00f6st\u0259rilir&#187;<strong>,<\/strong>&nbsp;&#8212; deyib.<\/p>\n\n\n\n<p><strong>M\u0259qal\u0259d\u0259 daha sonra Ah\u0131ska T\u00fcrkl\u0259rinin s\u00fcrg\u00fcn zaman\u0131 ba\u015f\u0131na g\u0259tiril\u0259n faci\u0259l\u0259r xat\u0131rlad\u0131l\u0131r.<\/strong><\/p>\n","protected":false},"excerpt":{"rendered":"<p>Ax\u0131ska T\u00fcrkl\u0259rinin \u00f6z tarixi v\u0259t\u0259nl\u0259rind\u0259n s\u00fcrg\u00fcn edilm\u0259l\u0259rinin 77-ci ild\u00f6n\u00fcm\u00fc T\u00fcrkiy\u0259ni \u201cMilat\u201d q\u0259zetind\u0259 (milatgazetesi.com) d\u0259 geni\u015f&nbsp;i\u015f\u0131qland\u0131r\u0131l\u0131b. Qafqaz.media&nbsp;x\u0259b\u0259r verir ki, m\u00fc\u0259llif m\u0259qal\u0259sind\u0259 77 il \u0259vv\u0259l \u2013<\/p>\n","protected":false},"author":2,"featured_media":54013,"comment_status":"closed","ping_status":"closed","sticky":false,"template":"","format":"standard","meta":{"footnotes":""},"categories":[1],"tags":[],"class_list":["post-54010","post","type-post","status-publish","format-standard","has-post-thumbnail","hentry","category-siyast"],"aioseo_notices":[],"_links":{"self":[{"href":"https:\/\/fedai.az\/index.php?rest_route=\/wp\/v2\/posts\/54010","targetHints":{"allow":["GET"]}}],"collection":[{"href":"https:\/\/fedai.az\/index.php?rest_route=\/wp\/v2\/posts"}],"about":[{"href":"https:\/\/fedai.az\/index.php?rest_route=\/wp\/v2\/types\/post"}],"author":[{"embeddable":true,"href":"https:\/\/fedai.az\/index.php?rest_route=\/wp\/v2\/users\/2"}],"replies":[{"embeddable":true,"href":"https:\/\/fedai.az\/index.php?rest_route=%2Fwp%2Fv2%2Fcomments&post=54010"}],"version-history":[{"count":2,"href":"https:\/\/fedai.az\/index.php?rest_route=\/wp\/v2\/posts\/54010\/revisions"}],"predecessor-version":[{"id":54071,"href":"https:\/\/fedai.az\/index.php?rest_route=\/wp\/v2\/posts\/54010\/revisions\/54071"}],"wp:featuredmedia":[{"embeddable":true,"href":"https:\/\/fedai.az\/index.php?rest_route=\/wp\/v2\/media\/54013"}],"wp:attachment":[{"href":"https:\/\/fedai.az\/index.php?rest_route=%2Fwp%2Fv2%2Fmedia&parent=54010"}],"wp:term":[{"taxonomy":"category","embeddable":true,"href":"https:\/\/fedai.az\/index.php?rest_route=%2Fwp%2Fv2%2Fcategories&post=54010"},{"taxonomy":"post_tag","embeddable":true,"href":"https:\/\/fedai.az\/index.php?rest_route=%2Fwp%2Fv2%2Ftags&post=54010"}],"curies":[{"name":"wp","href":"https:\/\/api.w.org\/{rel}","templated":true}]}}