{"id":54018,"date":"2021-11-16T01:17:10","date_gmt":"2021-11-15T21:17:10","guid":{"rendered":"https:\/\/fedai.az\/?p=54018"},"modified":"2021-11-16T01:17:12","modified_gmt":"2021-11-15T21:17:12","slug":"putin-v%c9%99-makron-qarabagi-muzakir%c9%99-etdil%c9%99r","status":"publish","type":"post","link":"https:\/\/fedai.az\/?p=54018","title":{"rendered":"Putin v\u0259 Makron Qaraba\u011f\u0131 m\u00fczakir\u0259 etdil\u0259r"},"content":{"rendered":"\n<p><strong>Rusiya prezidenti Vladimir Putin v\u0259 Fransa prezidenti Emmanuel Makron aras\u0131nda telefon dan\u0131\u015f\u0131\u011f\u0131 ba\u015f tutub.<\/strong><\/p>\n\n\n\n<p>Bu bar\u0259d\u0259 Kremlin m\u0259tbuat xidm\u0259ti m\u0259lumat yay\u0131b.<\/p>\n\n\n\n<p>S\u00f6hb\u0259t zaman\u0131 Qaraba\u011f v\u0259 b\u00fct\u00f6vl\u00fckd\u0259 b\u00f6lg\u0259d\u0259 c\u0259r\u0259yan ed\u0259n son prosesl\u0259r \u0259traf\u0131nda fikir m\u00fcbadil\u0259si apar\u0131l\u0131b.<\/p>\n\n\n\n<p>Putin Rusiyan\u0131n bundan sonra da regionda v\u0259ziyy\u0259tin sabitl\u0259\u015fm\u0259si v\u0259 \u00fc\u00e7t\u0259r\u0259f\u0259li raz\u0131la\u015fmalar\u0131n ard\u0131c\u0131l \u015f\u0259kild\u0259 yerin\u0259 yetirilm\u0259si \u00fc\u00e7\u00fcn add\u0131mlar ataca\u011f\u0131n\u0131 qeyd edib.<\/p>\n","protected":false},"excerpt":{"rendered":"<p>Rusiya prezidenti Vladimir Putin v\u0259 Fransa prezidenti Emmanuel Makron aras\u0131nda telefon dan\u0131\u015f\u0131\u011f\u0131 ba\u015f tutub. Bu bar\u0259d\u0259 Kremlin m\u0259tbuat xidm\u0259ti m\u0259lumat yay\u0131b. S\u00f6hb\u0259t zaman\u0131 Qaraba\u011f<\/p>\n","protected":false},"author":2,"featured_media":54019,"comment_status":"closed","ping_status":"closed","sticky":false,"template":"","format":"standard","meta":{"footnotes":""},"categories":[4],"tags":[],"class_list":["post-54018","post","type-post","status-publish","format-standard","has-post-thumbnail","hentry","category-qarabag"],"aioseo_notices":[],"_links":{"self":[{"href":"https:\/\/fedai.az\/index.php?rest_route=\/wp\/v2\/posts\/54018","targetHints":{"allow":["GET"]}}],"collection":[{"href":"https:\/\/fedai.az\/index.php?rest_route=\/wp\/v2\/posts"}],"about":[{"href":"https:\/\/fedai.az\/index.php?rest_route=\/wp\/v2\/types\/post"}],"author":[{"embeddable":true,"href":"https:\/\/fedai.az\/index.php?rest_route=\/wp\/v2\/users\/2"}],"replies":[{"embeddable":true,"href":"https:\/\/fedai.az\/index.php?rest_route=%2Fwp%2Fv2%2Fcomments&post=54018"}],"version-history":[{"count":1,"href":"https:\/\/fedai.az\/index.php?rest_route=\/wp\/v2\/posts\/54018\/revisions"}],"predecessor-version":[{"id":54020,"href":"https:\/\/fedai.az\/index.php?rest_route=\/wp\/v2\/posts\/54018\/revisions\/54020"}],"wp:featuredmedia":[{"embeddable":true,"href":"https:\/\/fedai.az\/index.php?rest_route=\/wp\/v2\/media\/54019"}],"wp:attachment":[{"href":"https:\/\/fedai.az\/index.php?rest_route=%2Fwp%2Fv2%2Fmedia&parent=54018"}],"wp:term":[{"taxonomy":"category","embeddable":true,"href":"https:\/\/fedai.az\/index.php?rest_route=%2Fwp%2Fv2%2Fcategories&post=54018"},{"taxonomy":"post_tag","embeddable":true,"href":"https:\/\/fedai.az\/index.php?rest_route=%2Fwp%2Fv2%2Ftags&post=54018"}],"curies":[{"name":"wp","href":"https:\/\/api.w.org\/{rel}","templated":true}]}}