{"id":54025,"date":"2021-11-16T01:26:32","date_gmt":"2021-11-15T21:26:32","guid":{"rendered":"https:\/\/fedai.az\/?p=54025"},"modified":"2021-11-16T01:26:35","modified_gmt":"2021-11-15T21:26:35","slug":"r%c9%99isi-v%c9%99-cavusoglu-az%c9%99rbaycanla-munasib%c9%99tl%c9%99rd%c9%99n-danisdi","status":"publish","type":"post","link":"https:\/\/fedai.az\/?p=54025","title":{"rendered":"R\u0259isi v\u0259 \u00c7avu\u015fo\u011flu Az\u0259rbaycanla m\u00fcnasib\u0259tl\u0259rd\u0259n dan\u0131\u015fd\u0131"},"content":{"rendered":"\n<p><strong>X\u0259b\u0259r verdiyimiz kimi, \u0130ran Prezidenti \u0130brahim R\u0259isi T\u00fcrkiy\u0259nin xarici i\u015fl\u0259r naziri M\u00f6vlud \u00c7avu\u015fo\u011flunu q\u0259bul edib.<\/strong><\/p>\n\n\n\n<p><br>&#171;Qafqazinfo\u201d &#171;Mehr\u201d agentliyin\u0259 istinad\u0259n x\u0259b\u0259r verir ki, \u0130.R\u0259isi \u0130ran v\u0259 T\u00fcrkiy\u0259 aras\u0131ndak\u0131 s\u0131x \u0259laq\u0259l\u0259rin regionda s\u00fclh v\u0259 sabitliy\u0259 t\u00f6hf\u0259 ver\u0259c\u0259yini deyib.<\/p>\n\n\n\n<p><br>\u0130ran Prezidenti \u0259lav\u0259 edib ki, iki d\u00f6vl\u0259t \u0259laq\u0259l\u0259ri inki\u015faf etdirm\u0259k \u00fc\u00e7\u00fcn yol x\u0259rit\u0259sini yekunla\u015fd\u0131rmal\u0131d\u0131r:<\/p>\n\n\n\n<p>&#171;Bizim yax\u0131n m\u00fcnasib\u0259tl\u0259rimiz regionda s\u00fclh v\u0259 sabitliyin xeyrin\u0259dir. \u0130ki \u00f6lk\u0259 aras\u0131nda regional \u0259m\u0259kda\u015fl\u0131q beyn\u0259lxalq \u0259m\u0259kda\u015fl\u0131\u011fa \u00e7evrilm\u0259lidir v\u0259 bu c\u00fcr qar\u015f\u0131l\u0131ql\u0131 \u0259laq\u0259 qlobal probleml\u0259r\u0259 effektiv t\u0259sir ed\u0259r. H\u0259r iki \u00f6lk\u0259nin m\u00f6vqeyi m\u00fch\u00fcmd\u00fcr\u201d.<\/p>\n\n\n\n<p><br>O, T\u00fcrkiy\u0259 xarici i\u015fl\u0259r naziri il\u0259 C\u0259nubi Qafqaz regionunda sabitliyin yarad\u0131lmas\u0131 v\u0259 ticar\u0259t \u0259laq\u0259l\u0259rinin inki\u015faf\u0131 \u00fc\u00e7\u00fcn \u0130ranla m\u00fc\u015ft\u0259r\u0259k \u0259m\u0259kda\u015fl\u0131qdan dan\u0131\u015f\u0131b:<\/p>\n\n\n\n<p><br>&#171;\u0130ran\u0131n Az\u0259rbaycan v\u0259 T\u00fcrkiy\u0259 il\u0259 d\u0259rin v\u0259 uzunm\u00fcdd\u0259tli dini v\u0259 m\u0259d\u0259ni \u0259laq\u0259l\u0259ri var. Biz \u0259cn\u0259bil\u0259rin b\u0259zi h\u0259r\u0259k\u0259tl\u0259rinin m\u00fcnasib\u0259tl\u0259r\u0259 x\u0259l\u0259l g\u0259tirm\u0259sin\u0259 imkan verm\u0259m\u0259liyik\u201d.<\/p>\n\n\n\n<p>T\u00fcrkiy\u0259nin xarici i\u015fl\u0259r naziri M\u00f6vlud \u00c7avu\u015fo\u011flu da \u00f6z n\u00f6vb\u0259sind\u0259 \u00f6lk\u0259sinin \u0130ranla \u0259laq\u0259l\u0259rini geni\u015fl\u0259ndirm\u0259y\u0259 \u00e7al\u0131\u015fd\u0131\u011f\u0131n\u0131 vur\u011fulay\u0131b:<br>&#171;T\u00fcrkiy\u0259 \u0130ran\u0131n yeni h\u00f6kum\u0259tini n\u0259tic\u0259y\u00f6n\u00fcml\u00fc h\u00f6kum\u0259t hesab edir v\u0259 Tehranla \u0259m\u0259kda\u015fl\u0131q s\u0259viyy\u0259sini m\u00fcmk\u00fcn q\u0259d\u0259r art\u0131rmaq \u0259zmind\u0259dir&#187;.<\/p>\n\n\n\n<p><br>T\u00fcrkiy\u0259nin xarici i\u015fl\u0259r naziri C\u0259nubi Qafqazda sabitlik v\u0259 ticar\u0259tin inki\u015faf\u0131nda \u0130ran\u0131n \u0259m\u0259kda\u015fl\u0131\u011f\u0131 v\u0259 i\u015ftirak\u0131n\u0131n \u0259h\u0259miyy\u0259tin\u0259 toxunaraq deyib:<\/p>\n\n\n\n<p><br>&#171;Biz C\u0259nubi Qafqazda sabitlik v\u0259 ticar\u0259t \u0259laq\u0259l\u0259rini art\u0131rmaq \u00fc\u00e7\u00fcn \u0130ranla ikit\u0259r\u0259fli \u0259m\u0259kda\u015fl\u0131q qurmaq v\u0259 g\u00fccl\u0259ndirm\u0259k ist\u0259yirik\u201d.<\/p>\n\n\n\n<p><br>O, regionda ba\u015f ver\u0259n prosesl\u0259r\u0259 d\u0259 toxunaraq, terrorizml\u0259 m\u00fcbariz\u0259d\u0259, regionda sabitlik v\u0259 s\u00fclh\u00fcn b\u0259rq\u0259rar olunmas\u0131nda \u0130ranla \u0259m\u0259kda\u015fl\u0131q etm\u0259y\u0259 \u00e7a\u011f\u0131r\u0131b.<\/p>\n","protected":false},"excerpt":{"rendered":"<p>X\u0259b\u0259r verdiyimiz kimi, \u0130ran Prezidenti \u0130brahim R\u0259isi T\u00fcrkiy\u0259nin xarici i\u015fl\u0259r naziri M\u00f6vlud \u00c7avu\u015fo\u011flunu q\u0259bul edib. &#171;Qafqazinfo\u201d &#171;Mehr\u201d agentliyin\u0259 istinad\u0259n x\u0259b\u0259r verir ki, \u0130.R\u0259isi \u0130ran<\/p>\n","protected":false},"author":2,"featured_media":54026,"comment_status":"closed","ping_status":"closed","sticky":false,"template":"","format":"standard","meta":{"footnotes":""},"categories":[1],"tags":[],"class_list":["post-54025","post","type-post","status-publish","format-standard","has-post-thumbnail","hentry","category-siyast"],"aioseo_notices":[],"_links":{"self":[{"href":"https:\/\/fedai.az\/index.php?rest_route=\/wp\/v2\/posts\/54025","targetHints":{"allow":["GET"]}}],"collection":[{"href":"https:\/\/fedai.az\/index.php?rest_route=\/wp\/v2\/posts"}],"about":[{"href":"https:\/\/fedai.az\/index.php?rest_route=\/wp\/v2\/types\/post"}],"author":[{"embeddable":true,"href":"https:\/\/fedai.az\/index.php?rest_route=\/wp\/v2\/users\/2"}],"replies":[{"embeddable":true,"href":"https:\/\/fedai.az\/index.php?rest_route=%2Fwp%2Fv2%2Fcomments&post=54025"}],"version-history":[{"count":1,"href":"https:\/\/fedai.az\/index.php?rest_route=\/wp\/v2\/posts\/54025\/revisions"}],"predecessor-version":[{"id":54027,"href":"https:\/\/fedai.az\/index.php?rest_route=\/wp\/v2\/posts\/54025\/revisions\/54027"}],"wp:featuredmedia":[{"embeddable":true,"href":"https:\/\/fedai.az\/index.php?rest_route=\/wp\/v2\/media\/54026"}],"wp:attachment":[{"href":"https:\/\/fedai.az\/index.php?rest_route=%2Fwp%2Fv2%2Fmedia&parent=54025"}],"wp:term":[{"taxonomy":"category","embeddable":true,"href":"https:\/\/fedai.az\/index.php?rest_route=%2Fwp%2Fv2%2Fcategories&post=54025"},{"taxonomy":"post_tag","embeddable":true,"href":"https:\/\/fedai.az\/index.php?rest_route=%2Fwp%2Fv2%2Ftags&post=54025"}],"curies":[{"name":"wp","href":"https:\/\/api.w.org\/{rel}","templated":true}]}}