{"id":54031,"date":"2021-11-16T01:36:45","date_gmt":"2021-11-15T21:36:45","guid":{"rendered":"https:\/\/fedai.az\/?p=54031"},"modified":"2021-11-16T17:01:11","modified_gmt":"2021-11-16T13:01:11","slug":"gorus-qafan-yolundan-yeni-goruntul%c9%99r","status":"publish","type":"post","link":"https:\/\/fedai.az\/?p=54031","title":{"rendered":"Gorus-Qafan yolundan yeni g\u00f6r\u00fcnt\u00fcl\u0259r"},"content":{"rendered":"\n<p><strong>X\u0259b\u0259r verdiyimiz kimi, Gorus-Qafan yolunun Qubadl\u0131 \u0259razisind\u0259 Az\u0259rbaycan postlar\u0131 qurulub.<\/strong><\/p>\n\n\n\n<p>REAL TV Gorus-Qafan yolunun Az\u0259rbaycan\u0131n Qubadl\u0131 rayonunun Eyvazl\u0131 k\u0259ndind\u0259n ke\u00e7\u0259n hiss\u0259sind\u0259n s\u00fcjet haz\u0131rlay\u0131b.<\/p>\n\n\n\n<p><br>Gorus-Qafan yolu aras\u0131nda h\u0259r\u0259k\u0259t ed\u0259n b\u00fct\u00fcn avtomobill\u0259r m\u0259hz Az\u0259rbaycan\u0131n h\u00fcquq-m\u00fchafiz\u0259 orqanlar\u0131n\u0131n, el\u0259c\u0259 d\u0259, s\u0259rh\u0259d xidm\u0259tinin n\u0259zar\u0259tind\u0259n ke\u00e7m\u0259kl\u0259 bu yolla h\u0259r\u0259k\u0259t ed\u0259 bilir.<\/p>\n\n\n\n<p><br>\u0130randan ola s\u00fcr\u00fcc\u00fcl\u0259rin Gorus-Qafan yolundan istifad\u0259 ed\u0259rk\u0259n Az\u0259rbaycan n\u0259zar\u0259t-burax\u0131l\u0131\u015f m\u0259nt\u0259q\u0259sind\u0259 yoxlan\u0131\u015fdan ke\u00e7irl\u0259r.<\/p>\n\n\n\n<p><br>\u0130randan \u0130r\u0259vana ged\u0259n iranl\u0131 s\u00fcr\u00fcc\u00fcl\u0259r Az\u0259rbaycan n\u0259zar\u0259t burax\u0131l\u0131\u015f m\u0259nt\u0259q\u0259sind\u0259n raz\u0131l\u0131\u011f\u0131n\u0131 bildirib.\u00a0\u00a0<\/p>\n\n\n\n<p><br>Daha \u0259trafl\u0131 s\u00fcjetd\u0259:<\/p>\n\n\n\n<figure class=\"wp-block-embed is-type-video is-provider-youtube wp-block-embed-youtube wp-embed-aspect-16-9 wp-has-aspect-ratio\"><div class=\"wp-block-embed__wrapper\">\n<iframe loading=\"lazy\" title=\"Gorus-Qafan yolunun Qubadl\u0131 \u0259razisind\u0259 Az\u0259rbaycan postlar\u0131 quruldu\" width=\"715\" height=\"402\" src=\"https:\/\/www.youtube.com\/embed\/88Dh_1IyOCM?feature=oembed\" frameborder=\"0\" allow=\"accelerometer; autoplay; clipboard-write; encrypted-media; gyroscope; picture-in-picture\" allowfullscreen><\/iframe>\n<\/div><\/figure>\n","protected":false},"excerpt":{"rendered":"<p>X\u0259b\u0259r verdiyimiz kimi, Gorus-Qafan yolunun Qubadl\u0131 \u0259razisind\u0259 Az\u0259rbaycan postlar\u0131 qurulub. REAL TV Gorus-Qafan yolunun Az\u0259rbaycan\u0131n Qubadl\u0131 rayonunun Eyvazl\u0131 k\u0259ndind\u0259n ke\u00e7\u0259n hiss\u0259sind\u0259n s\u00fcjet haz\u0131rlay\u0131b. Gorus-Qafan<\/p>\n","protected":false},"author":2,"featured_media":54032,"comment_status":"closed","ping_status":"closed","sticky":false,"template":"","format":"standard","meta":{"footnotes":""},"categories":[4],"tags":[],"class_list":["post-54031","post","type-post","status-publish","format-standard","has-post-thumbnail","hentry","category-qarabag"],"aioseo_notices":[],"_links":{"self":[{"href":"https:\/\/fedai.az\/index.php?rest_route=\/wp\/v2\/posts\/54031","targetHints":{"allow":["GET"]}}],"collection":[{"href":"https:\/\/fedai.az\/index.php?rest_route=\/wp\/v2\/posts"}],"about":[{"href":"https:\/\/fedai.az\/index.php?rest_route=\/wp\/v2\/types\/post"}],"author":[{"embeddable":true,"href":"https:\/\/fedai.az\/index.php?rest_route=\/wp\/v2\/users\/2"}],"replies":[{"embeddable":true,"href":"https:\/\/fedai.az\/index.php?rest_route=%2Fwp%2Fv2%2Fcomments&post=54031"}],"version-history":[{"count":2,"href":"https:\/\/fedai.az\/index.php?rest_route=\/wp\/v2\/posts\/54031\/revisions"}],"predecessor-version":[{"id":54099,"href":"https:\/\/fedai.az\/index.php?rest_route=\/wp\/v2\/posts\/54031\/revisions\/54099"}],"wp:featuredmedia":[{"embeddable":true,"href":"https:\/\/fedai.az\/index.php?rest_route=\/wp\/v2\/media\/54032"}],"wp:attachment":[{"href":"https:\/\/fedai.az\/index.php?rest_route=%2Fwp%2Fv2%2Fmedia&parent=54031"}],"wp:term":[{"taxonomy":"category","embeddable":true,"href":"https:\/\/fedai.az\/index.php?rest_route=%2Fwp%2Fv2%2Fcategories&post=54031"},{"taxonomy":"post_tag","embeddable":true,"href":"https:\/\/fedai.az\/index.php?rest_route=%2Fwp%2Fv2%2Ftags&post=54031"}],"curies":[{"name":"wp","href":"https:\/\/api.w.org\/{rel}","templated":true}]}}