{"id":54037,"date":"2021-11-16T01:47:21","date_gmt":"2021-11-15T21:47:21","guid":{"rendered":"https:\/\/fedai.az\/?p=54037"},"modified":"2021-11-16T01:51:20","modified_gmt":"2021-11-15T21:51:20","slug":"din-mina-partlayisinda-ol%c9%99n-var","status":"publish","type":"post","link":"https:\/\/fedai.az\/?p=54037","title":{"rendered":"D\u0130N: Mina partlay\u0131\u015f\u0131nda \u00f6l\u0259n var"},"content":{"rendered":"\n<p><strong>A\u011fdam sakini minaya d\u00fc\u015f\u0259r\u0259k h\u0259lak olub.<\/strong><\/p>\n\n\n\n<p>Daxili \u0130\u015fl\u0259r Nazirliyinin M\u0259tbuat Xidm\u0259tind\u0259n Oxu24.com-a&nbsp;&nbsp;bildirilib ki, bu g\u00fcn saat 17 rad\u0259l\u0259rind\u0259 rayonun T\u0259z\u0259k\u0259nd k\u0259ndind\u0259 yerli sakin, 1981-ci il t\u0259v\u0259ll\u00fcdl\u00fc A\u011fayev Zaur \u0130sa o\u011flu mal-qara otarark\u0259n minaya d\u00fc\u015f\u00fcb.<\/p>\n\n\n\n<p>N\u0259tic\u0259d\u0259 o, hadis\u0259 yerind\u0259 h\u0259lak olub.<\/p>\n\n\n\n<p>A\u011fdam\u0131n i\u015f\u011faldan azad olunan Ta\u011f\u0131b\u0259yli k\u0259ndi \u0259razisind\u0259 minaya d\u00fc\u015f\u0259r\u0259k h\u0259lak olan Zaur A\u011fayevin n\u0259\u015fini \u0259razid\u0259n \u00e7\u0131xartmaq m\u00fcmk\u00fcn olmay\u0131b.<\/p>\n\n\n\n<p>Faktla ba\u011fl\u0131 ara\u015fd\u0131rma apar\u0131l\u0131r.<\/p>\n","protected":false},"excerpt":{"rendered":"<p>A\u011fdam sakini minaya d\u00fc\u015f\u0259r\u0259k h\u0259lak olub. Daxili \u0130\u015fl\u0259r Nazirliyinin M\u0259tbuat Xidm\u0259tind\u0259n Oxu24.com-a&nbsp;&nbsp;bildirilib ki, bu g\u00fcn saat 17 rad\u0259l\u0259rind\u0259 rayonun T\u0259z\u0259k\u0259nd k\u0259ndind\u0259 yerli sakin, 1981-ci<\/p>\n","protected":false},"author":2,"featured_media":54038,"comment_status":"closed","ping_status":"closed","sticky":false,"template":"","format":"standard","meta":{"footnotes":""},"categories":[4],"tags":[],"class_list":["post-54037","post","type-post","status-publish","format-standard","has-post-thumbnail","hentry","category-qarabag"],"aioseo_notices":[],"_links":{"self":[{"href":"https:\/\/fedai.az\/index.php?rest_route=\/wp\/v2\/posts\/54037","targetHints":{"allow":["GET"]}}],"collection":[{"href":"https:\/\/fedai.az\/index.php?rest_route=\/wp\/v2\/posts"}],"about":[{"href":"https:\/\/fedai.az\/index.php?rest_route=\/wp\/v2\/types\/post"}],"author":[{"embeddable":true,"href":"https:\/\/fedai.az\/index.php?rest_route=\/wp\/v2\/users\/2"}],"replies":[{"embeddable":true,"href":"https:\/\/fedai.az\/index.php?rest_route=%2Fwp%2Fv2%2Fcomments&post=54037"}],"version-history":[{"count":2,"href":"https:\/\/fedai.az\/index.php?rest_route=\/wp\/v2\/posts\/54037\/revisions"}],"predecessor-version":[{"id":54040,"href":"https:\/\/fedai.az\/index.php?rest_route=\/wp\/v2\/posts\/54037\/revisions\/54040"}],"wp:featuredmedia":[{"embeddable":true,"href":"https:\/\/fedai.az\/index.php?rest_route=\/wp\/v2\/media\/54038"}],"wp:attachment":[{"href":"https:\/\/fedai.az\/index.php?rest_route=%2Fwp%2Fv2%2Fmedia&parent=54037"}],"wp:term":[{"taxonomy":"category","embeddable":true,"href":"https:\/\/fedai.az\/index.php?rest_route=%2Fwp%2Fv2%2Fcategories&post=54037"},{"taxonomy":"post_tag","embeddable":true,"href":"https:\/\/fedai.az\/index.php?rest_route=%2Fwp%2Fv2%2Ftags&post=54037"}],"curies":[{"name":"wp","href":"https:\/\/api.w.org\/{rel}","templated":true}]}}