{"id":54043,"date":"2021-11-16T02:13:58","date_gmt":"2021-11-15T22:13:58","guid":{"rendered":"https:\/\/fedai.az\/?p=54043"},"modified":"2021-11-16T02:15:06","modified_gmt":"2021-11-15T22:15:06","slug":"t%c9%99brik-h%c9%99s%c9%99nov-s%c9%99msi-q%c9%99z%c9%99nf%c9%99r-oglu-56","status":"publish","type":"post","link":"https:\/\/fedai.az\/?p=54043","title":{"rendered":"T\u018fBR\u0130K: H\u018fS\u018fNOV \u015e\u018fMS\u0130 Q\u018fZ\u018fNF\u018fR O\u011eLU &#8212; 56"},"content":{"rendered":"\n<p><strong>&nbsp;&nbsp;&nbsp;<span class=\"has-inline-color has-vivid-red-color\">&nbsp; \u0130nsan \u00fc\u00e7\u00fcn \u0259n yadda qalan g\u00fcnl\u0259rd\u0259n biri d\u0259 onun do\u011fum g\u00fcn\u00fcd\u00fcr.Ya\u015f\u0131n\u0131n \u00fcst\u0259 ya\u015f qaland\u0131qca insan daha da kamil\u0259\u015fir. Bel\u0259 insanlardan biri d\u0259&nbsp; M\u00fcharib\u0259 Veteran\u0131 ehtiyatda olan polkovnik-leytenant&nbsp; H\u0259s\u0259nov \u015e\u0259msi Q\u0259z\u0259nf\u0259r o\u011fludur. Bu g\u00fcnl\u0259rd\u0259 (16 noyabr) onun 56 ya\u015f\u0131 tamam olur.<\/span><\/strong><\/p>\n\n\n\n<p><strong>\u00a0\u00a0\u00a0 Bel\u0259 bir g\u00fcn m\u00fcnasib\u0259til\u0259 polkovnik-leytenant \u015e\u0259msi H\u0259s\u0259novu AVMV\u0130B R\u0259hb\u0259rliyi v\u0259 Az\u0259rbaycan V\u0259t\u0259n M\u00fcharib\u0259si Veteranlar\u0131 \u0130ctimai Birliyinin s\u0259dr m\u00fcavini polkovnik Salman Musayev s\u0259mimi q\u0259lbd\u0259n t\u0259brik edir, ona h\u0259yatda insan \u00fc\u00e7\u00fcn \u0259n \u015firin nem\u0259t olan m\u00f6hk\u0259m can sa\u011fl\u0131\u011f\u0131 v\u0259 h\u0259yat yollar\u0131nda bitib- t\u00fck\u0259nm\u0259y\u0259n naliy\u0259tl\u0259r arzulay\u0131r.<\/strong><\/p>\n\n\n\n<p><strong>&nbsp;&nbsp;&nbsp; Qoy ya\u015f\u0131n\u0131n \u00fcst\u0259 g\u0259l\u0259n bu ya\u015f ona sevinc dolu g\u00fcnl\u0259r b\u0259x\u015f etsin v\u0259 h\u0259r yeni g\u00fcn\u00fc is\u0259 \u00f6t\u0259n g\u00fcnl\u0259rd\u0259n daha g\u00f6z\u0259l ist\u0259kl\u0259rin\u0259 uy\u011fun onu xo\u015fb\u0259xt ed\u0259c\u0259k \u015f\u0259kild\u0259 ke\u00e7sin. Amin!<\/strong><\/p>\n\n\n\n<p>&nbsp;&nbsp;&nbsp;&nbsp; M\u00fcharib\u0259 Veteran\u0131 ehtiyatda olan polkovnik- leytenant&nbsp; H\u0259s\u0259nov \u015e\u0259msi Q\u0259z\u0259nf\u0259r o\u011flu&nbsp; 16 noyabr 1965-ci ild\u0259 La\u00e7\u0131n rayonunun Qarake\u00e7idi k\u0259ndind\u0259 d\u00fcnyaya g\u00f6z a\u00e7\u0131b.<\/p>\n\n\n\n<figure class=\"wp-block-gallery columns-2 is-cropped wp-block-gallery-1 is-layout-flex wp-block-gallery-is-layout-flex\"><ul class=\"blocks-gallery-grid\"><li class=\"blocks-gallery-item\"><figure><img loading=\"lazy\" decoding=\"async\" width=\"699\" height=\"1024\" src=\"https:\/\/fedai.az\/wp-content\/uploads\/2021\/11\/IMG-20210922-WA0050.jpg\" alt=\"\" data-id=\"54044\" data-link=\"https:\/\/fedai.az\/?attachment_id=54044\" class=\"wp-image-54044\" srcset=\"https:\/\/fedai.az\/wp-content\/uploads\/2021\/11\/IMG-20210922-WA0050.jpg 699w, https:\/\/fedai.az\/wp-content\/uploads\/2021\/11\/IMG-20210922-WA0050-205x300.jpg 205w, https:\/\/fedai.az\/wp-content\/uploads\/2021\/11\/IMG-20210922-WA0050-102x150.jpg 102w\" sizes=\"auto, (max-width: 699px) 100vw, 699px\" \/><\/figure><\/li><li class=\"blocks-gallery-item\"><figure><img loading=\"lazy\" decoding=\"async\" width=\"1024\" height=\"685\" src=\"https:\/\/fedai.az\/wp-content\/uploads\/2021\/11\/IMG-20210922-WA0052.jpg\" alt=\"\" data-id=\"54045\" data-full-url=\"https:\/\/fedai.az\/wp-content\/uploads\/2021\/11\/IMG-20210922-WA0052.jpg\" data-link=\"https:\/\/fedai.az\/?attachment_id=54045\" class=\"wp-image-54045\" srcset=\"https:\/\/fedai.az\/wp-content\/uploads\/2021\/11\/IMG-20210922-WA0052.jpg 1024w, https:\/\/fedai.az\/wp-content\/uploads\/2021\/11\/IMG-20210922-WA0052-300x201.jpg 300w, https:\/\/fedai.az\/wp-content\/uploads\/2021\/11\/IMG-20210922-WA0052-150x100.jpg 150w, https:\/\/fedai.az\/wp-content\/uploads\/2021\/11\/IMG-20210922-WA0052-768x514.jpg 768w\" sizes=\"auto, (max-width: 1024px) 100vw, 1024px\" \/><\/figure><\/li><\/ul><\/figure>\n\n\n\n<p>&nbsp;&nbsp;&nbsp;&nbsp; O,1982-ci ill\u0259rd\u0259 La\u00e7\u0131n rayonunun Qarake\u00e7id k\u0259nd&nbsp; orta m\u0259kt\u0259bini, 1992-ci ild\u0259 Az\u0259rbaycan D\u00f6vl\u0259t Pedaqoji \u00dcnverstetinin ibtidai h\u0259rbi haz\u0131rl\u0131q v\u0259 b\u0259d\u0259n t\u0259rbiy\u0259si fakult\u0259sini bitirib. H\u0259s\u0259nov \u015e\u0259msi Q\u0259z\u0131nf\u0259r o\u011flu Daxili \u0130\u015fl\u0259r&nbsp; Nazirliyinin Daxili&nbsp; Qo\u015funlar\u0131nda xidm\u0259t etdiyi ill\u0259r \u0259rzind\u0259&nbsp;&nbsp; Zabitl\u0259rin t\u0259hkiml\u0259\u015fdirm\u0259 ( ixtisas art\u0131rma)&nbsp; kursunda olmu\u015f, bir \u00e7ox metodiki- t\u0259lim toplan\u0131\u015flarda, seminar v\u0259 konfranslarda is\u0259&nbsp; i\u015ftirak etmi\u015fdir.<\/p>\n\n\n\n<p>&nbsp;&nbsp;&nbsp;&nbsp; \u015e\u0259msi Q\u0259z\u0259nf\u0259r o\u011flu H\u0259s\u0259nov&nbsp; 1984-1986-c\u0131 ill\u0259rd\u0259 SSR\u0130 Daxili \u0130\u015fl\u0259r&nbsp; Nazirliyinin Daxili Qo\u015funlar\u0131nda m\u00fcdd\u0259tli&nbsp; h\u0259qiqi h\u0259rbi xidm\u0259td\u0259 olub.1992-1994-c\u00fc ill\u0259rd\u0259&nbsp;&nbsp; M\u00fcdafi\u0259 Nazirliyinin d\u00f6y\u00fc\u015f b\u00f6lg\u0259l\u0259rind\u0259 yerl\u0259\u015f\u0259n h\u0259rbi hiss\u0259d\u0259 b\u00f6luk komandiri, 1995- 1998 -ci&nbsp; ill\u0259rd\u0259&nbsp; Daxili \u0130\u015fl\u0259r Nazirliyinin Daxili Qo\u015funlar\u0131n Ba\u015f \u0130dar\u0259sinin F\u00fczuli rayonunda yerl\u0259\u015f\u0259n h\u0259rbi hiss\u0259d\u0259 b\u00f6luk komandiri, tabor komandirinin m\u00fcavini, alay\u0131n&nbsp; k\u0259\u015ffiyyat xidm\u0259tinin r\u0259isi, 1999 &#8212; 2011 -ci ill\u0259rd\u0259 Daxili Qo\u015funlar\u0131n Ba\u015f idar\u0259sinin Maddi texniki t\u0259minat idar\u0259sind\u0259&nbsp;&nbsp; \u018frzaq xidm\u0259t r\u0259isinin m\u00fcavini (yard\u0131m\u00e7\u0131 t\u0259s\u0259rr\u00fcfat \u00fczr\u0259 ba\u015f k\u00f6m\u0259k\u00e7isi) 2011-2016-ci il\u0259rd\u0259 is\u0259 Daxili Qo\u015funlar\u0131n Ba\u015f \u0130dar\u0259sinin N\u0259rimanov rayonunda yerl\u0259\u015f\u0259n h\u0259rbi hiss\u0259d\u0259 h\u0259rbi hiss\u0259&nbsp; komandirinin ( h\u0259rbi hospital r\u0259isinin) maddi-texniki t\u0259minat xidm\u0259tl\u0259ri \u00fczr\u0259 m\u00fcavini v\u0259zif\u0259l\u0259rind\u0259 V\u0259t\u0259n\u0259,D\u00f6vl\u0259t\u0259 v\u0259 Xalqa s\u0259daq\u0259tl\u0259 xidm\u0259t etmi\u015fdir.<\/p>\n\n\n\n<figure class=\"wp-block-gallery columns-1 is-cropped wp-block-gallery-2 is-layout-flex wp-block-gallery-is-layout-flex\"><ul class=\"blocks-gallery-grid\"><li class=\"blocks-gallery-item\"><figure><img loading=\"lazy\" decoding=\"async\" width=\"1024\" height=\"661\" src=\"https:\/\/fedai.az\/wp-content\/uploads\/2021\/11\/IMG-20210922-WA0056.jpg\" alt=\"\" data-id=\"54046\" data-link=\"https:\/\/fedai.az\/?attachment_id=54046\" class=\"wp-image-54046\" srcset=\"https:\/\/fedai.az\/wp-content\/uploads\/2021\/11\/IMG-20210922-WA0056.jpg 1024w, https:\/\/fedai.az\/wp-content\/uploads\/2021\/11\/IMG-20210922-WA0056-300x194.jpg 300w, https:\/\/fedai.az\/wp-content\/uploads\/2021\/11\/IMG-20210922-WA0056-150x97.jpg 150w, https:\/\/fedai.az\/wp-content\/uploads\/2021\/11\/IMG-20210922-WA0056-768x496.jpg 768w, https:\/\/fedai.az\/wp-content\/uploads\/2021\/11\/IMG-20210922-WA0056-115x73.jpg 115w\" sizes=\"auto, (max-width: 1024px) 100vw, 1024px\" \/><\/figure><\/li><\/ul><\/figure>\n\n\n\n<p>&nbsp;&nbsp;&nbsp; Az\u0259rbaycan Respublikas\u0131nda ictimai qaydan\u0131n v\u0259 ictimai t\u0259hl\u00fck\u0259sizliyin qorunmas\u0131nda, \u015f\u0259h\u0259rd\u0259 v\u0259 ya\u015fay\u0131\u015f m\u0259nt\u0259q\u0259l\u0259rind\u0259 ,c\u0259za\u00e7\u0259km\u0259 m\u00fc\u0259ssis\u0259l\u0259rind\u0259 ba\u015f vermi\u015f ixt\u015fa\u015flar\u0131n qar\u015fls\u0131n\u0131n al\u0131nmas\u0131nda, cinay\u0259tkarl\u0131\u011fa qar\u015f\u0131 m\u00fcbariz\u0259 d\u0259, f\u00f6vqalad\u0259 v\u0259ziyy\u0259t zaman\u0131 h\u00fcquqi rejim karantin t\u0259dbirl\u0259rinin h\u0259yata ke\u00e7irilm\u0259sind\u0259, d\u00f6vl\u0259tin \u0259razi b\u00fct\u00f6vl\u00fcy\u00fcn\u00fcn t\u0259min edilm\u0259sind\u0259, \u00fcz\u0259rin\u0259 d\u00fc\u015f\u0259n v\u0259zif\u0259 v\u0259 tap\u015f\u0131r\u0131qlar\u0131n yerin\u0259 yetirilm\u0259sin\u0259&nbsp; m\u0259suliyy\u0259t v\u0259 \u015f\u0259r\u0259f &nbsp;hissi il\u0259 yana\u015fm\u0131\u015fd\u0131r.<\/p>\n\n\n\n<p>&nbsp;&nbsp;&nbsp; O,Daxili Qo\u015funlarda xidm\u0259t etdiyi ill\u0259r \u0259rzind\u0259 \u00f6zun\u00fc u\u015faq vaxtlar\u0131ndan, g\u00f6z\u0259l ail\u0259 v\u0259 m\u0259kt\u0259b t\u0259rbiy\u0259si il\u0259 b\u00f6y\u00fcm\u00fc\u015f, \u0259xlaq\u0131 t\u0259rbiy\u0259si yerind\u0259 olan, nizam v\u0259 intizaml\u0131 h\u0259rbi\u00e7i k\u0131m\u0131 g\u00f6st\u0259rmi\u015fdir. O i\u015fl\u0259diyi v\u0259 oxudu\u011fu&nbsp;&nbsp; t\u0259hsil m\u00fc\u0259ssis\u0259l\u0259rind\u0259, ya\u015fad\u0131\u011f\u0131 \u0259razid\u0259&nbsp; kollektiv aras\u0131nda h\u0259mi\u015f\u0259 m\u00fcsb\u0259t m\u0259nada se\u00e7il\u0259r\u0259k, ba\u015fqalar\u0131 \u00fc\u00e7\u00fcn&nbsp; n\u00fcmun\u0259 olmu\u015fdur.<\/p>\n\n\n\n<p>&nbsp;&nbsp; Polkovnik- leytenant&nbsp; H\u0259s\u0259nov \u015e\u0259msi Q\u0259z\u0131nf\u0259r o\u011flu Az\u0259rbaycan\u0131n \u0259razi b\u00fct\u00f6vl\u00fcy\u00fc u\u011frunda (Lac\u0131n,C\u0259bray\u0131l&nbsp; v\u0259 F\u00fczuli&nbsp; rayonlar\u0131 istiqam\u0259tind\u0259) ged\u0259n d\u00f6y\u00fc\u015fl\u0259rd\u0259 f\u0259al i\u015ftirak ed\u0259r\u0259k, ona h\u0259val\u0259 edilmi\u015f v\u0259zif\u0259 v\u0259 tap\u015f\u0131r\u0131qlar\u0131n \u00f6hd\u0259sind\u0259n layiqinc\u0259 g\u0259lmi\u015fdir.<\/p>\n\n\n\n<figure class=\"wp-block-gallery columns-2 is-cropped wp-block-gallery-3 is-layout-flex wp-block-gallery-is-layout-flex\"><ul class=\"blocks-gallery-grid\"><li class=\"blocks-gallery-item\"><figure><img loading=\"lazy\" decoding=\"async\" width=\"715\" height=\"1024\" src=\"https:\/\/fedai.az\/wp-content\/uploads\/2021\/11\/IMG-20210922-WA0055.jpg\" alt=\"\" data-id=\"54047\" data-full-url=\"https:\/\/fedai.az\/wp-content\/uploads\/2021\/11\/IMG-20210922-WA0055.jpg\" data-link=\"https:\/\/fedai.az\/?attachment_id=54047\" class=\"wp-image-54047\" srcset=\"https:\/\/fedai.az\/wp-content\/uploads\/2021\/11\/IMG-20210922-WA0055.jpg 715w, https:\/\/fedai.az\/wp-content\/uploads\/2021\/11\/IMG-20210922-WA0055-209x300.jpg 209w, https:\/\/fedai.az\/wp-content\/uploads\/2021\/11\/IMG-20210922-WA0055-105x150.jpg 105w\" sizes=\"auto, (max-width: 715px) 100vw, 715px\" \/><\/figure><\/li><li class=\"blocks-gallery-item\"><figure><img loading=\"lazy\" decoding=\"async\" width=\"1024\" height=\"734\" src=\"https:\/\/fedai.az\/wp-content\/uploads\/2021\/11\/IMG-20210922-WA0054.jpg\" alt=\"\" data-id=\"54048\" data-full-url=\"https:\/\/fedai.az\/wp-content\/uploads\/2021\/11\/IMG-20210922-WA0054.jpg\" data-link=\"https:\/\/fedai.az\/?attachment_id=54048\" class=\"wp-image-54048\" srcset=\"https:\/\/fedai.az\/wp-content\/uploads\/2021\/11\/IMG-20210922-WA0054.jpg 1024w, https:\/\/fedai.az\/wp-content\/uploads\/2021\/11\/IMG-20210922-WA0054-300x215.jpg 300w, https:\/\/fedai.az\/wp-content\/uploads\/2021\/11\/IMG-20210922-WA0054-150x108.jpg 150w, https:\/\/fedai.az\/wp-content\/uploads\/2021\/11\/IMG-20210922-WA0054-768x551.jpg 768w\" sizes=\"auto, (max-width: 1024px) 100vw, 1024px\" \/><\/figure><\/li><\/ul><\/figure>\n\n\n\n<p>&nbsp;&nbsp;&nbsp; O,Az\u0259rbaycan Respublikas\u0131 Konstitusiyas\u0131na v\u0259 qanunlar\u0131na, h\u0259rbi and\u0131n,h\u0259rbi nizam\u0259l\u0259rin, direktivl\u0259rin, t\u0259limatlar\u0131n, \u0259sasnam\u0259 v\u0259 \u0259mirl\u0259rin t\u0259l\u0259bl\u0259rin\u0259 v\u0259 v\u0259zif\u0259 borcuna \u0259m\u0259l etm\u0259kd\u0259 tabeliyind\u0259kil\u0259r ucun n\u00fcmun\u0259 olmu\u015fdur.<\/p>\n\n\n\n<p>&nbsp;&nbsp; M\u00fcharib\u0259 Veteran\u0131 ehtiyatda olan polkovnik- leytenant H\u0259s\u0259nov \u015e\u0259msi Q\u0259z\u0259nf\u0259r o\u011flu pe\u015f\u0259karl\u0131\u011f\u0131 v\u0259 humanistliyi il\u0259, n\u0259z\u0259ri v\u0259 praktiki biliyi il\u0259, sad\u0259liyi v\u0259 s\u0259mimiyy\u0259ti il\u0259, i\u015fg\u00fczarl\u0131\u011f\u0131 v\u0259 m\u0259n\u0259vi keyfiyy\u0259til\u0259, d\u0259qiqliyi v\u0259 t\u0259mkinliyi il\u0259&nbsp;&nbsp; se\u00e7il\u0259n \u00f6mr\u00fcn\u00fcn&nbsp; \u0259n m\u0259hsuldar d\u00f6vr\u00fcn\u00fcn&nbsp; \u015f\u0259r\u0259fli xidm\u0259t yolunun 24 (iyirmi d\u00f6rd) ilini&nbsp; h\u0259rbi xidm\u0259td\u0259 ke\u00e7irib.<\/p>\n\n\n\n<p>&nbsp;&nbsp;&nbsp; \u015e\u0259msi Q\u0259z\u0259nf\u0259r o\u011flu qorxmaz, insanp\u0259rv\u0259r, saxav\u0259tli, \u0259lia\u00e7\u0131q, z\u0259hm\u0259tke\u015f Zabit olmu\u015fdur. O,ist\u0259r t\u0259hsil ald\u0131\u011f\u0131 orta v\u0259 ali t\u0259hsil m\u00fc\u0259s\u0259l\u0259rind\u0259, ist\u0259rs\u0259d\u0259 xidm\u0259t etdiyi v\u0259 i\u015fl\u0259diyi kolektivl\u0259rd\u0259, dost-tan\u0131\u015f, qohum-\u0259qr\u0259b aras\u0131nda \u00f6z\u00fcn\u0259 layiq h\u00f6rm\u0259t qazanm\u0131\u015fd\u0131r.<\/p>\n\n\n\n<p>&nbsp;&nbsp;&nbsp;&nbsp; H\u0259rbi xidm\u0259ti v\u0259zif\u0259l\u0259rinin icras\u0131 zaman\u0131 y\u00fcks\u0259k m\u0259n\u0259vi- d\u00f6y\u00fc\u015f keyfiyy\u0259tl\u0259ri g\u00f6st\u0259rdiyin\u0259, d\u00f6y\u00fc\u015f v\u0259 ictimai siyasi haz\u0131rl\u0131\u011f\u0131nda, h\u0259rbi&nbsp; intizam\u0131n m\u00f6hk\u0259ml\u0259ndirilm\u0259sind\u0259 y\u00fcks\u0259k g\u00f6st\u0259ricil\u0259r\u0259 nail oldu\u011funa v\u0259 n\u00fcmun\u0259vi xidm\u0259tin\u0259 v\u0259 h\u0259rbi v\u0259zif\u0259l\u0259rinin yerin\u0259 yetirilm\u0259sin\u0259 m\u0259suliyy\u0259tl\u0259 yana\u015fd\u0131\u011f\u0131na g\u00f6r\u0259 Daxili \u0130\u015fl\u0259r Nazirinin, Daxili Qo\u015funlar Komandan\u0131n v\u0259 onun m\u00fcavinl\u0259rinin, h\u0259rbi hiss\u0259 komandirinin v\u0259 onun m\u00fcavinl\u0259rinin m\u00fcvafiq \u0259mrl\u0259ri il\u0259 \u0259la xidm\u0259tl\u0259r\u0259 g\u00f6r\u0259 d\u00f6\u015f v\u0259 yubiley ni\u015fanlar\u0131 il\u0259, pul m\u00fckafatlar\u0131 il\u0259, f\u0259xri f\u0259rmanlarla, qiym\u0259tli h\u0259diyy\u0259l\u0259rl\u0259 m\u00fckafatland\u0131rl\u0131b v\u0259 ona t\u0259\u015f\u0259kk\u00fcr elan edilib.<\/p>\n\n\n\n<figure class=\"wp-block-image size-large\"><img loading=\"lazy\" decoding=\"async\" width=\"1024\" height=\"691\" src=\"https:\/\/fedai.az\/wp-content\/uploads\/2021\/11\/IMG-20210922-WA0053.jpg\" alt=\"\" class=\"wp-image-54049\" srcset=\"https:\/\/fedai.az\/wp-content\/uploads\/2021\/11\/IMG-20210922-WA0053.jpg 1024w, https:\/\/fedai.az\/wp-content\/uploads\/2021\/11\/IMG-20210922-WA0053-300x202.jpg 300w, https:\/\/fedai.az\/wp-content\/uploads\/2021\/11\/IMG-20210922-WA0053-150x101.jpg 150w, https:\/\/fedai.az\/wp-content\/uploads\/2021\/11\/IMG-20210922-WA0053-768x518.jpg 768w\" sizes=\"auto, (max-width: 1024px) 100vw, 1024px\" \/><\/figure>\n\n\n\n<p>&nbsp;&nbsp;&nbsp; Xidm\u0259td\u0259 f\u0259riql\u0259ndiyin\u0259 g\u00f6r\u0259&nbsp; Az\u0259rbaycan Respublikas\u0131n\u0131n prezidenti ad\u0131ndan Respublikas\u0131n\u0131n Prezidenti ad\u0131ndan Daxili \u0130\u015fl\u0259r Nazirnin m\u00fcvafiq \u0259mrl\u0259ri &#171;Q\u00fcsursuz xidm\u0259tl\u0259r\u0259 g\u00f6r\u0259 1ci, 2-ci v\u0259 3-c\u00fc d\u0259r\u0259c\u0259li, &#171;Silahl\u0131 Q\u00fcvv\u0259l\u0259rin yaranmas\u0131n\u0131n&#187; is\u0259 10-iliyi, 90-illiyi v\u0259 95-iliyi yubiley medallar\u0131 il\u0259 t\u0259ltif edilib.<\/p>\n\n\n\n<p><strong>DO\u011eUM G\u00dcN\u00dcN M\u00dcBAR\u018fK OLSUN<\/strong>, <strong>\u015e\u018fMS\u0130 B\u018fY!<\/strong><\/p>\n\n\n\n<p><strong>B\u0130R \u0130L DAHA B\u0130TD\u0130, AMMA HE\u00c7 VAXT K\u018fD\u018fRL\u018fNM\u018f&nbsp; ZAMAN TEZ KE\u00c7\u0130R DEY\u018f. UNUTMA K\u0130 H\u018fR&nbsp; K\u018fS EYN\u0130 \u015eEY\u0130 YA\u015eAYIR. BU \u0130L\u0130N SONUNDA GER\u0130Y\u018f BAXDI\u011eINDA \u00dcM\u00dcD ED\u0130R\u018fM B\u0130R &#171;M\u00d6C\u00dcZ\u018f&nbsp; \u0130LD\u0130 &#187; DEY\u018fRS\u018fN. B\u00dcT\u00dcN ARZULARININ REALLA\u015eMASI D\u0130L\u018fY\u0130ML\u018f. XO\u015eB\u018fXT \u0130LL\u018fR\u018f&#8230;<\/strong><\/p>\n\n\n\n<p><strong>D\u0259rin h\u00f6rm\u0259tl\u0259, Az\u0259rbaycan V\u0259t\u0259n M\u00fcharib\u0259si Veteranlari \u0130ctimai Birliyinin s\u0259dr m\u00fcavini polkovnik Salman Musayev<\/strong><\/p>\n\n\n\n<figure class=\"wp-block-gallery columns-2 is-cropped wp-block-gallery-4 is-layout-flex wp-block-gallery-is-layout-flex\"><ul class=\"blocks-gallery-grid\"><li class=\"blocks-gallery-item\"><figure><img loading=\"lazy\" decoding=\"async\" width=\"600\" height=\"600\" src=\"https:\/\/fedai.az\/wp-content\/uploads\/2021\/11\/8265a327389da9fe4fdc2714b309120e-2.jpg\" alt=\"\" data-id=\"52693\" data-link=\"https:\/\/fedai.az\/?attachment_id=52693\" class=\"wp-image-52693\" srcset=\"https:\/\/fedai.az\/wp-content\/uploads\/2021\/11\/8265a327389da9fe4fdc2714b309120e-2.jpg 600w, https:\/\/fedai.az\/wp-content\/uploads\/2021\/11\/8265a327389da9fe4fdc2714b309120e-2-300x300.jpg 300w, https:\/\/fedai.az\/wp-content\/uploads\/2021\/11\/8265a327389da9fe4fdc2714b309120e-2-150x150.jpg 150w, https:\/\/fedai.az\/wp-content\/uploads\/2021\/11\/8265a327389da9fe4fdc2714b309120e-2-215x215.jpg 215w\" sizes=\"auto, (max-width: 600px) 100vw, 600px\" \/><\/figure><\/li><li class=\"blocks-gallery-item\"><figure><img loading=\"lazy\" decoding=\"async\" width=\"659\" height=\"1024\" src=\"https:\/\/fedai.az\/wp-content\/uploads\/2021\/11\/p0m-659x1024.jpg\" alt=\"\" data-id=\"54051\" data-full-url=\"https:\/\/fedai.az\/wp-content\/uploads\/2021\/11\/p0m.jpg\" data-link=\"https:\/\/fedai.az\/?attachment_id=54051\" class=\"wp-image-54051\" srcset=\"https:\/\/fedai.az\/wp-content\/uploads\/2021\/11\/p0m-659x1024.jpg 659w, https:\/\/fedai.az\/wp-content\/uploads\/2021\/11\/p0m-193x300.jpg 193w, https:\/\/fedai.az\/wp-content\/uploads\/2021\/11\/p0m-96x150.jpg 96w, https:\/\/fedai.az\/wp-content\/uploads\/2021\/11\/p0m-768x1194.jpg 768w, https:\/\/fedai.az\/wp-content\/uploads\/2021\/11\/p0m-988x1536.jpg 988w, https:\/\/fedai.az\/wp-content\/uploads\/2021\/11\/p0m.jpg 1080w\" sizes=\"auto, (max-width: 659px) 100vw, 659px\" \/><\/figure><\/li><\/ul><\/figure>\n","protected":false},"excerpt":{"rendered":"<p>&nbsp;&nbsp;&nbsp;&nbsp; \u0130nsan \u00fc\u00e7\u00fcn \u0259n yadda qalan g\u00fcnl\u0259rd\u0259n biri d\u0259 onun do\u011fum g\u00fcn\u00fcd\u00fcr.Ya\u015f\u0131n\u0131n \u00fcst\u0259 ya\u015f qaland\u0131qca insan daha da kamil\u0259\u015fir. Bel\u0259 insanlardan biri d\u0259&nbsp; M\u00fcharib\u0259<\/p>\n","protected":false},"author":2,"featured_media":54050,"comment_status":"closed","ping_status":"closed","sticky":false,"template":"","format":"standard","meta":{"footnotes":""},"categories":[5],"tags":[],"class_list":["post-54043","post","type-post","status-publish","format-standard","has-post-thumbnail","hentry","category-veteran"],"aioseo_notices":[],"_links":{"self":[{"href":"https:\/\/fedai.az\/index.php?rest_route=\/wp\/v2\/posts\/54043","targetHints":{"allow":["GET"]}}],"collection":[{"href":"https:\/\/fedai.az\/index.php?rest_route=\/wp\/v2\/posts"}],"about":[{"href":"https:\/\/fedai.az\/index.php?rest_route=\/wp\/v2\/types\/post"}],"author":[{"embeddable":true,"href":"https:\/\/fedai.az\/index.php?rest_route=\/wp\/v2\/users\/2"}],"replies":[{"embeddable":true,"href":"https:\/\/fedai.az\/index.php?rest_route=%2Fwp%2Fv2%2Fcomments&post=54043"}],"version-history":[{"count":2,"href":"https:\/\/fedai.az\/index.php?rest_route=\/wp\/v2\/posts\/54043\/revisions"}],"predecessor-version":[{"id":54053,"href":"https:\/\/fedai.az\/index.php?rest_route=\/wp\/v2\/posts\/54043\/revisions\/54053"}],"wp:featuredmedia":[{"embeddable":true,"href":"https:\/\/fedai.az\/index.php?rest_route=\/wp\/v2\/media\/54050"}],"wp:attachment":[{"href":"https:\/\/fedai.az\/index.php?rest_route=%2Fwp%2Fv2%2Fmedia&parent=54043"}],"wp:term":[{"taxonomy":"category","embeddable":true,"href":"https:\/\/fedai.az\/index.php?rest_route=%2Fwp%2Fv2%2Fcategories&post=54043"},{"taxonomy":"post_tag","embeddable":true,"href":"https:\/\/fedai.az\/index.php?rest_route=%2Fwp%2Fv2%2Ftags&post=54043"}],"curies":[{"name":"wp","href":"https:\/\/api.w.org\/{rel}","templated":true}]}}