{"id":54065,"date":"2021-11-16T12:27:55","date_gmt":"2021-11-16T08:27:55","guid":{"rendered":"https:\/\/fedai.az\/?p=54065"},"modified":"2021-11-16T15:46:42","modified_gmt":"2021-11-16T11:46:42","slug":"erm%c9%99ni-kurqinyan-az%c9%99rbaycada-rus-m%c9%99d%c9%99niyy%c9%99ti-yayacaq","status":"publish","type":"post","link":"https:\/\/fedai.az\/?p=54065","title":{"rendered":"Erm\u0259ni Kurqinyan Az\u0259rbaycanda &#171;rus m\u0259d\u0259niyy\u0259ti&#187; yayacaq"},"content":{"rendered":"\n<p><strong>Rusiyal\u0131 erm\u0259ni politoloq Sergey Kurqinyan Rusiyan\u0131n Az\u0259rbaycandak\u0131 s\u0259firliyinin m\u0259d\u0259niyy\u0259t m\u0259rk\u0259zin\u0259 r\u0259hb\u0259r t\u0259yin edilib.<\/strong><\/p>\n\n\n\n<p>Bu bar\u0259d\u0259 Ponarama sayt\u0131 m\u0259lumat verib.<\/p>\n\n\n\n<p>Anti Az\u0259rbaycan m\u00f6vqeyi il\u0259 se\u00e7il\u0259n bu tok-\u015fou &#171;q\u0259hr\u0259man\u0131&#187; deyib: \u201c\u015eadam ki, v\u0259t\u0259nd\u0259n k\u0259narda rus m\u0259d\u0259niyy\u0259tinin t\u0259bli\u011fin\u0259 t\u00f6hf\u0259 ver\u0259 bil\u0259c\u0259y\u0259m. Az\u0259rbaycan \u00e7oxmill\u0259tli \u00f6lk\u0259dir, ke\u00e7mi\u015f SSR\u0130-nin bir \u00e7ox respublikalar\u0131ndan f\u0259rqli olaraq burada rus dili he\u00e7 vaxt s\u0131x\u0131\u015fd\u0131r\u0131lmay\u0131b. Bu, bizim \u00fc\u00e7\u00fcn g\u00f6z\u0259l perspektivl\u0259r a\u00e7\u0131r. M\u0259n art\u0131q c\u0259nab \u0130lham \u018fliyevl\u0259 g\u00f6r\u00fc\u015fm\u00fc\u015f\u0259m, o, b\u00fct\u00fcn i\u015fl\u0259rimizd\u0259 m\u0259n\u0259 d\u0259st\u0259k olaca\u011f\u0131na s\u00f6z verdi. Rus dilind\u0259 filml\u0259r n\u00fcmayi\u015f etdir\u0259c\u0259yik, diskussiya klubu a\u00e7aca\u011f\u0131q, az\u0259rbaycanl\u0131 g\u0259ncl\u0259r \u00fc\u00e7\u00fcn Rusiyaya ekskursiyalar t\u0259\u015fkil ed\u0259c\u0259yik. Bundan \u0259lav\u0259, bir \u00e7ox az\u0259rbaycanl\u0131 i\u015f adamlar\u0131 layih\u0259l\u0259rimizin sponsoru olma\u011fa art\u0131q raz\u0131la\u015f\u0131blar. M\u0259n d\u0259rind\u0259n \u0259min\u0259m ki, Az\u0259rbaycanda Rusiyan\u0131n m\u00fcsb\u0259t imicinin yarad\u0131lmas\u0131, m\u0259d\u0259niyy\u0259timizin (y\u0259qin Da\u015fnak m\u0259d\u0259niyy\u0259tini deyir-red.) t\u0259bli\u011fi m\u0259hz rus v\u0259 Az\u0259rbaycan xalqlar\u0131 aras\u0131nda m\u00f6hk\u0259m dostlu\u011fun qurulaca\u011f\u0131 t\u0259m\u0259ldir\u201d, &#8212; dey\u0259 Kurqinyan bildirib.<\/p>\n\n\n\n<figure class=\"wp-block-image size-large\"><img loading=\"lazy\" decoding=\"async\" width=\"1024\" height=\"576\" src=\"https:\/\/fedai.az\/wp-content\/uploads\/2021\/11\/maxresdefault-2-1024x576.jpg\" alt=\"\" class=\"wp-image-54069\" srcset=\"https:\/\/fedai.az\/wp-content\/uploads\/2021\/11\/maxresdefault-2-1024x576.jpg 1024w, https:\/\/fedai.az\/wp-content\/uploads\/2021\/11\/maxresdefault-2-300x169.jpg 300w, https:\/\/fedai.az\/wp-content\/uploads\/2021\/11\/maxresdefault-2-150x84.jpg 150w, https:\/\/fedai.az\/wp-content\/uploads\/2021\/11\/maxresdefault-2-768x432.jpg 768w, https:\/\/fedai.az\/wp-content\/uploads\/2021\/11\/maxresdefault-2.jpg 1280w\" sizes=\"auto, (max-width: 1024px) 100vw, 1024px\" \/><\/figure>\n\n\n\n<p>Yax\u0131n vaxtlarda Kurqinyan \u00f6z\u00fcn\u00fcn YouTube kanal\u0131nda Az\u0259rbaycan m\u0259d\u0259niyy\u0259tin\u0259 v\u0259 az\u0259rbaycanl\u0131lar\u0131n Rusiya tarixind\u0259ki roluna h\u0259sr olunmu\u015f silsil\u0259 videolar yay\u0131mlayaca\u011f\u0131n\u0131 qeyd edib.<\/p>\n\n\n\n<p><strong>Maraql\u0131d\u0131r ki, Rusiya \u00f6z &#171;aya\u011f\u0131 s\u00fcr\u00fc\u015fk\u0259n Nata\u015fa&#187; siyas\u0259tini b\u00fct\u00fcn istiqam\u0259tl\u0259rd\u0259 davam etdirir. Daxild\u0259ki kolon m\u0259nsublar\u0131, Qaraba\u011fda &#171;Kazak at\u0131c\u0131lar\u0131&#187;, s\u0259rh\u0259dd\u0259 Rusiya FTX &#8212; i v\u0259 n\u00f6qt\u0259 yerin\u0259 is\u0259 bu d\u0259f\u0259 Kurqinyan\u0131n Bak\u0131ya t\u0259yinat\u0131. Y\u0259qin bunun ard\u0131nca da Solovyovun, Jirinovskinin, v\u0259 buna b\u0259nz\u0259r dig\u0259r m\u0259xluqlar\u0131n Bak\u0131ya t\u0259yinatlar\u0131n\u0131 g\u00f6r\u0259c\u0259yik. Y\u0259qin 5-ci kolona 11-ci &#171;Da\u015fnak-Ra\u015fist&#187; ordusunu g\u00f6zl\u0259m\u0259li olaca\u011f\u0131q. Y\u0259qin ki, v\u0259zif\u0259li qohumlar\u0131 Kurqinyan\u0131 qonaqp\u0259rv\u0259rlikl\u0259 qar\u015f\u0131lay\u0131blar. &#171;Qozbeli q\u0259bir d\u00fcz\u0259ltm\u0259z&#187;. Rusiya b\u00fct\u00fcn cinahlarda h\u00fccumdad\u0131r. &#171;\u0130VAN, \u0130D\u0130 DOMOY&#187;&#8230;<\/strong><\/p>\n","protected":false},"excerpt":{"rendered":"<p>Rusiyal\u0131 erm\u0259ni politoloq Sergey Kurqinyan Rusiyan\u0131n Az\u0259rbaycandak\u0131 s\u0259firliyinin m\u0259d\u0259niyy\u0259t m\u0259rk\u0259zin\u0259 r\u0259hb\u0259r t\u0259yin edilib. Bu bar\u0259d\u0259 Ponarama sayt\u0131 m\u0259lumat verib. Anti Az\u0259rbaycan m\u00f6vqeyi il\u0259 se\u00e7il\u0259n<\/p>\n","protected":false},"author":2,"featured_media":54066,"comment_status":"closed","ping_status":"closed","sticky":false,"template":"","format":"standard","meta":{"footnotes":""},"categories":[3],"tags":[],"class_list":["post-54065","post","type-post","status-publish","format-standard","has-post-thumbnail","hentry","category-gundm"],"aioseo_notices":[],"_links":{"self":[{"href":"https:\/\/fedai.az\/index.php?rest_route=\/wp\/v2\/posts\/54065","targetHints":{"allow":["GET"]}}],"collection":[{"href":"https:\/\/fedai.az\/index.php?rest_route=\/wp\/v2\/posts"}],"about":[{"href":"https:\/\/fedai.az\/index.php?rest_route=\/wp\/v2\/types\/post"}],"author":[{"embeddable":true,"href":"https:\/\/fedai.az\/index.php?rest_route=\/wp\/v2\/users\/2"}],"replies":[{"embeddable":true,"href":"https:\/\/fedai.az\/index.php?rest_route=%2Fwp%2Fv2%2Fcomments&post=54065"}],"version-history":[{"count":3,"href":"https:\/\/fedai.az\/index.php?rest_route=\/wp\/v2\/posts\/54065\/revisions"}],"predecessor-version":[{"id":54089,"href":"https:\/\/fedai.az\/index.php?rest_route=\/wp\/v2\/posts\/54065\/revisions\/54089"}],"wp:featuredmedia":[{"embeddable":true,"href":"https:\/\/fedai.az\/index.php?rest_route=\/wp\/v2\/media\/54066"}],"wp:attachment":[{"href":"https:\/\/fedai.az\/index.php?rest_route=%2Fwp%2Fv2%2Fmedia&parent=54065"}],"wp:term":[{"taxonomy":"category","embeddable":true,"href":"https:\/\/fedai.az\/index.php?rest_route=%2Fwp%2Fv2%2Fcategories&post=54065"},{"taxonomy":"post_tag","embeddable":true,"href":"https:\/\/fedai.az\/index.php?rest_route=%2Fwp%2Fv2%2Ftags&post=54065"}],"curies":[{"name":"wp","href":"https:\/\/api.w.org\/{rel}","templated":true}]}}