{"id":54083,"date":"2021-11-16T15:22:42","date_gmt":"2021-11-16T11:22:42","guid":{"rendered":"https:\/\/fedai.az\/?p=54083"},"modified":"2021-11-16T15:22:45","modified_gmt":"2021-11-16T11:22:45","slug":"erm%c9%99nil%c9%99rin-tank-%c9%99leyhin%c9%99-qurgu-v%c9%99-minaatani-m%c9%99hv-edildi-mn","status":"publish","type":"post","link":"https:\/\/fedai.az\/?p=54083","title":{"rendered":"Erm\u0259nil\u0259rin tank \u0259leyhin\u0259 qur\u011fu v\u0259 minaatan\u0131 m\u0259hv edildi &#8212; MN"},"content":{"rendered":"\n<p><strong>Erm\u0259nistan t\u0259r\u0259finin t\u00f6r\u0259tdiyi t\u0259xribata cavab olaraq qar\u015f\u0131 t\u0259r\u0259f\u0259 m\u0259xsus tank \u0259leyhin\u0259 qur\u011fu v\u0259 minaatan m\u0259hv edilib.<\/strong><\/p>\n\n\n\n<p>Bu bar\u0259d\u0259 M\u00fcdafi\u0259 Nazirliyi m\u0259lumat yay\u0131b.<\/p>\n\n\n\n<p>S\u0259rh\u0259dd\u0259 v\u0259ziyy\u0259t g\u0259rgin olaraq qalmaqdad\u0131r, haz\u0131rda d\u00f6y\u00fc\u015f \u0259m\u0259liyyatlar\u0131 davam edir.<\/p>\n\n\n\n<p>M\u00fcdafi\u0259 Nazirliyi s\u0259rh\u0259dd\u0259ki v\u0259ziyy\u0259tl\u0259 ba\u011fl\u0131 ictimaiyy\u0259ti m\u00fct\u0259madi olaraq m\u0259lumatland\u0131racaq.<\/p>\n\n\n\n<p>Xat\u0131rladaq ki, d\u00fc\u015fm\u0259n t\u0259r\u0259f Az\u0259rbaycan Ordusunun m\u00f6vqel\u0259rini m\u00fcxt\u0259lif \u00e7apl\u0131 at\u0131c\u0131 silahlar v\u0259 qumbaraatanlardan intensiv at\u0259\u015f\u0259 tutaraq d\u00f6y\u00fc\u015f postlar\u0131m\u0131za at\u0259\u015fl\u0259 z\u0259r\u0259r vurub. N\u0259tic\u0259d\u0259 ilkin m\u0259lumata g\u00f6r\u0259 Az\u0259rbaycan Ordusunun iki h\u0259rbi qulluq\u00e7usu yaralan\u0131b. Yaral\u0131lara d\u0259rhal ilkin tibbi yard\u0131m g\u00f6st\u0259rilib. Haz\u0131rda onlar\u0131n h\u0259yatlar\u0131 \u00fc\u00e7\u00fcn t\u0259hl\u00fck\u0259 yoxdur.<\/p>\n","protected":false},"excerpt":{"rendered":"<p>Erm\u0259nistan t\u0259r\u0259finin t\u00f6r\u0259tdiyi t\u0259xribata cavab olaraq qar\u015f\u0131 t\u0259r\u0259f\u0259 m\u0259xsus tank \u0259leyhin\u0259 qur\u011fu v\u0259 minaatan m\u0259hv edilib. Bu bar\u0259d\u0259 M\u00fcdafi\u0259 Nazirliyi m\u0259lumat yay\u0131b. S\u0259rh\u0259dd\u0259 v\u0259ziyy\u0259t<\/p>\n","protected":false},"author":2,"featured_media":54087,"comment_status":"closed","ping_status":"closed","sticky":false,"template":"","format":"standard","meta":{"footnotes":""},"categories":[4],"tags":[],"class_list":["post-54083","post","type-post","status-publish","format-standard","has-post-thumbnail","hentry","category-qarabag"],"aioseo_notices":[],"_links":{"self":[{"href":"https:\/\/fedai.az\/index.php?rest_route=\/wp\/v2\/posts\/54083","targetHints":{"allow":["GET"]}}],"collection":[{"href":"https:\/\/fedai.az\/index.php?rest_route=\/wp\/v2\/posts"}],"about":[{"href":"https:\/\/fedai.az\/index.php?rest_route=\/wp\/v2\/types\/post"}],"author":[{"embeddable":true,"href":"https:\/\/fedai.az\/index.php?rest_route=\/wp\/v2\/users\/2"}],"replies":[{"embeddable":true,"href":"https:\/\/fedai.az\/index.php?rest_route=%2Fwp%2Fv2%2Fcomments&post=54083"}],"version-history":[{"count":1,"href":"https:\/\/fedai.az\/index.php?rest_route=\/wp\/v2\/posts\/54083\/revisions"}],"predecessor-version":[{"id":54088,"href":"https:\/\/fedai.az\/index.php?rest_route=\/wp\/v2\/posts\/54083\/revisions\/54088"}],"wp:featuredmedia":[{"embeddable":true,"href":"https:\/\/fedai.az\/index.php?rest_route=\/wp\/v2\/media\/54087"}],"wp:attachment":[{"href":"https:\/\/fedai.az\/index.php?rest_route=%2Fwp%2Fv2%2Fmedia&parent=54083"}],"wp:term":[{"taxonomy":"category","embeddable":true,"href":"https:\/\/fedai.az\/index.php?rest_route=%2Fwp%2Fv2%2Fcategories&post=54083"},{"taxonomy":"post_tag","embeddable":true,"href":"https:\/\/fedai.az\/index.php?rest_route=%2Fwp%2Fv2%2Ftags&post=54083"}],"curies":[{"name":"wp","href":"https:\/\/api.w.org\/{rel}","templated":true}]}}