{"id":54090,"date":"2021-11-16T15:51:58","date_gmt":"2021-11-16T11:51:58","guid":{"rendered":"https:\/\/fedai.az\/?p=54090"},"modified":"2021-11-16T15:52:02","modified_gmt":"2021-11-16T11:52:02","slug":"dusm%c9%99n-itki-verib-10-olu-6-%c9%99sir-6-yarali","status":"publish","type":"post","link":"https:\/\/fedai.az\/?p=54090","title":{"rendered":"D\u00fc\u015fm\u0259n itki verib: 10 \u00f6l\u00fc, 6 \u0259sir, 6 yaral\u0131"},"content":{"rendered":"\n<p><strong>Erm\u0259nistan silahl\u0131 b\u00f6lm\u0259l\u0259rinin Az\u0259rbaycan d\u00f6vl\u0259t s\u0259rh\u0259dind\u0259 t\u0259xribatlar\u0131 davam edir.<\/strong><\/p>\n\n\n\n<p>Qaynarinfo-nun verdiyi x\u0259b\u0259r\u0259 g\u00f6r\u0259, Erm\u0259nistan silahl\u0131 q\u00fcvv\u0259l\u0259rinin d\u00f6y\u00fc\u015f aktivliyinin qar\u015f\u0131s\u0131n\u0131 almaq m\u0259qs\u0259dil\u0259 Az\u0259rbaycan ordusu laz\u0131mi add\u0131mlar at\u0131r.<\/p>\n\n\n\n<p><br>Bu d\u0259qiq\u0259l\u0259rd\u0259 Erm\u0259nistan m\u0259tbuat\u0131ndan \u0259ld\u0259 etdiyimiz m\u0259lumata g\u00f6r\u0259, t\u0259xribat\u00e7\u0131 ordu \u0259h\u0259miyy\u0259tli itkil\u0259r verib. Bel\u0259 ki, Erm\u0259nistan t\u0259r\u0259fi 10 h\u0259rb\u00e7inin \u00f6ld\u00fcy\u00fc, 6 h\u0259rb\u00e7inin is\u0259 \u0259sir d\u00fc\u015fd\u00fcy\u00fcn\u00fc x\u0259b\u0259r verir. Bundan \u0259lav\u0259, 6 h\u0259rb\u00e7inin d\u0259 yaraland\u0131\u011f\u0131 bildirilir.<\/p>\n\n\n\n<p><br>H\u0259m\u00e7inin erm\u0259ni \u0259sg\u0259rl\u0259ri 2 m\u00f6vqeyi d\u0259 t\u0259rk ed\u0259r\u0259k qa\u00e7\u0131b.<\/p>\n\n\n\n<p><br>M\u0259lumata g\u00f6r\u0259, Z\u0259ng\u0259zurun Q\u0131z\u0131lt\u0259p\u0259 da\u011f\u0131 istiqam\u0259tind\u0259 intensiv at\u0131\u015fmalar gedir.<\/p>\n","protected":false},"excerpt":{"rendered":"<p>Erm\u0259nistan silahl\u0131 b\u00f6lm\u0259l\u0259rinin Az\u0259rbaycan d\u00f6vl\u0259t s\u0259rh\u0259dind\u0259 t\u0259xribatlar\u0131 davam edir. Qaynarinfo-nun verdiyi x\u0259b\u0259r\u0259 g\u00f6r\u0259, Erm\u0259nistan silahl\u0131 q\u00fcvv\u0259l\u0259rinin d\u00f6y\u00fc\u015f aktivliyinin qar\u015f\u0131s\u0131n\u0131 almaq m\u0259qs\u0259dil\u0259 Az\u0259rbaycan ordusu laz\u0131mi<\/p>\n","protected":false},"author":2,"featured_media":54091,"comment_status":"closed","ping_status":"closed","sticky":false,"template":"","format":"standard","meta":{"footnotes":""},"categories":[4],"tags":[],"class_list":["post-54090","post","type-post","status-publish","format-standard","has-post-thumbnail","hentry","category-qarabag"],"aioseo_notices":[],"_links":{"self":[{"href":"https:\/\/fedai.az\/index.php?rest_route=\/wp\/v2\/posts\/54090","targetHints":{"allow":["GET"]}}],"collection":[{"href":"https:\/\/fedai.az\/index.php?rest_route=\/wp\/v2\/posts"}],"about":[{"href":"https:\/\/fedai.az\/index.php?rest_route=\/wp\/v2\/types\/post"}],"author":[{"embeddable":true,"href":"https:\/\/fedai.az\/index.php?rest_route=\/wp\/v2\/users\/2"}],"replies":[{"embeddable":true,"href":"https:\/\/fedai.az\/index.php?rest_route=%2Fwp%2Fv2%2Fcomments&post=54090"}],"version-history":[{"count":1,"href":"https:\/\/fedai.az\/index.php?rest_route=\/wp\/v2\/posts\/54090\/revisions"}],"predecessor-version":[{"id":54092,"href":"https:\/\/fedai.az\/index.php?rest_route=\/wp\/v2\/posts\/54090\/revisions\/54092"}],"wp:featuredmedia":[{"embeddable":true,"href":"https:\/\/fedai.az\/index.php?rest_route=\/wp\/v2\/media\/54091"}],"wp:attachment":[{"href":"https:\/\/fedai.az\/index.php?rest_route=%2Fwp%2Fv2%2Fmedia&parent=54090"}],"wp:term":[{"taxonomy":"category","embeddable":true,"href":"https:\/\/fedai.az\/index.php?rest_route=%2Fwp%2Fv2%2Fcategories&post=54090"},{"taxonomy":"post_tag","embeddable":true,"href":"https:\/\/fedai.az\/index.php?rest_route=%2Fwp%2Fv2%2Ftags&post=54090"}],"curies":[{"name":"wp","href":"https:\/\/api.w.org\/{rel}","templated":true}]}}