{"id":54112,"date":"2021-11-17T01:07:15","date_gmt":"2021-11-16T21:07:15","guid":{"rendered":"https:\/\/fedai.az\/?p=54112"},"modified":"2021-11-17T01:07:18","modified_gmt":"2021-11-16T21:07:18","slug":"maksim-sevcenko-ir%c9%99van-buna-davam-ets%c9%99-z%c9%99ng%c9%99zurun-statusu-m%c9%99s%c9%99l%c9%99si-gund%c9%99m%c9%99-g%c9%99l%c9%99c%c9%99k","status":"publish","type":"post","link":"https:\/\/fedai.az\/?p=54112","title":{"rendered":"Maksim \u015eev\u00e7enko: \u0130r\u0259van buna davam ets\u0259 Z\u0259ng\u0259zurun statusu m\u0259s\u0259l\u0259si g\u00fcnd\u0259m\u0259 g\u0259l\u0259c\u0259k"},"content":{"rendered":"\n<p><strong>\u201cErm\u0259nistan Rusiyan\u0131 \u015fantaj etm\u0259y\u0259 davam ed\u0259c\u0259ks\u0259, arzulad\u0131qlar\u0131 kimi Qaraba\u011f\u0131n yox, Z\u0259ng\u0259zurun statusu il\u0259 dan\u0131\u015f\u0131qlara haz\u0131rla\u015fs\u0131n\u201d.<\/strong><\/p>\n\n\n\n<p>Bu fikirl\u0259ri rusiyal\u0131 jurnalist, politoloq Maksim \u015eev\u00e7enko bildirib. O, erm\u0259nil\u0259rin s\u00fclh dan\u0131\u015f\u0131qlar\u0131na yox, Rusiyan\u0131, KTMT-ni \u015fantaja ba\u015flama\u011f\u0131na m\u00fcnasib\u0259t bildirib.<\/p>\n\n\n\n<p>\u201cBu g\u00fcn erm\u0259nil\u0259r\u0259 a\u00e7\u0131q \u015f\u0259kild\u0259 g\u00f6st\u0259rildi ki, Rusiyan\u0131 \u015fantaja davam ed\u0259rs\u0259, onlar tezlikl\u0259 Qaraba\u011f\u0131n statusu (arzulad\u0131qlar\u0131 kimi) deyil, Z\u0259ng\u0259zurun statusu il\u0259 ba\u011fl\u0131 dan\u0131\u015f\u0131qlara ba\u015flaya bil\u0259rl\u0259r\u201d, \u2013 dey\u0259 \u015eev\u00e7enko vur\u011fulay\u0131b. <\/p>\n\n\n\n<p>M\u0259nb\u0259: Konkret.az<\/p>\n","protected":false},"excerpt":{"rendered":"<p>\u201cErm\u0259nistan Rusiyan\u0131 \u015fantaj etm\u0259y\u0259 davam ed\u0259c\u0259ks\u0259, arzulad\u0131qlar\u0131 kimi Qaraba\u011f\u0131n yox, Z\u0259ng\u0259zurun statusu il\u0259 dan\u0131\u015f\u0131qlara haz\u0131rla\u015fs\u0131n\u201d. Bu fikirl\u0259ri rusiyal\u0131 jurnalist, politoloq Maksim \u015eev\u00e7enko bildirib. O,<\/p>\n","protected":false},"author":2,"featured_media":54114,"comment_status":"closed","ping_status":"closed","sticky":false,"template":"","format":"standard","meta":{"footnotes":""},"categories":[4],"tags":[],"class_list":["post-54112","post","type-post","status-publish","format-standard","has-post-thumbnail","hentry","category-qarabag"],"aioseo_notices":[],"_links":{"self":[{"href":"https:\/\/fedai.az\/index.php?rest_route=\/wp\/v2\/posts\/54112","targetHints":{"allow":["GET"]}}],"collection":[{"href":"https:\/\/fedai.az\/index.php?rest_route=\/wp\/v2\/posts"}],"about":[{"href":"https:\/\/fedai.az\/index.php?rest_route=\/wp\/v2\/types\/post"}],"author":[{"embeddable":true,"href":"https:\/\/fedai.az\/index.php?rest_route=\/wp\/v2\/users\/2"}],"replies":[{"embeddable":true,"href":"https:\/\/fedai.az\/index.php?rest_route=%2Fwp%2Fv2%2Fcomments&post=54112"}],"version-history":[{"count":1,"href":"https:\/\/fedai.az\/index.php?rest_route=\/wp\/v2\/posts\/54112\/revisions"}],"predecessor-version":[{"id":54115,"href":"https:\/\/fedai.az\/index.php?rest_route=\/wp\/v2\/posts\/54112\/revisions\/54115"}],"wp:featuredmedia":[{"embeddable":true,"href":"https:\/\/fedai.az\/index.php?rest_route=\/wp\/v2\/media\/54114"}],"wp:attachment":[{"href":"https:\/\/fedai.az\/index.php?rest_route=%2Fwp%2Fv2%2Fmedia&parent=54112"}],"wp:term":[{"taxonomy":"category","embeddable":true,"href":"https:\/\/fedai.az\/index.php?rest_route=%2Fwp%2Fv2%2Fcategories&post=54112"},{"taxonomy":"post_tag","embeddable":true,"href":"https:\/\/fedai.az\/index.php?rest_route=%2Fwp%2Fv2%2Ftags&post=54112"}],"curies":[{"name":"wp","href":"https:\/\/api.w.org\/{rel}","templated":true}]}}