{"id":54126,"date":"2021-11-17T01:34:33","date_gmt":"2021-11-16T21:34:33","guid":{"rendered":"https:\/\/fedai.az\/?p=54126"},"modified":"2021-11-17T01:34:35","modified_gmt":"2021-11-16T21:34:35","slug":"lin-treysi-is-basinda","status":"publish","type":"post","link":"https:\/\/fedai.az\/?p=54126","title":{"rendered":"Lin Treysi i\u015f ba\u015f\u0131nda&#8230;"},"content":{"rendered":"\n<p><strong>Noyabr\u0131n 16-da Erm\u0259nistan T\u0259hl\u00fck\u0259sizlik \u015euras\u0131n\u0131n katibi Armen Qriqoryan AB\u015e-\u0131n Erm\u0259nistandak\u0131 s\u0259firi Lin Treysini q\u0259bul edib.<\/strong><\/p>\n\n\n\n<p>Armen Qriqoryan Az\u0259rbaycan Silahl\u0131 Q\u00fcvv\u0259l\u0259rinin h\u00fccumu n\u0259tic\u0259sind\u0259 Erm\u0259nistan-Az\u0259rbaycan s\u0259rh\u0259dind\u0259 yaranm\u0131\u015f \u0259m\u0259liyyat-taktiki v\u0259ziyy\u0259ti t\u0259qdim edib. T\u0259hl\u00fck\u0259sizlik \u015euras\u0131n\u0131n katibi vur\u011fulay\u0131b ki, Az\u0259rbaycan\u0131n h\u0259r\u0259k\u0259tl\u0259ri Erm\u0259nistan\u0131n demokratiyas\u0131na z\u0259rb\u0259dir.<\/p>\n\n\n\n<p>Qriqoryan Erm\u0259nistan\u0131n m\u00f6vqeyini bir daha t\u0259sdiql\u0259yib ki, qo\u015funlar 2021-ci ilin may\u0131nda i\u015f\u011faldan \u0259vv\u0259lki m\u00f6vqel\u0259r\u0259 g\u00fczg\u00fc \u0259sas\u0131nda \u00e7\u0131xar\u0131ls\u0131n. T\u0259hl\u00fck\u0259sizlik \u015euras\u0131n\u0131n katibi onu da qeyd edib ki, Erm\u0259nistan Az\u0259rbaycanla s\u0259rh\u0259dl\u0259rin demarkasiyas\u0131 v\u0259 delimitasiyas\u0131 prosesin\u0259 ba\u015flama\u011fa haz\u0131rd\u0131r, lakin bunun Da\u011fl\u0131q Qaraba\u011f problemi il\u0259 he\u00e7 bir \u0259laq\u0259si yoxdur.<\/p>\n","protected":false},"excerpt":{"rendered":"<p>Noyabr\u0131n 16-da Erm\u0259nistan T\u0259hl\u00fck\u0259sizlik \u015euras\u0131n\u0131n katibi Armen Qriqoryan AB\u015e-\u0131n Erm\u0259nistandak\u0131 s\u0259firi Lin Treysini q\u0259bul edib. Armen Qriqoryan Az\u0259rbaycan Silahl\u0131 Q\u00fcvv\u0259l\u0259rinin h\u00fccumu n\u0259tic\u0259sind\u0259 Erm\u0259nistan-Az\u0259rbaycan s\u0259rh\u0259dind\u0259<\/p>\n","protected":false},"author":2,"featured_media":54128,"comment_status":"closed","ping_status":"closed","sticky":false,"template":"","format":"standard","meta":{"footnotes":""},"categories":[1],"tags":[],"class_list":["post-54126","post","type-post","status-publish","format-standard","has-post-thumbnail","hentry","category-siyast"],"aioseo_notices":[],"_links":{"self":[{"href":"https:\/\/fedai.az\/index.php?rest_route=\/wp\/v2\/posts\/54126","targetHints":{"allow":["GET"]}}],"collection":[{"href":"https:\/\/fedai.az\/index.php?rest_route=\/wp\/v2\/posts"}],"about":[{"href":"https:\/\/fedai.az\/index.php?rest_route=\/wp\/v2\/types\/post"}],"author":[{"embeddable":true,"href":"https:\/\/fedai.az\/index.php?rest_route=\/wp\/v2\/users\/2"}],"replies":[{"embeddable":true,"href":"https:\/\/fedai.az\/index.php?rest_route=%2Fwp%2Fv2%2Fcomments&post=54126"}],"version-history":[{"count":1,"href":"https:\/\/fedai.az\/index.php?rest_route=\/wp\/v2\/posts\/54126\/revisions"}],"predecessor-version":[{"id":54129,"href":"https:\/\/fedai.az\/index.php?rest_route=\/wp\/v2\/posts\/54126\/revisions\/54129"}],"wp:featuredmedia":[{"embeddable":true,"href":"https:\/\/fedai.az\/index.php?rest_route=\/wp\/v2\/media\/54128"}],"wp:attachment":[{"href":"https:\/\/fedai.az\/index.php?rest_route=%2Fwp%2Fv2%2Fmedia&parent=54126"}],"wp:term":[{"taxonomy":"category","embeddable":true,"href":"https:\/\/fedai.az\/index.php?rest_route=%2Fwp%2Fv2%2Fcategories&post=54126"},{"taxonomy":"post_tag","embeddable":true,"href":"https:\/\/fedai.az\/index.php?rest_route=%2Fwp%2Fv2%2Ftags&post=54126"}],"curies":[{"name":"wp","href":"https:\/\/api.w.org\/{rel}","templated":true}]}}