{"id":54130,"date":"2021-11-17T01:45:58","date_gmt":"2021-11-16T21:45:58","guid":{"rendered":"https:\/\/fedai.az\/?p=54130"},"modified":"2021-11-17T01:49:16","modified_gmt":"2021-11-16T21:49:16","slug":"dusm%c9%99n-t%c9%99r%c9%99fd%c9%99n-m%c9%99lumatlar","status":"publish","type":"post","link":"https:\/\/fedai.az\/?p=54130","title":{"rendered":"D\u00fc\u015fm\u0259n t\u0259r\u0259fd\u0259n m\u0259lumatlar"},"content":{"rendered":"\n<p><strong>Erm\u0259ni medaias\u0131n\u0131n yazd\u0131\u011f\u0131na g\u00f6r\u0259, Erm\u0259nistan\u0131n ba\u015f naziri Nikol Pa\u015finyan T\u0259hl\u00fck\u0259sizlik \u015euras\u0131n\u0131n iclas\u0131nda Erm\u0259nistan Silahl\u0131 Q\u00fcvv\u0259l\u0259rinin qar\u015f\u0131 t\u0259r\u0259fin canl\u0131 q\u00fcvv\u0259l\u0259rinin &#171;b\u00f6y\u00fck itkil\u0259r&#187; verdiyi, az\u0131 6 zirehli texnikan\u0131n m\u0259hv edildiyini bildirib.<\/strong><\/p>\n\n\n\n<p><br>\u201cErm\u0259nistan t\u0259r\u0259find\u0259 qurbanlar var, onlar haqq\u0131nda daha d\u0259qiq m\u0259lumat veril\u0259c\u0259k\u201d, &#8212; dey\u0259 Pa\u015finyan qurbanlar\u0131n xatir\u0259sini bir d\u0259qiq\u0259lik s\u00fckutla yad etm\u0259yi xahi\u015f edib.<\/p>\n\n\n\n<p><br>Erm\u0259nistan-Az\u0259rbaycan s\u0259rh\u0259dinin \u015f\u0259rq hiss\u0259sind\u0259 Rusiya t\u0259r\u0259finin 18-30-la vasit\u0259\u00e7iliyi il\u0259 \u0259ld\u0259 olunmu\u015f raz\u0131l\u0131\u011fa \u0259sas\u0259n, d\u00f6y\u00fc\u015fl\u0259r dayand\u0131r\u0131l\u0131b, v\u0259ziyy\u0259t nisb\u0259t\u0259n stabill\u0259\u015fdirilib. Bu bar\u0259d\u0259 Erm\u0259nistan M\u00fcdafi\u0259 Nazirliyi m\u0259lumat yay\u0131b.<\/p>\n\n\n\n<p>Erm\u0259nistan t\u0259r\u0259find\u0259 ged\u0259n d\u00f6y\u00fc\u015fl\u0259r n\u0259tic\u0259sind\u0259 itkil\u0259r var, haz\u0131rda yaln\u0131z bir qurban &#8212; m\u00fcqavil\u0259li h\u0259rb\u00e7i, 1991-ci il t\u0259v\u0259ll\u00fcdl\u00fc Merujan Arutyunyan haqq\u0131nda yenil\u0259nmi\u015f m\u0259lumat var.<\/p>\n\n\n\n<p><br>Yaral\u0131lar\u0131n say\u0131 da d\u0259qiql\u0259\u015fdirilir. 12 erm\u0259ni h\u0259rb\u00e7isi \u0259sir g\u00f6t\u00fcr\u00fcl\u00fcb.<\/p>\n\n\n\n<p>Erm\u0259nistan M\u00fcdafi\u0259 Nazirliyinin m\u0259lumat\u0131nda deyilir ki, onlardan 7-si m\u00fcdd\u0259td\u0259n art\u0131q, 5-i is\u0259 m\u00fcdd\u0259tli h\u0259rbi qulluq\u00e7udur.\u00a0<\/p>\n\n\n\n<p>Xat\u0131rladaq ki, bir q\u0259d\u0259r \u0259vv\u0259l \u201cV\u0259t\u0259nda\u015f m\u00fcqavil\u0259si\u201d fraksiyas\u0131n\u0131n deputat\u0131 Eduard A\u011facanyan bildirmi\u015fdi ki, ilkin m\u0259lumatlara g\u00f6r\u0259, Erm\u0259nistan t\u0259r\u0259fd\u0259n \u00f6l\u0259nl\u0259rin say\u0131 15 n\u0259f\u0259rdir.<\/p>\n\n\n\n<p><strong>Elnur S\u0259lim<\/strong><\/p>\n","protected":false},"excerpt":{"rendered":"<p>Erm\u0259ni medaias\u0131n\u0131n yazd\u0131\u011f\u0131na g\u00f6r\u0259, Erm\u0259nistan\u0131n ba\u015f naziri Nikol Pa\u015finyan T\u0259hl\u00fck\u0259sizlik \u015euras\u0131n\u0131n iclas\u0131nda Erm\u0259nistan Silahl\u0131 Q\u00fcvv\u0259l\u0259rinin qar\u015f\u0131 t\u0259r\u0259fin canl\u0131 q\u00fcvv\u0259l\u0259rinin &#171;b\u00f6y\u00fck itkil\u0259r&#187; verdiyi, az\u0131 6<\/p>\n","protected":false},"author":2,"featured_media":54132,"comment_status":"closed","ping_status":"closed","sticky":false,"template":"","format":"standard","meta":{"footnotes":""},"categories":[3],"tags":[],"class_list":["post-54130","post","type-post","status-publish","format-standard","has-post-thumbnail","hentry","category-gundm"],"aioseo_notices":[],"_links":{"self":[{"href":"https:\/\/fedai.az\/index.php?rest_route=\/wp\/v2\/posts\/54130","targetHints":{"allow":["GET"]}}],"collection":[{"href":"https:\/\/fedai.az\/index.php?rest_route=\/wp\/v2\/posts"}],"about":[{"href":"https:\/\/fedai.az\/index.php?rest_route=\/wp\/v2\/types\/post"}],"author":[{"embeddable":true,"href":"https:\/\/fedai.az\/index.php?rest_route=\/wp\/v2\/users\/2"}],"replies":[{"embeddable":true,"href":"https:\/\/fedai.az\/index.php?rest_route=%2Fwp%2Fv2%2Fcomments&post=54130"}],"version-history":[{"count":4,"href":"https:\/\/fedai.az\/index.php?rest_route=\/wp\/v2\/posts\/54130\/revisions"}],"predecessor-version":[{"id":54136,"href":"https:\/\/fedai.az\/index.php?rest_route=\/wp\/v2\/posts\/54130\/revisions\/54136"}],"wp:featuredmedia":[{"embeddable":true,"href":"https:\/\/fedai.az\/index.php?rest_route=\/wp\/v2\/media\/54132"}],"wp:attachment":[{"href":"https:\/\/fedai.az\/index.php?rest_route=%2Fwp%2Fv2%2Fmedia&parent=54130"}],"wp:term":[{"taxonomy":"category","embeddable":true,"href":"https:\/\/fedai.az\/index.php?rest_route=%2Fwp%2Fv2%2Fcategories&post=54130"},{"taxonomy":"post_tag","embeddable":true,"href":"https:\/\/fedai.az\/index.php?rest_route=%2Fwp%2Fv2%2Ftags&post=54130"}],"curies":[{"name":"wp","href":"https:\/\/api.w.org\/{rel}","templated":true}]}}