{"id":54149,"date":"2021-11-17T02:33:55","date_gmt":"2021-11-16T22:33:55","guid":{"rendered":"https:\/\/fedai.az\/?p=54149"},"modified":"2021-11-17T02:33:59","modified_gmt":"2021-11-16T22:33:59","slug":"az%c9%99rbaycanda-milli-dirc%c9%99lis-gunudur","status":"publish","type":"post","link":"https:\/\/fedai.az\/?p=54149","title":{"rendered":"Az\u0259rbaycanda Milli Dir\u00e7\u0259li\u015f G\u00fcn\u00fcd\u00fcr"},"content":{"rendered":"\n<p><strong>Bu g\u00fcn \u2013 noyabr\u0131n 17-i Az\u0259rbaycanda Milli Dir\u00e7\u0259li\u015f G\u00fcn\u00fcd\u00fcr.<\/strong>\u00a0<\/p>\n\n\n\n<p>Bu bayram 1988-ci ilin noyabr-dekabr aylar\u0131nda Bak\u0131da ba\u015flayan milli-azadl\u0131q h\u0259r\u0259kat\u0131 il\u0259 ba\u011fl\u0131d\u0131r.<\/p>\n\n\n\n<p><br>H\u0259min vaxt SSR\u0130 r\u0259hb\u0259rliyinin Qaraba\u011f m\u0259s\u0259l\u0259si \u0259traf\u0131nda apard\u0131\u011f\u0131 antiaz\u0259rbaycan siyas\u0259ti n\u0259tic\u0259sind\u0259 Az\u0259rbaycanda anti-sovet xalq h\u0259r\u0259kat\u0131 t\u0259\u015f\u0259kk\u00fcl tapd\u0131. 1988-ci ilin 17 noyabr\u0131nda Bak\u0131n\u0131n \u0259sas meydan\u0131 say\u0131lan &#171;Azadl\u0131q\u201dda (ke\u00e7mi\u015f Lenin meydan\u0131-red) Az\u0259rbaycan xalq\u0131n\u0131n uzunm\u00fcdd\u0259tli mitinql\u0259ri ba\u015flad\u0131. Milyonlarla insan meydana topla\u015faraq Moskvan\u0131n anti-Az\u0259rbaycan siyas\u0259tin\u0259 qar\u015f\u0131 \u00e7\u0131xd\u0131. Dekabr\u0131n \u0259vv\u0259ll\u0259rind\u0259 mitinql\u0259r SSR\u0130-nin daxili qo\u015funlar\u0131 t\u0259r\u0259find\u0259n da\u011f\u0131d\u0131lsa da, Moskva Az\u0259rbaycan xalq\u0131n\u0131n milli azadl\u0131q h\u0259r\u0259kat\u0131n\u0131n qar\u015f\u0131s\u0131n\u0131 ala bilm\u0259di.<\/p>\n\n\n\n<p><br>1989-cu ilin iyununda Az\u0259rbaycan Xalq C\u0259bh\u0259si (AXC) t\u0259sis edildi. El\u0259 h\u0259min ilin sentyabr\u0131nda Ali Sovetin Az\u0259rbaycan\u0131n suverenliyi haqq\u0131nda Konstitusiya Akt\u0131n\u0131 q\u0259bul etm\u0259si Moskvan\u0131 daha da q\u0131c\u0131qland\u0131rd\u0131 v\u0259 1990-c\u0131 ilin 19-20 yanvar\u0131nda Bak\u0131ya qo\u015fun yeridildi. Mitinq i\u015ftirak\u00e7\u0131lar\u0131na qar\u015f\u0131 a\u011f\u0131r texnika v\u0259 odlu silahdan istifad\u0259 edildi. Y\u00fczl\u0259rl\u0259 aksiya i\u015ftirak\u00e7\u0131lar\u0131 v\u0259 dinc sakin q\u0259tl\u0259 yetirildi. Amma bu hadis\u0259 xalq\u0131m\u0131z\u0131n milli q\u00fcrurunu s\u0131nd\u0131ra bilm\u0259di. \u018fksin\u0259, azadl\u0131q h\u0259r\u0259kat\u0131n\u0131 daha da s\u00fcr\u0259tl\u0259ndirdi.<\/p>\n\n\n\n<p><br>1990-c\u0131 il se\u00e7kil\u0259rind\u0259 AXC r\u0259hb\u0259rl\u0259rinin \u0259ks\u0259riyy\u0259ti Ali Sovetin deputat\u0131 mandat\u0131n\u0131 qazand\u0131lar v\u0259 Demokratik Blok adl\u0131 fraksiya yaratd\u0131lar. 1991-ci il oktyabr\u0131n 18-d\u0259 Az\u0259rbaycan\u0131n d\u00f6vl\u0259t m\u00fcst\u0259qilliyinin b\u0259rpa edildiyi elan olundu. 1992-ci ilin iyununda is\u0259 AXC hakimiyy\u0259t\u0259 g\u0259ldi. Q\u0131sa m\u00fcdd\u0259t \u0259rzind\u0259 Az\u0259rbaycan Respublikas\u0131n\u0131n m\u00fcst\u0259qilliyin\u0259 real t\u0259hl\u00fck\u0259 olan SSR\u0130 qo\u015funlar\u0131 Az\u0259rbaycandan \u00e7\u0131xarl\u0131d\u0131.<\/p>\n\n\n\n<p><br>1990-c\u0131 il noyabr\u0131n 17-d\u0259 Nax\u00e7\u0131van Muxtar Respublikas\u0131n\u0131n Ali Sovetinin yeni t\u0259rkibd\u0259 ilk sessiyas\u0131 ke\u00e7irildi. Muxtar respublikan\u0131n ad\u0131ndan &#171;sovet\u201d v\u0259 &#171;sosialist\u201d s\u00f6zl\u0259ri \u00e7\u0131xar\u0131ld\u0131. \u0130mperiyan\u0131n h\u0259l\u0259 tarix s\u0259hn\u0259sind\u0259n silinm\u0259diyi bir d\u00f6vrd\u0259 Nax\u00e7\u0131van\u0131n ad\u0131ndan &#171;sovet\u201d v\u0259 &#171;sosialist\u201d s\u00f6zl\u0259rinin \u00e7\u0131xar\u0131lmas\u0131 m\u00fcst\u0259qilliyimizin qazan\u0131lmas\u0131 yolunda \u00e7ox b\u00f6y\u00fck tarixi add\u0131m idi. Bununla \u00fcmummilli lider Heyd\u0259r \u018fliyev milli d\u00f6vl\u0259t\u00e7iliyimizin dir\u00e7\u0259li\u015fi istiqam\u0259tind\u0259 ilk b\u00f6y\u00fck add\u0131m atd\u0131. Ulu \u00f6nd\u0259r Heyd\u0259r \u018fliyevin s\u0259drliyi il\u0259 ke\u00e7iril\u0259n h\u0259min tarixi sessiyada Muxtar Respublikan\u0131n d\u00f6vl\u0259t r\u0259mzl\u0259ri haqq\u0131nda m\u0259s\u0259l\u0259 d\u0259 m\u00fczakir\u0259 olunub. Xalq deputatlar\u0131n\u0131n m\u00fczakir\u0259sind\u0259n sonra \u00fc\u00e7r\u0259ngli bayra\u011f\u0131n d\u00f6vl\u0259t r\u0259mzi kimi q\u0259bulu il\u0259 \u0259laq\u0259dar t\u0259klif ir\u0259li s\u00fcr\u00fcl\u00fcb. Az\u0259rbaycan Xalq C\u00fcmhuriyy\u0259tinin \u00fc\u00e7 r\u0259ngli bayra\u011f\u0131n\u0131n b\u0259rpa olunmas\u0131 bar\u0259d\u0259 q\u0259rar \u00e7\u0131xaran sessiya onun d\u00f6vl\u0259t bayra\u011f\u0131 kimi q\u0259bul edilm\u0259si il\u0259 \u0259laq\u0259dar Az\u0259rbaycan\u0131n Ali Soveti qar\u015f\u0131s\u0131nda v\u0259sat\u0259t qald\u0131r\u0131b. Bel\u0259likl\u0259, milli dir\u00e7\u0259li\u015fd\u0259n milli t\u0259r\u0259qqiy\u0259 do\u011fru uzanan tarixi yolun ba\u015flan\u011f\u0131c\u0131 qoyuldu.<\/p>\n\n\n\n<p><br>Milli Dir\u00e7\u0259li\u015f g\u00fcn\u00fc 17 noyabr 1992-ci ild\u0259 elan olunub.<\/p>\n\n\n\n<p><br>Bu il ilk d\u0259f\u0259dir Milli Dir\u00e7\u0259li\u015f G\u00fcn\u00fc Az\u0259rbaycan\u0131n \u0259razi b\u00fct\u00f6vl\u00fcy\u00fcn\u00fc b\u0259rpa etdiyi bir \u015f\u0259raitd\u0259 qeyd olunur. \u00d6t\u0259n il sentyabr\u0131n 27-d\u0259n ba\u015flayaraq Az\u0259rbaycan Ordusunun h\u0259yata ke\u00e7irdiyi \u0259ks-h\u00fccum \u0259m\u0259liyyatlar\u0131 n\u0259tic\u0259sind\u0259 uzun ill\u0259r d\u00fc\u015fm\u0259n tapda\u011f\u0131 alt\u0131nda olan torpaqlar\u0131m\u0131z azad edilib. 44 g\u00fcn davam ed\u0259n V\u0259t\u0259n m\u00fcharib\u0259si d\u00f6vr\u00fcnd\u0259 h\u0259r g\u00fcn ya\u015fay\u0131\u015f m\u0259nt\u0259q\u0259l\u0259ri i\u015f\u011faldan azad olunurdu v\u0259 h\u0259min torpaqlarda Az\u0259rbaycan\u0131n \u015fanl\u0131 bayra\u011f\u0131 ucald\u0131l\u0131rd\u0131. Haz\u0131rda azad edilmi\u015f b\u00fct\u00fcn torpaqlarda bayra\u011f\u0131m\u0131z dal\u011falan\u0131r.<\/p>\n","protected":false},"excerpt":{"rendered":"<p>Bu g\u00fcn \u2013 noyabr\u0131n 17-i Az\u0259rbaycanda Milli Dir\u00e7\u0259li\u015f G\u00fcn\u00fcd\u00fcr.\u00a0 Bu bayram 1988-ci ilin noyabr-dekabr aylar\u0131nda Bak\u0131da ba\u015flayan milli-azadl\u0131q h\u0259r\u0259kat\u0131 il\u0259 ba\u011fl\u0131d\u0131r. H\u0259min vaxt SSR\u0130<\/p>\n","protected":false},"author":2,"featured_media":54151,"comment_status":"closed","ping_status":"closed","sticky":false,"template":"","format":"standard","meta":{"footnotes":""},"categories":[7],"tags":[],"class_list":["post-54149","post","type-post","status-publish","format-standard","has-post-thumbnail","hentry","category-tarix"],"aioseo_notices":[],"_links":{"self":[{"href":"https:\/\/fedai.az\/index.php?rest_route=\/wp\/v2\/posts\/54149","targetHints":{"allow":["GET"]}}],"collection":[{"href":"https:\/\/fedai.az\/index.php?rest_route=\/wp\/v2\/posts"}],"about":[{"href":"https:\/\/fedai.az\/index.php?rest_route=\/wp\/v2\/types\/post"}],"author":[{"embeddable":true,"href":"https:\/\/fedai.az\/index.php?rest_route=\/wp\/v2\/users\/2"}],"replies":[{"embeddable":true,"href":"https:\/\/fedai.az\/index.php?rest_route=%2Fwp%2Fv2%2Fcomments&post=54149"}],"version-history":[{"count":1,"href":"https:\/\/fedai.az\/index.php?rest_route=\/wp\/v2\/posts\/54149\/revisions"}],"predecessor-version":[{"id":54152,"href":"https:\/\/fedai.az\/index.php?rest_route=\/wp\/v2\/posts\/54149\/revisions\/54152"}],"wp:featuredmedia":[{"embeddable":true,"href":"https:\/\/fedai.az\/index.php?rest_route=\/wp\/v2\/media\/54151"}],"wp:attachment":[{"href":"https:\/\/fedai.az\/index.php?rest_route=%2Fwp%2Fv2%2Fmedia&parent=54149"}],"wp:term":[{"taxonomy":"category","embeddable":true,"href":"https:\/\/fedai.az\/index.php?rest_route=%2Fwp%2Fv2%2Fcategories&post=54149"},{"taxonomy":"post_tag","embeddable":true,"href":"https:\/\/fedai.az\/index.php?rest_route=%2Fwp%2Fv2%2Ftags&post=54149"}],"curies":[{"name":"wp","href":"https:\/\/api.w.org\/{rel}","templated":true}]}}