{"id":54172,"date":"2021-11-17T12:29:02","date_gmt":"2021-11-17T08:29:02","guid":{"rendered":"https:\/\/fedai.az\/?p=54172"},"modified":"2021-11-17T12:29:05","modified_gmt":"2021-11-17T08:29:05","slug":"s%c9%99hidl%c9%99rimizin-adi-aciqlandi-mn","status":"publish","type":"post","link":"https:\/\/fedai.az\/?p=54172","title":{"rendered":"\u015e\u0259hidl\u0259rimizin ad\u0131 a\u00e7\u0131qland\u0131 &#8212; MN"},"content":{"rendered":"\n<p><strong>Noyabr\u0131n 16-da d\u00f6vl\u0259t s\u0259rh\u0259dind\u0259 Erm\u0259nistan\u0131n t\u0259xribatlar\u0131 n\u0259tic\u0259sind\u0259 ba\u015f ver\u0259n d\u00f6y\u00fc\u015f \u0259m\u0259liyyatlar\u0131 zaman\u0131 Az\u0259rbaycan Ordusunun a\u015fa\u011f\u0131da adlar\u0131 g\u00f6st\u0259ril\u0259n h\u0259rbi qulluq\u00e7ular\u0131 \u015f\u0259hid olub:<\/strong><\/p>\n\n\n\n<p>&nbsp;<br>&#8212; leytenant Nift\u0259liyev \u00dcm\u00fcd Oruc o\u011flu;<\/p>\n\n\n\n<p>&#8212; gizir Cabbarov Orxan H\u0259t\u0259m o\u011flu;<\/p>\n\n\n\n<p>&#8212; m\u00fcdd\u0259td\u0259n art\u0131q h\u0259qiqi h\u0259rbi xidm\u0259t h\u0259rbi qulluq\u00e7usu ki\u00e7ik \u00e7avu\u015f \u018fliyev Natiq Yusif o\u011flu;<\/p>\n\n\n\n<p>&#8212; \u0259sg\u0259r A\u011fayev El\u00e7in M\u0259rif\u0259t o\u011flu;<\/p>\n\n\n\n<p>&#8212; \u0259sg\u0259r \u018flizad\u0259 Elmin Samir o\u011flu;<\/p>\n\n\n\n<p>&#8212; \u0259sg\u0259r \u018fliyev El\u00e7in Ramil o\u011flu;<\/p>\n\n\n\n<p>&#8212; \u0259sg\u0259r X\u0259lilov Murad Qalib o\u011flu.<\/p>\n\n\n\n<p>&nbsp;<br>M\u00fcdafi\u0259 Nazirliyinin r\u0259hb\u0259rliyi \u015f\u0259hid olan h\u0259rbi qulluq\u00e7ular\u0131m\u0131z\u0131n yax\u0131nlar\u0131na d\u0259rin h\u00fcznl\u0259 ba\u015fsa\u011fl\u0131\u011f\u0131 verir v\u0259 s\u0259br dil\u0259yir.<\/p>\n\n\n\n<p>\u00a0<br><strong>Allah r\u0259hm\u0259t el\u0259sin!<\/strong><\/p>\n\n\n\n<p>\u00a0<br><strong>D\u00f6y\u00fc\u015fl\u0259rd\u0259 10 n\u0259f\u0259r h\u0259rbi qulluq\u00e7umuz yaralan\u0131b.<\/strong><\/p>\n\n\n\n<p>&nbsp;<br>Noyabr\u0131n 16-s\u0131 ax\u015fam saatlar\u0131ndan etibar\u0259n Az\u0259rbaycan-Erm\u0259nistan d\u00f6vl\u0259t s\u0259rh\u0259dind\u0259 v\u0259ziyy\u0259t sabitl\u0259\u015fib. Erm\u0259nistan\u0131n d\u00f6vl\u0259t s\u0259rh\u0259dind\u0259 t\u00f6r\u0259tdiyi t\u0259xribat v\u0259 h\u0259rbi avant\u00fcra tam iflasa u\u011fray\u0131b.<\/p>\n\n\n\n<p>&nbsp;<br>\u018fm\u0259liyyat \u015f\u0259raiti b\u00f6lm\u0259l\u0259rimizin n\u0259zar\u0259ti alt\u0131ndad\u0131r. Az\u0259rbaycan Respublikas\u0131n\u0131n Silahl\u0131 Q\u00fcvv\u0259l\u0259ri \u00f6lk\u0259mizin suveren \u0259razil\u0259rind\u0259 xidm\u0259tini davam etdirir.<\/p>\n\n\n\n<p>Erm\u0259nistan\u0131n t\u0259xtibat\u0131 n\u0259tic\u0259sind\u0259 yaranm\u0131\u015f g\u0259rginliy\u0259 v\u0259 qar\u015f\u0131durmaya g\u00f6r\u0259 m\u0259suliyy\u0259t tam \u015f\u0259kild\u0259 Erm\u0259nistan\u0131n h\u0259rbi-siyasi r\u0259hb\u0259rliyinin \u00fcz\u0259rin\u0259 d\u00fc\u015f\u00fcr.<\/p>\n","protected":false},"excerpt":{"rendered":"<p>Noyabr\u0131n 16-da d\u00f6vl\u0259t s\u0259rh\u0259dind\u0259 Erm\u0259nistan\u0131n t\u0259xribatlar\u0131 n\u0259tic\u0259sind\u0259 ba\u015f ver\u0259n d\u00f6y\u00fc\u015f \u0259m\u0259liyyatlar\u0131 zaman\u0131 Az\u0259rbaycan Ordusunun a\u015fa\u011f\u0131da adlar\u0131 g\u00f6st\u0259ril\u0259n h\u0259rbi qulluq\u00e7ular\u0131 \u015f\u0259hid olub: &nbsp;&#8212; leytenant Nift\u0259liyev<\/p>\n","protected":false},"author":2,"featured_media":54173,"comment_status":"closed","ping_status":"closed","sticky":false,"template":"","format":"standard","meta":{"footnotes":""},"categories":[3],"tags":[],"class_list":["post-54172","post","type-post","status-publish","format-standard","has-post-thumbnail","hentry","category-gundm"],"aioseo_notices":[],"_links":{"self":[{"href":"https:\/\/fedai.az\/index.php?rest_route=\/wp\/v2\/posts\/54172","targetHints":{"allow":["GET"]}}],"collection":[{"href":"https:\/\/fedai.az\/index.php?rest_route=\/wp\/v2\/posts"}],"about":[{"href":"https:\/\/fedai.az\/index.php?rest_route=\/wp\/v2\/types\/post"}],"author":[{"embeddable":true,"href":"https:\/\/fedai.az\/index.php?rest_route=\/wp\/v2\/users\/2"}],"replies":[{"embeddable":true,"href":"https:\/\/fedai.az\/index.php?rest_route=%2Fwp%2Fv2%2Fcomments&post=54172"}],"version-history":[{"count":1,"href":"https:\/\/fedai.az\/index.php?rest_route=\/wp\/v2\/posts\/54172\/revisions"}],"predecessor-version":[{"id":54174,"href":"https:\/\/fedai.az\/index.php?rest_route=\/wp\/v2\/posts\/54172\/revisions\/54174"}],"wp:featuredmedia":[{"embeddable":true,"href":"https:\/\/fedai.az\/index.php?rest_route=\/wp\/v2\/media\/54173"}],"wp:attachment":[{"href":"https:\/\/fedai.az\/index.php?rest_route=%2Fwp%2Fv2%2Fmedia&parent=54172"}],"wp:term":[{"taxonomy":"category","embeddable":true,"href":"https:\/\/fedai.az\/index.php?rest_route=%2Fwp%2Fv2%2Fcategories&post=54172"},{"taxonomy":"post_tag","embeddable":true,"href":"https:\/\/fedai.az\/index.php?rest_route=%2Fwp%2Fv2%2Ftags&post=54172"}],"curies":[{"name":"wp","href":"https:\/\/api.w.org\/{rel}","templated":true}]}}