{"id":54175,"date":"2021-11-17T12:40:20","date_gmt":"2021-11-17T08:40:20","guid":{"rendered":"https:\/\/fedai.az\/?p=54175"},"modified":"2021-11-17T12:40:23","modified_gmt":"2021-11-17T08:40:23","slug":"qarabag-muharib%c9%99si-istirakcilarinin-muavin%c9%99ti-artirilsin-deputat","status":"publish","type":"post","link":"https:\/\/fedai.az\/?p=54175","title":{"rendered":"Qaraba\u011f m\u00fcharib\u0259si i\u015ftirak\u00e7\u0131lar\u0131n\u0131n m\u00fcavin\u0259ti art\u0131r\u0131ls\u0131n &#8212; Deputat"},"content":{"rendered":"\n<p><strong>Deputat Qaraba\u011f m\u00fcharib\u0259 i\u015ftirak\u00e7\u0131lar\u0131n\u0131n m\u00fcavin\u0259tl\u0259rinin art\u0131r\u0131lmas\u0131n\u0131 t\u0259klif edib.<\/strong><\/p>\n\n\n\n<p>Bel\u0259 t\u0259klifl\u0259 deputat\u00a0 Elnur Allahverdiyev parlamentd\u0259 b\u00fcdc\u0259 m\u00fczakir\u0259l\u0259ri zaman\u0131 \u00e7\u0131x\u0131\u015f edib. Onun s\u00f6zl\u0259rin\u0259 g\u00f6r\u0259, \u015f\u0259hid ail\u0259l\u0259ri v\u0259 qazil\u0259rl\u0259 ba\u011fl\u0131 sosial m\u00fcavin\u0259t art\u0131r\u0131lsa da,\u00a0m\u00fcharib\u0259 i\u015ftirak\u00e7\u0131lar\u0131n\u0131n m\u00fcavin\u0259ti art\u0131r\u0131lmay\u0131b.<\/p>\n\n\n\n<p>&#171;Birinci Qaraba\u011f v\u0259 \u0130kinci Qaraba\u011f m\u00fcharib\u0259 i\u015ftirak\u00e7\u0131lar\u0131na veril\u0259n m\u00fcavin\u0259t az oldu\u011fundan art\u0131r\u0131lmas\u0131n\u0131 t\u0259klif edir\u0259m. Hesab edir\u0259m ki,&nbsp;bunun \u00fc\u00e7\u00fcn imkanlar m\u00f6vcuddur v\u0259 h\u00f6kum\u0259t bunu n\u0259z\u0259r\u0259 alsa, yax\u015f\u0131 olar&#187;- deputat qeyd edib.<\/p>\n\n\n\n<p>O, eyni zamanda qazi v\u0259 m\u00fcharib\u0259 i\u015ftirak\u00e7\u0131lar\u0131 il\u0259 ba\u011fl\u0131 \u0259lillik d\u0259r\u0259c\u0259sind\u0259 \u00fczl\u0259\u015fil\u0259n probleml\u0259rin aradan qald\u0131r\u0131lmas\u0131n\u0131 t\u0259klif edib.<\/p>\n","protected":false},"excerpt":{"rendered":"<p>Deputat Qaraba\u011f m\u00fcharib\u0259 i\u015ftirak\u00e7\u0131lar\u0131n\u0131n m\u00fcavin\u0259tl\u0259rinin art\u0131r\u0131lmas\u0131n\u0131 t\u0259klif edib. Bel\u0259 t\u0259klifl\u0259 deputat\u00a0 Elnur Allahverdiyev parlamentd\u0259 b\u00fcdc\u0259 m\u00fczakir\u0259l\u0259ri zaman\u0131 \u00e7\u0131x\u0131\u015f edib. Onun s\u00f6zl\u0259rin\u0259 g\u00f6r\u0259, \u015f\u0259hid ail\u0259l\u0259ri<\/p>\n","protected":false},"author":2,"featured_media":54176,"comment_status":"closed","ping_status":"closed","sticky":false,"template":"","format":"standard","meta":{"footnotes":""},"categories":[5],"tags":[],"class_list":["post-54175","post","type-post","status-publish","format-standard","has-post-thumbnail","hentry","category-veteran"],"aioseo_notices":[],"_links":{"self":[{"href":"https:\/\/fedai.az\/index.php?rest_route=\/wp\/v2\/posts\/54175","targetHints":{"allow":["GET"]}}],"collection":[{"href":"https:\/\/fedai.az\/index.php?rest_route=\/wp\/v2\/posts"}],"about":[{"href":"https:\/\/fedai.az\/index.php?rest_route=\/wp\/v2\/types\/post"}],"author":[{"embeddable":true,"href":"https:\/\/fedai.az\/index.php?rest_route=\/wp\/v2\/users\/2"}],"replies":[{"embeddable":true,"href":"https:\/\/fedai.az\/index.php?rest_route=%2Fwp%2Fv2%2Fcomments&post=54175"}],"version-history":[{"count":1,"href":"https:\/\/fedai.az\/index.php?rest_route=\/wp\/v2\/posts\/54175\/revisions"}],"predecessor-version":[{"id":54177,"href":"https:\/\/fedai.az\/index.php?rest_route=\/wp\/v2\/posts\/54175\/revisions\/54177"}],"wp:featuredmedia":[{"embeddable":true,"href":"https:\/\/fedai.az\/index.php?rest_route=\/wp\/v2\/media\/54176"}],"wp:attachment":[{"href":"https:\/\/fedai.az\/index.php?rest_route=%2Fwp%2Fv2%2Fmedia&parent=54175"}],"wp:term":[{"taxonomy":"category","embeddable":true,"href":"https:\/\/fedai.az\/index.php?rest_route=%2Fwp%2Fv2%2Fcategories&post=54175"},{"taxonomy":"post_tag","embeddable":true,"href":"https:\/\/fedai.az\/index.php?rest_route=%2Fwp%2Fv2%2Ftags&post=54175"}],"curies":[{"name":"wp","href":"https:\/\/api.w.org\/{rel}","templated":true}]}}